{"id":335405,"date":"2025-08-22T04:40:24","date_gmt":"2025-08-22T04:40:24","guid":{"rendered":"https:\/\/www.europesays.com\/fr\/335405\/"},"modified":"2025-08-22T04:40:24","modified_gmt":"2025-08-22T04:40:24","slug":"tas-grandi-dans-les-annees-2000-si-tu-reconnais-ces-5-tubes-grace-a-une-image-du-clip","status":"publish","type":"post","link":"https:\/\/www.europesays.com\/fr\/335405\/","title":{"rendered":"t&rsquo;as grandi dans les ann\u00e9es 2000 si tu reconnais ces 5 tubes gr\u00e2ce \u00e0 une image du clip"},"content":{"rendered":"<p><p><a href=\"https:\/\/www.serieously.com\" rel=\"nofollow noopener\" target=\"_blank\">Accueil<\/a> &gt; <a href=\"https:\/\/www.serieously.com\/quiz\/\" rel=\"nofollow noopener\" target=\"_blank\">Quiz<\/a> &gt; Quiz : t\u2019as grandi dans les ann\u00e9es 2000 si tu reconnais ces 5 tubes gr\u00e2ce \u00e0 une image du clip<\/p>\n<\/p>\n<p class=\"o-article__published-by o-article__bullets\">\n            Publi\u00e9 le<br \/>\n                        21 ao\u00fbt 2025 \u00e0 19 h 20<\/p>\n<p>             Par<br \/>\n                <a href=\"https:\/\/www.serieously.com\/author\/alexia-malige\/\" rel=\"nofollow noopener\" target=\"_blank\">Alexia<br \/>\n                    Malige<\/a><\/p>\n<p><strong>Dans les ann\u00e9es 2000, tu adorais regarder les clips qui passaient \u00e0 la t\u00e9l\u00e9vision ? Alors teste tes souvenirs avec ce quiz en essayant d\u2019identifier 5 chansons gr\u00e2ce \u00e0 une image de leur vid\u00e9o. A toi de jouer !<\/strong><\/p>\n<p>A quelle chanson des ann\u00e9es 2000 cette image de clip vient-elle ?<\/p>\n<p>\t\t\t\t\t<img decoding=\"async\" src=\"https:\/\/www.europesays.com\/fr\/wp-content\/uploads\/2025\/08\/image-du-clip-because-of-you.jpg\" alt=\"\u00a9 19 Recordings, BMG, RCA, S Records\" width=\"400\" height=\"225\" loading=\"lazy\" style=\"aspect-ratio: 16\/9; object-fit: cover;\"\/><\/p>\n<p>\u00a9 19 Recordings, BMG, RCA, S Records<\/p>\n<p>Il fallait reconna\u00eetre le clip de la chanson Because of You de Kelly Clarkson, sorti en 2004.<\/p>\n<p>A quelle chanson des ann\u00e9es 2000 cette image de clip vient-elle ?<\/p>\n<p>\t\t\t\t\t<img decoding=\"async\" src=\"https:\/\/www.europesays.com\/fr\/wp-content\/uploads\/2025\/08\/image-du-clip-im-outta-love.jpg\" alt=\"\u00a9 Daylight, Epic, Sony Music\" width=\"400\" height=\"225\" loading=\"lazy\" style=\"aspect-ratio: 16\/9; object-fit: cover;\"\/><\/p>\n<p>\u00a9 Daylight, Epic, Sony Music<\/p>\n<p>Il s\u2019agit du clip du morceau I\u2019m Outta Love de la chanteuse Anastacia.<\/p>\n<p>A quelle chanson des ann\u00e9es 2000 cette image de clip vient-elle ?<\/p>\n<p>\t\t\t\t\t<img decoding=\"async\" src=\"https:\/\/www.europesays.com\/fr\/wp-content\/uploads\/2025\/08\/image-clip-apologize.jpg\" alt=\"\u00a9 Interscope\" width=\"400\" height=\"225\" loading=\"lazy\" style=\"aspect-ratio: 16\/9; object-fit: cover;\"\/><\/p>\n<p>\u00a9 Interscope<\/p>\n<p>La bonne r\u00e9ponse \u00e9tait Apologize du groupe One Republic avec Timbaland.<\/p>\n<p>A quelle chanson des ann\u00e9es 2000 cette image de clip vient-elle ?<\/p>\n<p>\t\t\t\t\t<img decoding=\"async\" src=\"https:\/\/www.europesays.com\/fr\/wp-content\/uploads\/2025\/08\/numb-clip.jpg\" alt=\"\u00a9 Warner Bros Records\" width=\"400\" height=\"225\" loading=\"lazy\" style=\"aspect-ratio: 16\/9; object-fit: cover;\"\/><\/p>\n<p>\u00a9 Warner Bros Records<\/p>\n<p>Il fallait reconna\u00eetre le clip de Numb de Linkin Park.<\/p>\n<p>A quelle chanson des ann\u00e9es 2000 cette image de clip vient-elle ?<\/p>\n<p>\t\t\t\t\t<img decoding=\"async\" src=\"https:\/\/www.europesays.com\/fr\/wp-content\/uploads\/2025\/08\/image-clip-a-fleur-de-toi.jpg\" alt=\"\u00a9 Motown France \/ Universal\" width=\"400\" height=\"225\" loading=\"lazy\" style=\"aspect-ratio: 16\/9; object-fit: cover;\"\/><\/p>\n<p>\u00a9 Motown France \/ Universal<\/p>\n<p>Il s\u2019agit du clip de la chanson A Fleur de Toi de Vitaa.<\/p>\n<p class=\"o-quiz__result-title\">F\u00e9licitations !<\/p>\n<p class=\"o-quiz__result-subtitle\">Tu as obtenu un score de [[ score ]]\/[[ questions ]]<\/p>\n<p>\t\t\t\t\t\t\t\t\t<img decoding=\"async\" src=\"https:\/\/www.europesays.com\/fr\/wp-content\/uploads\/2025\/04\/bravo-resultat.jpg\" alt=\"F\u00e9licitations !\" width=\"768\" height=\"432\" loading=\"lazy\"\/><\/p>\n<p>Les ann\u00e9es 2000 te manquent, non ? A cette \u00e9poque, tu adorais regarder les clips sur les cha\u00eenes musicales et n\u2019en as absolument rien oubli\u00e9 ! Rien que d\u2019y penser, \u00e7a te met du baume au coeur\u2026<\/p>\n<p>\u00a0<\/p>\n<p>Reste dans la nostalgie avec d\u2019autres quiz sur <a href=\"https:\/\/www.serieously.com\/tag\/annees-2000\/\" target=\"_blank\" rel=\"noopener nofollow\" aria-label=\"\">les ann\u00e9es 2000<\/a> !<\/p>\n<p class=\"o-quiz__result-title\">Bien jou\u00e9 !<\/p>\n<p class=\"o-quiz__result-subtitle\">Tu as obtenu un score de [[ score ]]\/[[ questions ]]<\/p>\n<p>\t\t\t\t\t\t\t\t\t<img decoding=\"async\" src=\"https:\/\/www.europesays.com\/fr\/wp-content\/uploads\/2025\/04\/bien-resultat.jpg\" alt=\"Bien jou\u00e9 !\" width=\"768\" height=\"432\" loading=\"lazy\"\/><\/p>\n<p>C\u2019est pas mal ! Tu as visiblement gard\u00e9 de bons souvenirs de cette \u00e9poque-l\u00e0. Tu aimais beaucoup regarder les clips qui passaient \u00e0 la t\u00e9l\u00e9, et c\u2019est pourquoi tu as r\u00e9ussi \u00e0 reconna\u00eetre la plupart de ces images. Tu peux \u00eatre fier de toi !<\/p>\n<p>\u00a0<\/p>\n<p>Reste dans la nostalgie avec d\u2019autres quiz sur <a href=\"https:\/\/www.serieously.com\/tag\/annees-2000\/\" target=\"_blank\" rel=\"noopener nofollow\" aria-label=\"\">les ann\u00e9es 2000<\/a> !<\/p>\n<p>\u00a0<\/p>\n<p class=\"o-quiz__result-title\">Nul !<\/p>\n<p class=\"o-quiz__result-subtitle\">Tu as obtenu un score de [[ score ]]\/[[ questions ]]<\/p>\n<p>\t\t\t\t\t\t\t\t\t<img decoding=\"async\" src=\"https:\/\/www.europesays.com\/fr\/wp-content\/uploads\/2025\/04\/rate-nul-resultat.jpg\" alt=\"Nul !\" width=\"768\" height=\"432\" loading=\"lazy\"\/><\/p>\n<p>A\u00efe. Apr\u00e8s toutes ces ann\u00e9es, il semblerait que tu aies compl\u00e8tement oubli\u00e9 ces clips, pourtant iconiques. Il serait donc grand temps de t\u2019organiser une soir\u00e9e ann\u00e9es 2000 pour replonger dans l\u2019ambiance de l\u2019\u00e9poque !<\/p>\n<p>\u00a0<\/p>\n<p>Reste dans la nostalgie avec d\u2019autres quiz sur <a href=\"https:\/\/www.serieously.com\/tag\/annees-2000\/\" target=\"_blank\" rel=\"noopener nofollow\" aria-label=\"\">les ann\u00e9es 2000<\/a> !<\/p>\n<p>\t\tRecommencer le quiz<\/p>\n<p>\t\t\t<img decoding=\"async\" src=\"https:\/\/www.europesays.com\/fr\/wp-content\/uploads\/2025\/08\/1755837624_752_alexia.png\" alt=\"Alexia Malige\" width=\"70\" height=\"70\" loading=\"lazy\"\/><\/p>\n<p class=\"m-user__name\">Alexia Malige<\/p>\n<p class=\"m-user__job\">Journaliste &#8211; Secr\u00e9taire de r\u00e9daction<\/p>\n<p>\n\t\t\t\t\t\t\t\t\t\t\t\t\t\t\tContacter<br \/>\n\t\t\t\t\t\tAlexia\n\t\t\t\t\t\t\t\t\t<\/p>\n<p>Lundi&rsquo;spensable<\/p>\n<p class=\"mt-4 mb-4 text-xl text-center\">Le meilleur de <\/p>\n<p> dans ta boite mail<\/p>\n","protected":false},"excerpt":{"rendered":"Accueil &gt; Quiz &gt; Quiz : t\u2019as grandi dans les ann\u00e9es 2000 si tu reconnais ces 5 tubes&hellip;\n","protected":false},"author":2,"featured_media":335406,"comment_status":"","ping_status":"","sticky":false,"template":"","format":"standard","meta":{"footnotes":""},"categories":[1355],"tags":[58,59,1011,27,1361,873],"class_list":{"0":"post-335405","1":"post","2":"type-post","3":"status-publish","4":"format-standard","5":"has-post-thumbnail","7":"category-musique","8":"tag-divertissement","9":"tag-entertainment","10":"tag-fr","11":"tag-france","12":"tag-music","13":"tag-musique"},"share_on_mastodon":{"url":"https:\/\/pubeurope.com\/@fr\/115070581405332033","error":""},"_links":{"self":[{"href":"https:\/\/www.europesays.com\/fr\/wp-json\/wp\/v2\/posts\/335405","targetHints":{"allow":["GET"]}}],"collection":[{"href":"https:\/\/www.europesays.com\/fr\/wp-json\/wp\/v2\/posts"}],"about":[{"href":"https:\/\/www.europesays.com\/fr\/wp-json\/wp\/v2\/types\/post"}],"author":[{"embeddable":true,"href":"https:\/\/www.europesays.com\/fr\/wp-json\/wp\/v2\/users\/2"}],"replies":[{"embeddable":true,"href":"https:\/\/www.europesays.com\/fr\/wp-json\/wp\/v2\/comments?post=335405"}],"version-history":[{"count":0,"href":"https:\/\/www.europesays.com\/fr\/wp-json\/wp\/v2\/posts\/335405\/revisions"}],"wp:featuredmedia":[{"embeddable":true,"href":"https:\/\/www.europesays.com\/fr\/wp-json\/wp\/v2\/media\/335406"}],"wp:attachment":[{"href":"https:\/\/www.europesays.com\/fr\/wp-json\/wp\/v2\/media?parent=335405"}],"wp:term":[{"taxonomy":"category","embeddable":true,"href":"https:\/\/www.europesays.com\/fr\/wp-json\/wp\/v2\/categories?post=335405"},{"taxonomy":"post_tag","embeddable":true,"href":"https:\/\/www.europesays.com\/fr\/wp-json\/wp\/v2\/tags?post=335405"}],"curies":[{"name":"wp","href":"https:\/\/api.w.org\/{rel}","templated":true}]}}