{"id":335413,"date":"2025-08-22T04:44:12","date_gmt":"2025-08-22T04:44:12","guid":{"rendered":"https:\/\/www.europesays.com\/fr\/335413\/"},"modified":"2025-08-22T04:44:12","modified_gmt":"2025-08-22T04:44:12","slug":"mariage-dadeline-blondieau-en-camargue-elle-partage-une-photo-avec-son-mysterieux-mari-ses-amies-de-sous-le-soleil-a-ses-cotes","status":"publish","type":"post","link":"https:\/\/www.europesays.com\/fr\/335413\/","title":{"rendered":"Mariage d&rsquo;Adeline Blondieau en Camargue : elle partage une photo avec son myst\u00e9rieux mari, ses amies de Sous le soleil \u00e0 ses c\u00f4t\u00e9s"},"content":{"rendered":"<p>            <img loading=\"lazy\" decoding=\"async\" src=\"https:\/\/www.europesays.com\/fr\/wp-content\/uploads\/2025\/04\/4-656d937be89b8-35x35-1.jpg\" class=\"author-article-picture\" width=\"35\" height=\"35\"\/><\/p>\n<p>                Par<br \/>\n                                    <a class=\"author-article-bio-link\" href=\"https:\/\/www.purepeople.com\/auteur\/olivia-maunoury_a4\" rel=\"nofollow noopener\" target=\"_blank\">Olivia Maunoury<\/a><br \/>\n                                                    | R\u00e9dactrice en chef<\/p>\n<p>\n                Apr\u00e8s des \u00e9tudes de sciences politiques et une \u00e9cole de journalisme, le people s&rsquo;est invit\u00e9 dans son quotidien. Comment, pourquoi ? Elle ne le sait toujours pas vraiment&#8230; Mais une chose est s\u00fbre, suivre les p\u00e9rip\u00e9ties des stars est l&rsquo;assurance de ne jamais s&rsquo;ennuyer. Et on ne s\u2019ennuie jamais chez Purepeople !\n            <\/p>\n<p>\n    Apr\u00e8s avoir annonc\u00e9 ses fian\u00e7ailles puis son mariage \u00e0 quelques heures d&rsquo;intervalle seulement, et alors qu&rsquo;elle se trouve en voyage de noces \u00e0 Zanzibar, Adeline Blondieau a partag\u00e9 des photos de son mariage et plus exactement de la soir\u00e9e qui a pr\u00e9c\u00e9d\u00e9 son union avec un homme myst\u00e9rieux. Dans cette galerie post\u00e9e sur son compte Instagram, elle publie une photo avec son \u00e9poux&#8230;\n<\/p>\n<p>                            <img loading=\"lazy\" decoding=\"async\" class=\"player-thumbnail\" src=\"https:\/\/www.europesays.com\/fr\/wp-content\/uploads\/2025\/08\/f8eeb51ba6480dc9-580x326-2.jpg\" width=\"580\" height=\"326\"\/><\/p>\n<p>                    Mariage d&rsquo;Adeline Blondieau en Camargue : elle partage une photo avec son myst\u00e9rieux mari, ses amies de Sous le soleil \u00e0 ses c\u00f4t\u00e9s<\/p>\n<p>La suite apr\u00e8s la publicit\u00e9<\/p>\n<p>Myst\u00e8re, myst\u00e8re, mais qui est donc l&rsquo;homme qu&rsquo;<a href=\"https:\/\/www.purepeople.com\/people\/adeline-blondieau_p287\" rel=\"nofollow noopener\" target=\"_blank\">Adeline Blondieau<\/a> a \u00e9pous\u00e9 il y a quelques jours&#8230;\u00a0<\/p>\n<p>Alors qu&rsquo;<a href=\"https:\/\/www.purepeople.com\/article\/35-ans-apres-son-mariage-avec-johnny-hallyday-adeline-blondieau-va-se-remarier-son-mysterieux-compagnon-a-fait-sa-demande_a541592\/1\" rel=\"nofollow noopener\" target=\"_blank\">elle avait dans un premier temps annonc\u00e9 ses fian\u00e7ailles avec son \u00ab\u00a0ch\u00e9ri ch\u00e9ri<\/a>\u00ab\u00a0, c&rsquo;est ainsi qu&rsquo;elle surnomme l&rsquo;homme qui partage sa vie, <a href=\"https:\/\/www.purepeople.com\/article\/adeline-blondieau-est-deja-remariee-lex-femme-de-johnny-hallyday-devoile-tout-de-son-mariage-en-camargue_a541635\/1\" rel=\"nofollow noopener\" target=\"_blank\">Adeline Blondieau a r\u00e9v\u00e9l\u00e9 quelques heures plus tard lors d&rsquo;un live sur Instagram \u00eatre mari\u00e9e<\/a>. Une annonce faite depuis Zanzibar o\u00f9 elle passe son voyage de noces. Ce mariage n&rsquo;est pas son premier puisqu&rsquo;il y a trente-cinq ans, elle disait oui \u00e0 un certain<a href=\"https:\/\/www.purepeople.com\/people\/johnny-hallyday_p44\" rel=\"nofollow noopener\" target=\"_blank\"> Johnny Hallyday<\/a> dont elle a finalement divorc\u00e9 une premi\u00e8re fois en 1992 et une seconde fois en 1995.<\/p>\n<p>Soir\u00e9e d&rsquo;avant mariage dans un domaine en Camargue pour Adeline Blondieau<\/p>\n<p>Ce jeudi 21 ao\u00fbt 2025, l&rsquo;actrice que les t\u00e9l\u00e9spectateurs ont tant suivi dans Sous le soleil et qui se consid\u00e8re \u00e0 pr\u00e9sent comme une artiste \u00e9clectique en a partag\u00e9 un peu plus sur son mariage. Suivie par plus de 200 000 abonn\u00e9s sur Instagram, Adeline Blondieau a publi\u00e9 <strong>plusieurs photos de la soir\u00e9e d&rsquo;avant mariage<\/strong>. Et parmi les images partag\u00e9es, l&rsquo;ex star de t\u00e9l\u00e9 devenue sophrologue avec son amoureux dont le visage est volontairement tronqu\u00e9 pour pr\u00e9senter son anonymat. Adeline Blondieau appara\u00eet lov\u00e9e dans ses bras, habill\u00e9e d&rsquo;une robe d\u00e9collet\u00e9e \u00e0 fines bretelles et affichant un grand sourire.\u00a0<\/p>\n<p>Dans cette s\u00e9rie de photos figurent \u00e9galement <a href=\"https:\/\/www.purepeople.com\/people\/tonya-kinzinger_p1911\" rel=\"nofollow noopener\" target=\"_blank\">Tonya Kinzinger<\/a> et <a href=\"https:\/\/www.purepeople.com\/people\/benedicte-delmas_p1687\" rel=\"nofollow noopener\" target=\"_blank\">B\u00e9n\u00e9dicte Delmas<\/a>, ses amies de Sous le soleil, la famille d&rsquo;Adeline Blondieau dont ses parents et <a href=\"https:\/\/www.purepeople.com\/article\/interview-exclu-adeline-blondieau-son-fils-aitor-la-defend-ma-mere-ne-se-resume-pas-a-un-mariage-vieux-de-plus-de-trente-ans_a534122\/1\" rel=\"nofollow noopener\" target=\"_blank\">son fils A\u00eftor<\/a>. Cette soir\u00e9e festive s&rsquo;est d\u00e9roul\u00e9e au domaine Le Sauvage situ\u00e9 en Camargue, r\u00e9gion o\u00f9 elle habitue. \u00ab\u00a0<strong>J-1, une soir\u00e9e d\u00e9tendue pour accueillir famille et amis. Karaok\u00e9 live, mon p\u00e8re \u00e0 la guitare. Des vid\u00e9os des chanteurs suivront sans doute. Merci \u00e0 tous d\u2019\u00eatre venus de partout! M\u00eame de Chine! Merci pour les sourires, la joie, la l\u00e9g\u00e8ret\u00e9 et tout cet amour. Morceau choisis au @domainelesauvage_<\/strong>\u00ab\u00a0, a \u00e9crit Adeline Blondieau en l\u00e9gende. \u00ab\u00a0Tu \u00e9tais sublime mon kanard ! Tellement heureuse de partager ces moments avec toi\u00a0\u00bb, a comment\u00e9 B\u00e9n\u00e9dicte Delmas dans la section r\u00e9serv\u00e9e aux commentaires.<\/p>\n<p>Le mariage d&rsquo;Adeline Blondieau s&rsquo;est d\u00e9roul\u00e9e le 16 ao\u00fbt dernier sur ce m\u00eame domaine Le Sauvage, vaste lieu \u00e9v\u00e9nementiel de 2000 hectares qui respecte le biotope unique de la r\u00e9gion. Le mariage a \u00e9t\u00e9 or\u00e9ganis\u00e9 en quelques mois et rassemblait 80 invit\u00e9s. Ses deux enfants (A\u00eftor, 26 ans, et Wilona, bient\u00f4t 14 ans), ceux de son mari, ainsi que son p\u00e8re Christian Blondieau, chanteur et parolier sous le pseudonyme de Long Chris, et son fr\u00e8re Alexandre, avocat n\u00e9 en 1977, \u00e9taient tous pr\u00e9sents. Pour ce grand jour, Adeline Blondieau portait une robe faite par Sandrine Godin et dessin\u00e9e par une amie.\u00a0<\/p>\n<p>Un jour qu&rsquo;elle n&rsquo;oubliera jamais !<\/p>\n<p>\u00a0<\/p>\n","protected":false},"excerpt":{"rendered":"Par Olivia Maunoury | R\u00e9dactrice en chef Apr\u00e8s des \u00e9tudes de sciences politiques et une \u00e9cole de journalisme,&hellip;\n","protected":false},"author":2,"featured_media":335414,"comment_status":"","ping_status":"","sticky":false,"template":"","format":"standard","meta":{"footnotes":""},"categories":[8],"tags":[58,59,1011,27],"class_list":{"0":"post-335413","1":"post","2":"type-post","3":"status-publish","4":"format-standard","5":"has-post-thumbnail","7":"category-divertissement","8":"tag-divertissement","9":"tag-entertainment","10":"tag-fr","11":"tag-france"},"share_on_mastodon":{"url":"https:\/\/pubeurope.com\/@fr\/115070596866399576","error":""},"_links":{"self":[{"href":"https:\/\/www.europesays.com\/fr\/wp-json\/wp\/v2\/posts\/335413","targetHints":{"allow":["GET"]}}],"collection":[{"href":"https:\/\/www.europesays.com\/fr\/wp-json\/wp\/v2\/posts"}],"about":[{"href":"https:\/\/www.europesays.com\/fr\/wp-json\/wp\/v2\/types\/post"}],"author":[{"embeddable":true,"href":"https:\/\/www.europesays.com\/fr\/wp-json\/wp\/v2\/users\/2"}],"replies":[{"embeddable":true,"href":"https:\/\/www.europesays.com\/fr\/wp-json\/wp\/v2\/comments?post=335413"}],"version-history":[{"count":0,"href":"https:\/\/www.europesays.com\/fr\/wp-json\/wp\/v2\/posts\/335413\/revisions"}],"wp:featuredmedia":[{"embeddable":true,"href":"https:\/\/www.europesays.com\/fr\/wp-json\/wp\/v2\/media\/335414"}],"wp:attachment":[{"href":"https:\/\/www.europesays.com\/fr\/wp-json\/wp\/v2\/media?parent=335413"}],"wp:term":[{"taxonomy":"category","embeddable":true,"href":"https:\/\/www.europesays.com\/fr\/wp-json\/wp\/v2\/categories?post=335413"},{"taxonomy":"post_tag","embeddable":true,"href":"https:\/\/www.europesays.com\/fr\/wp-json\/wp\/v2\/tags?post=335413"}],"curies":[{"name":"wp","href":"https:\/\/api.w.org\/{rel}","templated":true}]}}