{"id":335415,"date":"2025-08-22T04:45:12","date_gmt":"2025-08-22T04:45:12","guid":{"rendered":"https:\/\/www.europesays.com\/fr\/335415\/"},"modified":"2025-08-22T04:45:12","modified_gmt":"2025-08-22T04:45:12","slug":"pour-mark-zuckerberg-lavenir-appartient-aux-personnes-portant-ces-objets-connectes","status":"publish","type":"post","link":"https:\/\/www.europesays.com\/fr\/335415\/","title":{"rendered":"Pour Mark Zuckerberg, l&rsquo;avenir appartient aux personnes portant ces objets connect\u00e9s !"},"content":{"rendered":"<p><strong>Selon le patron de Meta (Facevook), les lunettes<br \/>\nconnect\u00e9es seront un outil indispensable pour ne pas \u00eatre<br \/>\nd\u00e9savantag\u00e9 \u00e0 l\u2019avenir. S\u2019agit t-il d\u2019un simple coup de<br \/>\ncommunication ? Peut-\u00eatre. Reste que le march\u00e9 des lunettes<br \/>\nconnect\u00e9es devrait bient\u00f4t devenir de plus en plus lucratif et<br \/>\nconcurrentiel.<\/strong><\/p>\n<p>Les Ray-Ban Meta sur le devant de la sc\u00e8ne<\/p>\n<p>En 2018, nous posions la question suivante : <a href=\"https:\/\/sciencepost.fr\/lunetiers-jurent-montures-connectees\/\" target=\"_blank\" rel=\"noopener nofollow\">Les montures connect\u00e9es feront-elles<br \/>\nbient\u00f4t partie de notre quotidien ?<\/a> Divers projets de niche<br \/>\n\u00e9taient d\u00e9j\u00e0 en cours \u00e0 l\u2019\u00e9poque, des lunettes connect\u00e9es pour le<br \/>\nmonde du sport, dans le secteur de la sant\u00e9 ou encore, \u00e0<br \/>\ndestination des personnes \u00e2g\u00e9es. N\u00e9anmoins, cette \u00e9poque fut<br \/>\nsurtout <strong>celle de l\u2019\u00e9chec retentissant des Google<br \/>\nGlass<\/strong>. Malgr\u00e9 cela, certains fabricants de lunettes et<br \/>\ng\u00e9ants de la tech ont toujours pens\u00e9 que les montures connect\u00e9es<br \/>\npour le grand public faisaient partie de l\u2019avenir, sans pour autant<br \/>\navoir une id\u00e9e pr\u00e9cise de leur succ\u00e8s \u00e9conomique.<\/p>\n<p>Aujourd\u2019hui, ces derni\u00e8res rencontrent un certain succ\u00e8s,<br \/>\n<strong>avec la sortie de la gamme Ray-Ban Meta en fin d\u2019ann\u00e9e<br \/>\n2023<\/strong>. Or, presque deux ans apr\u00e8s cette sortie, les ventes<br \/>\ns\u2019am\u00e9liorent et l\u2019utilisation de l\u2019IA que les lunettes proposent<br \/>\nest \u00e9galement en hausse.<\/p>\n<p><img loading=\"lazy\" data-lazyloaded=\"1\" decoding=\"async\" class=\"size-full wp-image-314241\" src=\"https:\/\/www.europesays.com\/fr\/wp-content\/uploads\/2025\/08\/Ray-Ban-lunettes-IA-scaled-e1754192544940.jpg\" alt=\"Ray-Ban lunettes IA\" width=\"2048\" height=\"1328\"  data-\/><br \/>\nCr\u00e9dits : cavebear42 \/ Wikimedia CommonsLa superintelligence personnelle<\/p>\n<p>Dans <a href=\"https:\/\/www.meta.com\/superintelligence\/\" target=\"_blank\" rel=\"noopener nofollow\">un billet de blog<\/a> publi\u00e9 le 30 juillet<br \/>\n2025, Mark Zuckerberg a partag\u00e9 son oignon sur un sujet particulier<br \/>\n: la \u00ab\u00a0superintelligence personnelle\u00a0\u00bb. L\u2019int\u00e9ress\u00e9 pense<br \/>\nque les lunettes connect\u00e9es seront <strong>l\u2019appareil id\u00e9al pour<br \/>\ninteragir avec l\u2019intelligence artificielle<\/strong>. \u00c9quip\u00e9es de<br \/>\ncam\u00e9ras et de microphones, ces derni\u00e8res sont aux premi\u00e8res loges<br \/>\net peuvent donc apporter une meilleure assistance.<\/p>\n<p>\u00ab\u00a0Des appareils personnels, comme des lunettes, qui<br \/>\ncomprennent notre environnement car ils peuvent voir ce que nous<br \/>\nvoyons, entendre ce que nous entendons et interagir avec nous tout<br \/>\nau long de la journ\u00e9e, deviendront nos principaux appareils<br \/>\ninformatiques.\u00a0\u00bb, peut-on lire dans le billet de<br \/>\nblog.<\/p>\n<p>Le concept de superintelligence personnelle d\u00e9crit un<br \/>\n<strong>assistant surpuissant et totalement personnalis\u00e9<\/strong>.<br \/>\nIl s\u2019agit donc d\u2019un appareil boost\u00e9 \u00e0 l\u2019IA capable de suivre<br \/>\nl\u2019utilisateur dans chacun de ses gestes, d\u00e9placements etc. Mark<br \/>\nZuckerberg a d\u00e9sign\u00e9 les lunettes connect\u00e9es comme \u00e9tant l\u2019appareil<br \/>\nle plus adapt\u00e9 pour incarner cette superintelligence personnelle.<br \/>\nOr, le patron de Meta semble penser que dans un futur plus ou moins<br \/>\nproche, toute personne ne disposant pas d\u2019un tel dispositif<br \/>\n<strong>se verrait d\u00e9savantag\u00e9 sur le plan cognitif.<\/strong><\/p>\n<p>Un simple coup de com\u2019 ?<\/p>\n<p>S\u2019agit t-il d\u2019une simple op\u00e9ration de communication ? Difficile<br \/>\nde ne pas le penser. En effet, le billet de blog de Mark Zuckerberg<br \/>\nparle de \u00ab\u00a0mettre la superintelligence personnelle \u00e0 la<br \/>\nport\u00e9e de tous\u00a0\u00bb. Autrement dit, il est<br \/>\n<strong>potentiellement question d\u2019\u00e9quiper tout le monde<\/strong>.<br \/>\nDe plus, l\u2019int\u00e9ress\u00e9 n\u2019h\u00e9site pas \u00e0 d\u00e9monter ses concurrents :<\/p>\n<p>\u00ab\u00a0Nous croyons qu\u2019il faut mettre ce pouvoir entre les<br \/>\nmains de chacun pour qu\u2019il l\u2019utilise au service de ce qui compte<br \/>\npour lui dans sa vie. Ceci se distingue des autres acteurs du<br \/>\nsecteur qui estiment que la superintelligence devrait \u00eatre ax\u00e9e sur<br \/>\nl\u2019automatisation de tout travail utile, et que l\u2019humanit\u00e9 vivrait<br \/>\nalors au d\u00e9triment de sa production. Chez Meta, nous pensons que la<br \/>\npoursuite de ses aspirations individuelles est la cl\u00e9 de nos<br \/>\nprogr\u00e8s, notamment en mati\u00e8re de prosp\u00e9rit\u00e9, de science, de sant\u00e9<br \/>\net de culture. Cet aspect sera de plus en plus important \u00e0<br \/>\nl\u2019avenir.\u00a0\u00bb<\/p>\n<p>Parmi ces concurrents, nous retrouvons l\u2019in\u00e9vitable Google, avec<br \/>\n<strong>sa nouvelle plateforme Android XR int\u00e9grant l\u2019IA<br \/>\nGemini<\/strong>, \u00e0 destination des casques de r\u00e9alit\u00e9 mixte et<br \/>\nlunettes connect\u00e9e. De plus, si Meta s\u2019est associ\u00e9 \u00e0 Ray-Ban,<br \/>\nGoogle a investi dans Warby Parker, un autre g\u00e9ant de la<br \/>\nlunetterie.<\/p>\n","protected":false},"excerpt":{"rendered":"Selon le patron de Meta (Facevook), les lunettes connect\u00e9es seront un outil indispensable pour ne pas \u00eatre d\u00e9savantag\u00e9&hellip;\n","protected":false},"author":2,"featured_media":335416,"comment_status":"","ping_status":"","sticky":false,"template":"","format":"standard","meta":{"footnotes":""},"categories":[7],"tags":[1011,27,43,40,41,39,42,44],"class_list":{"0":"post-335415","1":"post","2":"type-post","3":"status-publish","4":"format-standard","5":"has-post-thumbnail","7":"category-sciences-et-technologies","8":"tag-fr","9":"tag-france","10":"tag-science","11":"tag-science-and-technology","12":"tag-sciences","13":"tag-sciences-et-technologies","14":"tag-technologies","15":"tag-technology"},"share_on_mastodon":{"url":"https:\/\/pubeurope.com\/@fr\/115070600709182599","error":""},"_links":{"self":[{"href":"https:\/\/www.europesays.com\/fr\/wp-json\/wp\/v2\/posts\/335415","targetHints":{"allow":["GET"]}}],"collection":[{"href":"https:\/\/www.europesays.com\/fr\/wp-json\/wp\/v2\/posts"}],"about":[{"href":"https:\/\/www.europesays.com\/fr\/wp-json\/wp\/v2\/types\/post"}],"author":[{"embeddable":true,"href":"https:\/\/www.europesays.com\/fr\/wp-json\/wp\/v2\/users\/2"}],"replies":[{"embeddable":true,"href":"https:\/\/www.europesays.com\/fr\/wp-json\/wp\/v2\/comments?post=335415"}],"version-history":[{"count":0,"href":"https:\/\/www.europesays.com\/fr\/wp-json\/wp\/v2\/posts\/335415\/revisions"}],"wp:featuredmedia":[{"embeddable":true,"href":"https:\/\/www.europesays.com\/fr\/wp-json\/wp\/v2\/media\/335416"}],"wp:attachment":[{"href":"https:\/\/www.europesays.com\/fr\/wp-json\/wp\/v2\/media?parent=335415"}],"wp:term":[{"taxonomy":"category","embeddable":true,"href":"https:\/\/www.europesays.com\/fr\/wp-json\/wp\/v2\/categories?post=335415"},{"taxonomy":"post_tag","embeddable":true,"href":"https:\/\/www.europesays.com\/fr\/wp-json\/wp\/v2\/tags?post=335415"}],"curies":[{"name":"wp","href":"https:\/\/api.w.org\/{rel}","templated":true}]}}