{"id":335419,"date":"2025-08-22T04:47:12","date_gmt":"2025-08-22T04:47:12","guid":{"rendered":"https:\/\/www.europesays.com\/fr\/335419\/"},"modified":"2025-08-22T04:47:12","modified_gmt":"2025-08-22T04:47:12","slug":"mort-de-frank-caprio-le-juge-le-plus-gentil-du-monde-au-milliard-de-vues-sur-internet-ouest-france","status":"publish","type":"post","link":"https:\/\/www.europesays.com\/fr\/335419\/","title":{"rendered":"Mort de Frank Caprio, \u00ab le juge le plus gentil du monde \u00bb au milliard de vues sur Internet &#8211; Ouest-France"},"content":{"rendered":"<ol>\n<li><a href=\"https:\/\/news.google.com\/rss\/articles\/CBMi-wFBVV95cUxNWXltMVpBSWp4VmpqRGdQcUVhUDlTaUNPTE5mVWVZR3gwckFsNVVUM1hKQU43cHVSUnRQSHBmb1gxc1dZY1N1YTcwZ0QxZTdXcU9rc09WQXRsQ0t5LXhzR1dTekNBZk9jREI2Sm1ZS3Yzb1Z2bTA1ZnZjMFZnczVwQ0VlRFhUYktfNkM1OHZRZkFhcFJUYlNOcENFQks2ZGhId1dsR2pKeVBybWRocGk2NVlsNHN1eVlXX2F4MHJhMWs4WGJJNWJNbnNES2N2bGxEMzVjSkNLbmY2M2p2TU4wcHZ0aU1SOGIyQm9CRUMwZGpfRkRtQWtRUl9COA?oc=5\" target=\"_blank\" rel=\"nofollow noopener\">Mort de Frank Caprio, \u00ab le juge le plus gentil du monde \u00bb au milliard de vues sur Internet<\/a>&nbsp;&nbsp;Ouest-France<\/li>\n<li><a href=\"https:\/\/news.google.com\/rss\/articles\/CBMi9gFBVV95cUxQaVZQVUhYMWdsVGpSVEltNHdXb3Q0TEgybWxxUnNYWjRLWXNJUURGY1BnR1RieVlRVV9IRDJ1bGtSNlVNUlFNNGxRck5rcGZ1QV9TREE5TC11RFo2bEdYX2FGWkUtRENzTHRSWVdLbzNCYW5yOC1VOWhmLUVnY2RhN2t0NkV1VXViei1jbWNxOUhGUWhsTURSNm5JWTRHZTlURENOdm4zWVJ4QUtTWk83X0wzQkRfbUxkMWE3dUZ4U1cwX1lrc0tkcGFVTmJCSldDY1M4aU9wM2JhemEzckw3ZjEzbWZwMlhQTGNHT3lpVC1ZR0k3YVE?oc=5\" target=\"_blank\" rel=\"nofollow noopener\">Etats-Unis : vive \u00e9motion apr\u00e8s la mort du juge et animateur de t\u00e9l\u00e9r\u00e9alit\u00e9, Frank Caprio<\/a>&nbsp;&nbsp;Lib\u00e9ration<\/li>\n<li><a href=\"https:\/\/news.google.com\/rss\/articles\/CBMisAFBVV95cUxQUTViWEMwVURGc1FtQ1pOV1FVa1IwTm1sb2lKbkxGbWVnMktUZXo3V21UTEY0Z0J2VHNOX21paFZNQWp1VFQ4OFRXbnQwM0drX29qMks5aExvaTBvbFNvX0syTEEwd0oxV0loTUhKTVd3SjlnTEU3ZkRWbnhDZ2FTNWdBMEV3T3o3cUNyemtxMzR4SUctLXk5Z29ZcUxxS2ZBbS05dE02QzJGR3lweERqdg?oc=5\" target=\"_blank\" rel=\"nofollow noopener\">Franck Caprio, le juge r\u00e9put\u00e9 pour \u00eatre \u00able plus gentil du monde\u00bb, est mort \u00e0 88 ans<\/a>&nbsp;&nbsp;Le Figaro<\/li>\n<li><a href=\"https:\/\/news.google.com\/rss\/articles\/CBMi1AFBVV95cUxQcktBNE9sTkRFSlVKWUZvZy1MNWdLY0p0eF95amMxQzlGSHV6TmdGX3F6ZUdIbnlpMjg3OWdpTDVMT2xKaWJJOUloN0hUVnQtWW9URWdGU01CMTItNkhXN3p6T0hjdnlKZGV0M3gtenlNem9DQzRLNzY4dlVNclR0U2tJLVJrbDJhRmhsb3RpVUhVRFNEMjhUUkY4SkY0c0YxRm9BeUJXeDFFSnc3QTRHcFlSOHNHcURzZXBtNjlaTm9jcGhnR1YycXAxQm9WMVFRcl9Uaw?oc=5\" target=\"_blank\" rel=\"nofollow noopener\">Le juge le plus aim\u00e9 d\u2019Internet est mort \u00e0 l\u2019\u00e2ge de 88 ans<\/a>&nbsp;&nbsp;20 Minutes<\/li>\n<li><a href=\"https:\/\/news.google.com\/rss\/articles\/CBMiowJBVV95cUxQRnNrNHl4YzEtNVJ4anE1SHhfa0ZZNkpUUkZ5WEpCZ2tJQTVYRW1Bd0FRYS03WmhVY1lWREFEQ1NoS1dLT1g2a25DbktoU2FNQUk5T3BZcjhTb0JDMU1ndXdMajFqM0lzR3QtWHp6bm1XSllWN0dMM1VDU3VEU3MweDZNV19NS1J4YjNtQ3RkdDlTN0hJXzRLNHpwSGllOXNGRFFfcTBKSXR5YUxmMzQ4SDBROGVVaVRnLU1FT2lxR3dGaVpEeS1CTFNNa3VZTE9sYlBCMGt6RTNNa0g1N2ZtZ2JoMXloS3NlaDBlckY1Z3ozcENBN3JnOGZ5eFVvU1NTb1pqVGFETkNZVjlMQk0tYklaTlRoSEFrb3QtWlU4ellxVEU?oc=5\" target=\"_blank\" rel=\"nofollow noopener\">Il \u00e9tait ador\u00e9 pour sa compassion \u00bb : Frank Caprio, le c\u00e9l\u00e8bre juge au milliard de vues sur les r\u00e9seaux sociaux, est mort<\/a>&nbsp;&nbsp;Le Parisien<\/li>\n<\/ol>\n","protected":false},"excerpt":{"rendered":"Mort de Frank Caprio, \u00ab le juge le plus gentil du monde \u00bb au milliard de vues sur&hellip;\n","protected":false},"author":2,"featured_media":1445,"comment_status":"","ping_status":"","sticky":false,"template":"","format":"standard","meta":{"footnotes":""},"categories":[5],"tags":[11,1011,27,14,12,28],"class_list":{"0":"post-335419","1":"post","2":"type-post","3":"status-publish","4":"format-standard","5":"has-post-thumbnail","7":"category-international","8":"tag-actualites","9":"tag-fr","10":"tag-france","11":"tag-international","12":"tag-news","13":"tag-world"},"share_on_mastodon":{"url":"https:\/\/pubeurope.com\/@fr\/115070608678487861","error":""},"_links":{"self":[{"href":"https:\/\/www.europesays.com\/fr\/wp-json\/wp\/v2\/posts\/335419","targetHints":{"allow":["GET"]}}],"collection":[{"href":"https:\/\/www.europesays.com\/fr\/wp-json\/wp\/v2\/posts"}],"about":[{"href":"https:\/\/www.europesays.com\/fr\/wp-json\/wp\/v2\/types\/post"}],"author":[{"embeddable":true,"href":"https:\/\/www.europesays.com\/fr\/wp-json\/wp\/v2\/users\/2"}],"replies":[{"embeddable":true,"href":"https:\/\/www.europesays.com\/fr\/wp-json\/wp\/v2\/comments?post=335419"}],"version-history":[{"count":0,"href":"https:\/\/www.europesays.com\/fr\/wp-json\/wp\/v2\/posts\/335419\/revisions"}],"wp:featuredmedia":[{"embeddable":true,"href":"https:\/\/www.europesays.com\/fr\/wp-json\/wp\/v2\/media\/1445"}],"wp:attachment":[{"href":"https:\/\/www.europesays.com\/fr\/wp-json\/wp\/v2\/media?parent=335419"}],"wp:term":[{"taxonomy":"category","embeddable":true,"href":"https:\/\/www.europesays.com\/fr\/wp-json\/wp\/v2\/categories?post=335419"},{"taxonomy":"post_tag","embeddable":true,"href":"https:\/\/www.europesays.com\/fr\/wp-json\/wp\/v2\/tags?post=335419"}],"curies":[{"name":"wp","href":"https:\/\/api.w.org\/{rel}","templated":true}]}}