{"id":335422,"date":"2025-08-22T04:49:16","date_gmt":"2025-08-22T04:49:16","guid":{"rendered":"https:\/\/www.europesays.com\/fr\/335422\/"},"modified":"2025-08-22T04:49:16","modified_gmt":"2025-08-22T04:49:16","slug":"barcola-aubameyang-rami-des-footballeurs-sont-intervenus-en-direct","status":"publish","type":"post","link":"https:\/\/www.europesays.com\/fr\/335422\/","title":{"rendered":"Barcola, Aubameyang, Rami&#8230; Des footballeurs sont intervenus en direct"},"content":{"rendered":"<p><strong>LE SCAN SPORT &#8211;<\/strong> Amateur de football, le streamer Jean Pormanove est d\u00e9c\u00e9d\u00e9 en direct le lundi 18 ao\u00fbt. D\u2019apr\u00e8s les informations de Lib\u00e9ration, Bradley Barcola et Pierre-Emerick Aubameyang sont notamment apparus en vid\u00e9o.<\/p>\n<p class=\"fig-paragraph\">D\u00e9c\u00e9d\u00e9 tragiquement en plein direct sur la plateforme Kick, le streamer\u00a0<a href=\"http:\/\/www.lefigaro.fr\/secteur\/high-tech\/mort-du-streamer-jean-pormanove-la-plateforme-kick-promet-de-revoir-sa-moderation-20250821\" data-fig-type=\"NewsFlash\" data-gtm-custom-categorie=\"navigation\" data-gtm-custom-action=\"crossclick\" data-gtm-custom-label=\"Contextuel\" data-gtm-event=\"customEventSPE\" data-fig-domain=\"LEFIGARO\" target=\"_blank\" rel=\"noopener\">Jean Pormanove\u00a0<\/a>(Rapha\u00ebl Graven de son vrai nom) avait accueilli plusieurs joueurs de Ligue 1 durant les 12 jours de direct. Parmi eux<a href=\"http:\/\/www.lefigaro.fr\/sports\/football\/coupe-de-france\/coupe-de-france-en-video-le-double-en-trois-minutes-de-bradley-barcola-pour-lancer-le-psg-20250524\" data-fig-type=\"NewsFlash\" data-gtm-custom-categorie=\"navigation\" data-gtm-custom-action=\"crossclick\" data-gtm-custom-label=\"Contextuel\" data-gtm-event=\"customEventSPE\" data-fig-domain=\"LEFIGARO\" target=\"_blank\" rel=\"noopener\">, Bradley Barcola (PSG)<\/a>, Pierre-Emerick Aubameyang (OM) et Adil Rami (retrait\u00e9, champion du monde 2018) avaient fait plusieurs dons. Une enqu\u00eate publi\u00e9e par le quotidien\u00a0<a href=\"https:\/\/www.liberation.fr\/checknews\/barcola-aubameyang-rami-des-footballeurs-accuses-davoir-soutenu-les-streams-violents-du-lokal-ayant-diffuse-la-mort-de-jean-pormanove-20250821_VP4F5ZGK3JFRFAX6ESA7FBNWZ4\/?redirected=1\" target=\"_blank\" rel=\"sponsored noopener\" data-gtm-custom-categorie=\"navigation\" data-gtm-custom-action=\"crossclick\" data-gtm-custom-label=\"Contextuel\" data-gtm-event=\"customEventSPE\">Lib\u00e9ration<\/a> \u00a0revient sur les faits.<\/p>\n<p class=\"fig-paragraph\">\u00abBranchez vos cerveaux parce que l\u00e0, faut finir le jeu\u00bb, avait d\u00e9clar\u00e9\u00a0<a href=\"http:\/\/www.lefigaro.fr\/sports\/football\/foot-en-grande-forme-l-om-l-emporte-face-a-aston-villa-avec-un-double-d-aubameyang-20250809\" data-fig-type=\"NewsFlash\" data-gtm-custom-categorie=\"navigation\" data-gtm-custom-action=\"crossclick\" data-gtm-custom-label=\"Contextuel\" data-gtm-event=\"customEventSPE\" data-fig-domain=\"LEFIGARO\" target=\"_blank\" rel=\"noopener\">Aubameyang\u00a0<\/a> tandis que Bradley Barcola lan\u00e7ait lui: \u00abOn est tous avec vous, on sait que vous pouvez le faire. JP et Coudoux, mettez le r\u00e9veil s\u2019il vous pla\u00eet, parce que l\u00e0&#8230; \u00c7a ne va vraiment pas.\u00bb Des vid\u00e9os diffus\u00e9es un peu plus de deux jours avant le d\u00e9c\u00e8s de \u00abJP\u00bb. Bradley Barcola avait notamment donn\u00e9 1.000 euros pour pousser les streamers \u00e0 d\u00e9passer leurs limites.<\/p>\n<p>                                    <a class=\"fig-a11y-skip a11y-hidden\" href=\"#fig-a11y-skip-main-inarticle\"><br \/>\n        Passer la publicit\u00e9<br \/>\n    <\/a><\/p>\n<p>Des conseils de boxe<\/p>\n<p class=\"fig-paragraph\">\u00abBradley comprend et partage l\u2019\u00e9motion suscit\u00e9e par le d\u00e9c\u00e8s de Rapha\u00ebl Graven,\u00a0indique l\u2019entourage de l\u2019attaquant parisien. Il a d\u2019ailleurs \u00e9t\u00e9 l\u2019un des premiers \u00e0 r\u00e9agir publiquement lorsqu\u2019il a appris le drame. Il convient de pr\u00e9ciser qu\u2019il n\u2019\u00e9tait en aucun cas pr\u00e9sent en direct ce soir-l\u00e0. La vid\u00e9o qui circule et dans laquelle il appara\u00eet avait \u00e9t\u00e9 enregistr\u00e9e plusieurs semaines auparavant (d\u00e9but ao\u00fbt).\u00bb<\/p>\n<p class=\"fig-paragraph\">Une affaire qui fait donc \u00e9norm\u00e9ment parler, alors qu\u2019Adil Rami avait lui aussi encourag\u00e9 ce contenu en 2024. \u00abLui, il est grand, il a des grands bras, il faut que tu bouges, admettait-il alors en parlant, possiblement, de Jean Pormanove. Tu t\u2019approches de lui et, d\u2019un coup, mets-lui des crochets. Il ne va pas les voir arriver. Il voit mal, il a des grosses lunettes.\u00bb<\/p>\n","protected":false},"excerpt":{"rendered":"LE SCAN SPORT &#8211; Amateur de football, le streamer Jean Pormanove est d\u00e9c\u00e9d\u00e9 en direct le lundi 18&hellip;\n","protected":false},"author":2,"featured_media":335423,"comment_status":"","ping_status":"","sticky":false,"template":"","format":"standard","meta":{"footnotes":""},"categories":[2],"tags":[11,1682,1011,27,4977,12,1176,38746,93],"class_list":{"0":"post-335422","1":"post","2":"type-post","3":"status-publish","4":"format-standard","5":"has-post-thumbnail","7":"category-actualites","8":"tag-actualites","9":"tag-adil-rami","10":"tag-fr","11":"tag-france","12":"tag-le-scan-sport","13":"tag-news","14":"tag-olympique-de-marseille","15":"tag-pierre-emerick-aubameyang","16":"tag-psg"},"share_on_mastodon":{"url":"https:\/\/pubeurope.com\/@fr\/115070616452506148","error":""},"_links":{"self":[{"href":"https:\/\/www.europesays.com\/fr\/wp-json\/wp\/v2\/posts\/335422","targetHints":{"allow":["GET"]}}],"collection":[{"href":"https:\/\/www.europesays.com\/fr\/wp-json\/wp\/v2\/posts"}],"about":[{"href":"https:\/\/www.europesays.com\/fr\/wp-json\/wp\/v2\/types\/post"}],"author":[{"embeddable":true,"href":"https:\/\/www.europesays.com\/fr\/wp-json\/wp\/v2\/users\/2"}],"replies":[{"embeddable":true,"href":"https:\/\/www.europesays.com\/fr\/wp-json\/wp\/v2\/comments?post=335422"}],"version-history":[{"count":0,"href":"https:\/\/www.europesays.com\/fr\/wp-json\/wp\/v2\/posts\/335422\/revisions"}],"wp:featuredmedia":[{"embeddable":true,"href":"https:\/\/www.europesays.com\/fr\/wp-json\/wp\/v2\/media\/335423"}],"wp:attachment":[{"href":"https:\/\/www.europesays.com\/fr\/wp-json\/wp\/v2\/media?parent=335422"}],"wp:term":[{"taxonomy":"category","embeddable":true,"href":"https:\/\/www.europesays.com\/fr\/wp-json\/wp\/v2\/categories?post=335422"},{"taxonomy":"post_tag","embeddable":true,"href":"https:\/\/www.europesays.com\/fr\/wp-json\/wp\/v2\/tags?post=335422"}],"curies":[{"name":"wp","href":"https:\/\/api.w.org\/{rel}","templated":true}]}}