{"id":335424,"date":"2025-08-22T04:50:13","date_gmt":"2025-08-22T04:50:13","guid":{"rendered":"https:\/\/www.europesays.com\/fr\/335424\/"},"modified":"2025-08-22T04:50:13","modified_gmt":"2025-08-22T04:50:13","slug":"lachat-des-fournitures-scolaires-le-casse-tete-des-familles","status":"publish","type":"post","link":"https:\/\/www.europesays.com\/fr\/335424\/","title":{"rendered":"l&rsquo;achat des fournitures scolaires, le casse-t\u00eate des familles"},"content":{"rendered":"<p>Mercredi matin, M\u00e9lina quitte la papeterie Pgdis, rue Dorian, en portant un grand carton. Il contient les fournitures de sa fille, qui entre en 4\u1d49 au coll\u00e8ge des Gorges de la Loire, \u00e0 Aurec-sur-Loire.<\/p>\n<p>Avec une liste pr\u00e9cise donn\u00e9e en amont, tout a \u00e9t\u00e9 pr\u00e9par\u00e9 au sein de l\u2019enseigne avant que cette m\u00e8re de famille ne vienne r\u00e9cup\u00e9rer l\u2019imposant colis contenant tout le mat\u00e9riel n\u00e9cessaire pour l\u2019ann\u00e9e scolaire 2025-2026. La facture est lourde\u00a0: 140\u00a0euros. \u00ab\u00a0On n\u2019a pas le choix\u00a0\u00bb, glisse-t-elle un peu plus t\u00f4t \u00e0 l\u2019employ\u00e9e du commerce alors que d\u00e9filent les cahiers, classeurs, stylos, gouaches,\u00a0etc.<\/p>\n<p>Au coll\u00e8ge, une liste longue et sp\u00e9cifique<\/p>\n<p>\u00ab\u00a0Nous sommes all\u00e9s au supermarch\u00e9 Auchan juste avant pour mon fils,&#8230;<\/p>\n","protected":false},"excerpt":{"rendered":"Mercredi matin, M\u00e9lina quitte la papeterie Pgdis, rue Dorian, en portant un grand carton. Il contient les fournitures&hellip;\n","protected":false},"author":2,"featured_media":335425,"comment_status":"","ping_status":"","sticky":false,"template":"","format":"standard","meta":{"footnotes":""},"categories":[9653],"tags":[1111,11,2430,3599,4406,33,7539,1057,1777,674,10282,10283,1011,27,10425,12,25,4001,104],"class_list":{"0":"post-335424","1":"post","2":"type-post","3":"status-publish","4":"format-standard","5":"has-post-thumbnail","7":"category-saint-etienne","8":"tag-actu","9":"tag-actualites","10":"tag-auvergne-rhone-alpes","11":"tag-college-lycee","12":"tag-commerce-et-services","13":"tag-economie","14":"tag-edition-loire-sud","15":"tag-education","16":"tag-eu","17":"tag-europe","18":"tag-firminy","19":"tag-firminy-ville","20":"tag-fr","21":"tag-france","22":"tag-maternelle-elementaire","23":"tag-news","24":"tag-republique-francaise","25":"tag-saint-etienne","26":"tag-societe"},"share_on_mastodon":{"url":"https:\/\/pubeurope.com\/@fr\/115070620378650476","error":""},"_links":{"self":[{"href":"https:\/\/www.europesays.com\/fr\/wp-json\/wp\/v2\/posts\/335424","targetHints":{"allow":["GET"]}}],"collection":[{"href":"https:\/\/www.europesays.com\/fr\/wp-json\/wp\/v2\/posts"}],"about":[{"href":"https:\/\/www.europesays.com\/fr\/wp-json\/wp\/v2\/types\/post"}],"author":[{"embeddable":true,"href":"https:\/\/www.europesays.com\/fr\/wp-json\/wp\/v2\/users\/2"}],"replies":[{"embeddable":true,"href":"https:\/\/www.europesays.com\/fr\/wp-json\/wp\/v2\/comments?post=335424"}],"version-history":[{"count":0,"href":"https:\/\/www.europesays.com\/fr\/wp-json\/wp\/v2\/posts\/335424\/revisions"}],"wp:featuredmedia":[{"embeddable":true,"href":"https:\/\/www.europesays.com\/fr\/wp-json\/wp\/v2\/media\/335425"}],"wp:attachment":[{"href":"https:\/\/www.europesays.com\/fr\/wp-json\/wp\/v2\/media?parent=335424"}],"wp:term":[{"taxonomy":"category","embeddable":true,"href":"https:\/\/www.europesays.com\/fr\/wp-json\/wp\/v2\/categories?post=335424"},{"taxonomy":"post_tag","embeddable":true,"href":"https:\/\/www.europesays.com\/fr\/wp-json\/wp\/v2\/tags?post=335424"}],"curies":[{"name":"wp","href":"https:\/\/api.w.org\/{rel}","templated":true}]}}