{"id":335426,"date":"2025-08-22T04:51:12","date_gmt":"2025-08-22T04:51:12","guid":{"rendered":"https:\/\/www.europesays.com\/fr\/335426\/"},"modified":"2025-08-22T04:51:12","modified_gmt":"2025-08-22T04:51:12","slug":"a-un-mois-du-proces-motus-et-bouches-cousues-chez-les-prevenus","status":"publish","type":"post","link":"https:\/\/www.europesays.com\/fr\/335426\/","title":{"rendered":"\u00e0 un mois du proc\u00e8s, motus et bouches cousues chez les pr\u00e9venus"},"content":{"rendered":"<p>Trois ans apr\u00e8s que le scandale a \u00e9clat\u00e9, on va enfin savoir. Savoir qui a commandit\u00e9 la vid\u00e9o, qui a particip\u00e9 \u00e0 l\u2019op\u00e9ration, comment elle a \u00e9t\u00e9 financ\u00e9e\u2026 Enfin, peut-\u00eatre.<\/p>\n<p>Peut-\u00eatre car, \u00e0 l\u2019exception de l\u2019homme qui a tout r\u00e9v\u00e9l\u00e9 (Gilles Rossary-Lenglet) et de la victime pr\u00e9sum\u00e9e (<a href=\"https:\/\/www.leprogres.fr\/p\/gilles-artigues\" target=\"_blank\" rel=\"noopener\">Gilles Artigues<\/a>), les autres protagonistes de l\u2019affaire <a href=\"https:\/\/www.leprogres.fr\/faits-divers-justice\/2022\/08\/28\/chantage-a-la-video-intime-on-vous-resume-l-affaire-en-90-secondes\" target=\"_blank\" rel=\"noopener\">n\u2019ont pas fait beaucoup de d\u00e9clarations publiques<\/a>. Ils ont certes parl\u00e9 aux enqu\u00eateurs de la police judiciaire, aux juges d\u2019instruction, mais peu, voire pas du tout, \u00e0 la presse. Et pour la plupart, leurs avocats n\u2019ont pas \u00e9t\u00e9 plus diserts.<\/p>\n<p>Gilles Rossary-Lenglet\u00a0: \u00ab\u00a0Je suis impatient et serein\u00a0\u00bb<\/p>\n<p>En diront-ils plus aux magistrats qui vont les juger, du 22 au 26\u00a0septembre, devant le tribunal correctionnel de Lyon (1)\u00a0? C\u2019est ce que nous avons cherch\u00e9 \u00e0 savoir en essayant de contacter les huit pr\u00e9venus qui seront sur le banc (lire par ailleurs). Non pas pour qu\u2019ils nous livrent un scoop, juste pour conna\u00eetre leur \u00e9tat d\u2019esprit, \u00e0 quelques semaines d\u2019un&#8230;<\/p>\n","protected":false},"excerpt":{"rendered":"Trois ans apr\u00e8s que le scandale a \u00e9clat\u00e9, on va enfin savoir. Savoir qui a commandit\u00e9 la vid\u00e9o,&hellip;\n","protected":false},"author":2,"featured_media":335427,"comment_status":"","ping_status":"","sticky":false,"template":"","format":"standard","meta":{"footnotes":""},"categories":[9653],"tags":[1111,11,42797,2430,271,272,7539,1777,674,274,107,1011,27,3367,12,316,25,4001,7538,4604,273,10806],"class_list":{"0":"post-335426","1":"post","2":"type-post","3":"status-publish","4":"format-standard","5":"has-post-thumbnail","7":"category-saint-etienne","8":"tag-actu","9":"tag-actualites","10":"tag-affaire-perdriau","11":"tag-auvergne-rhone-alpes","12":"tag-crime","13":"tag-delit-et-contravention","14":"tag-edition-loire-sud","15":"tag-eu","16":"tag-europe","17":"tag-faits-divers-justice","18":"tag-fil-info","19":"tag-fr","20":"tag-france","21":"tag-loire","22":"tag-news","23":"tag-politique","24":"tag-republique-francaise","25":"tag-saint-etienne","26":"tag-saint-etienne-ville","27":"tag-selection-abonne","28":"tag-selection-de-la-redaction","29":"tag-selection-de-la-redaction-42"},"share_on_mastodon":{"url":"https:\/\/pubeurope.com\/@fr\/115070624365516815","error":""},"_links":{"self":[{"href":"https:\/\/www.europesays.com\/fr\/wp-json\/wp\/v2\/posts\/335426","targetHints":{"allow":["GET"]}}],"collection":[{"href":"https:\/\/www.europesays.com\/fr\/wp-json\/wp\/v2\/posts"}],"about":[{"href":"https:\/\/www.europesays.com\/fr\/wp-json\/wp\/v2\/types\/post"}],"author":[{"embeddable":true,"href":"https:\/\/www.europesays.com\/fr\/wp-json\/wp\/v2\/users\/2"}],"replies":[{"embeddable":true,"href":"https:\/\/www.europesays.com\/fr\/wp-json\/wp\/v2\/comments?post=335426"}],"version-history":[{"count":0,"href":"https:\/\/www.europesays.com\/fr\/wp-json\/wp\/v2\/posts\/335426\/revisions"}],"wp:featuredmedia":[{"embeddable":true,"href":"https:\/\/www.europesays.com\/fr\/wp-json\/wp\/v2\/media\/335427"}],"wp:attachment":[{"href":"https:\/\/www.europesays.com\/fr\/wp-json\/wp\/v2\/media?parent=335426"}],"wp:term":[{"taxonomy":"category","embeddable":true,"href":"https:\/\/www.europesays.com\/fr\/wp-json\/wp\/v2\/categories?post=335426"},{"taxonomy":"post_tag","embeddable":true,"href":"https:\/\/www.europesays.com\/fr\/wp-json\/wp\/v2\/tags?post=335426"}],"curies":[{"name":"wp","href":"https:\/\/api.w.org\/{rel}","templated":true}]}}