{"id":335430,"date":"2025-08-22T04:53:18","date_gmt":"2025-08-22T04:53:18","guid":{"rendered":"https:\/\/www.europesays.com\/fr\/335430\/"},"modified":"2025-08-22T04:53:18","modified_gmt":"2025-08-22T04:53:18","slug":"nancy-bart-vision-la-photographie-au-service-du-collectif","status":"publish","type":"post","link":"https:\/\/www.europesays.com\/fr\/335430\/","title":{"rendered":"Nancy. B\u2019Art Vision, la photographie au service du collectif"},"content":{"rendered":"<p>Allier sa passion pour la photographie et son envie d\u2019aider les autres, c\u2019est ce qu\u2019a fait Barth\u00e9l\u00e9my Pernot en cr\u00e9ant B\u2019Art Vision, association r\u00e9alisant des films promotionnels situ\u00e9e \u00e0 <a href=\"https:\/\/www.lasemaine.fr\/lieu\/nancy\/\" data-slug=\"nancy\" data-name=\"Nancy\" data-type=\"location\" data-id=\"5697\" rel=\"nofollow noopener\" target=\"_blank\">Nancy,<\/a> au 132 rue de la Colline. Il est notamment l\u2019auteur d\u2019une vid\u00e9o film\u00e9e par drone et <a href=\"https:\/\/www.lasemaine.fr\/culture\/nancy-un-concours-decriture-autour-de-stanislas\/\" data-type=\"post\" data-id=\"399580\" rel=\"nofollow noopener\" target=\"_blank\">mettant \u00e0 l\u2019honneur la place Stanislas.<\/a> Une commande du g\u00e9rant du bureau de tabac Le H\u00e9r\u00e9. Le DVD, \u00e9dit\u00e9 \u00e0 2\u00a0000 exemplaires, est en rupture de stock. Aujourd\u2019hui, le film int\u00e9resse l\u2019office de tourisme m\u00e9tropolitain Destination Nancy\u00a0qui l\u2019a contact\u00e9 en vue d\u2019en acheter les droits. <a href=\"https:\/\/www.lasemaine.fr\/politique\/indiscrets\/grand-nancy-entre-estelle-mercier-et-laurent-garcia-la-valse-du-budget\/\" data-type=\"post\" data-id=\"359245\" rel=\"nofollow noopener\" target=\"_blank\">Le maire de Laxou<\/a> lui a \u00e9galement command\u00e9 un film afin de mettre \u00e0 l\u2019honneur les commer\u00e7ants de la ville. Autant dire que les projets fusent.<\/p>\n<p>Pourtant, son parcours n\u2019a pas \u00e9t\u00e9 si \u00e9vident et Barth\u00e9l\u00e9my Pernot ne s\u2019est pas imm\u00e9diatement lanc\u00e9 \u00e0 temps plein dans sa passion. Un acte qui demande souvent un certain courage. Dipl\u00f4m\u00e9 entre autres d\u2019un BTS m\u00e9tiers de l\u2019eau\u00a0(le Nanc\u00e9ien est pass\u00e9 par plusieurs carri\u00e8res professionnelles), il a occup\u00e9 le poste de directeur adjoint de la station d\u2019\u00e9puration de Max\u00e9ville pendant une trentaine d\u2019ann\u00e9es. Jusqu\u2019au jour o\u00f9 il estime en \u00ab\u00a0avoir fait le tour\u00a0\u00bb. Il retourne alors \u00e0 ses premi\u00e8res amours, la photographie et la vid\u00e9o, qu\u2019il pratique depuis l\u2019adolescence. \u00ab\u00a0J\u2019ai eu mon premier Minolta \u00e0 18 ans et, quand je suis devenu papa, j\u2019ai achet\u00e9 un cam\u00e9scope pour immortaliser ces moments en famille. Je pense que je tiens \u00e7a de mon p\u00e8re\u00a0\u00bb, se rem\u00e9more-t-il.<\/p>\n<p>Nouvelle activit\u00e9, nouvelle agence<\/p>\n<p>Fort de cette exp\u00e9rience, il se lance \u00e0 son compte en cr\u00e9ant sa soci\u00e9t\u00e9, NancyCom-Concert, install\u00e9e rue des Dominicains, et propose principalement des films promotionnels aupr\u00e8s des entreprises et collectivit\u00e9s. \u00ab\u00a0Dans mon pr\u00e9c\u00e9dent poste, j\u2019avais l\u2019habitude de c\u00f4toyer les \u00e9lus et les agents de collectivit\u00e9s. J\u2019ai donc mis \u00e0 profit ce r\u00e9seau.\u00a0\u00bb Il travaille \u00e9galement avec des associations telles que Les Blouses roses ou Le Rire m\u00e9decin. \u00ab\u00a0Tout ce qui touche au social.\u00a0\u00bb Seulement, on lui d\u00e9tecte une maladie des suites d\u2019une exposition r\u00e9p\u00e9t\u00e9e \u00e0 l\u2019amiante. \u00c0 cause de cela, il a interdiction de pratiquer une activit\u00e9 professionnelle et se voit contraint de fermer sa soci\u00e9t\u00e9. Il a donc trouv\u00e9 la solution\u00a0: passer en statut associatif. Officiant d\u00e9sormais sous le nom de B\u2019Art Vision, l\u2019association s\u2019est agrandie et compte un deuxi\u00e8me membre depuis septembre\u00a02024.\u00a0Il s\u2019agit d\u2019Anne-Claire Thiery, \u00e9ducatrice sp\u00e9cialis\u00e9e r\u00e9cemment dipl\u00f4m\u00e9e et pratiquant \u00e9galement la photographie. Les deux se sont rencontr\u00e9s \u00e0 un \u00e9v\u00e9nement commun suite \u00e0 un quiproquo.<\/p>\n<blockquote class=\"wp-block-quote is-layout-flow wp-block-quote-is-layout-flow\">\n<p>\u00ab\u00a0Dans mon pr\u00e9c\u00e9dent poste, j\u2019avais l\u2019habitude de c\u00f4toyer les \u00e9lus et agents de collectivit\u00e9s. J\u2019ai donc mis \u00e0 profit ce r\u00e9seau.\u00a0\u00bb<\/p>\n<p>Barth\u00e9l\u00e9my Pernot, fondateur de B\u2019Art Vision.<\/p><\/blockquote>\n<p>Ensemble, et gr\u00e2ce aux comp\u00e9tences d\u2019Anne-Claire, ils d\u00e9veloppent un tout nouveau secteur d\u2019activit\u00e9\u00a0: la m\u00e9diation photographique. \u00ab\u00a0Je cherchais un moyen d\u2019allier ma passion pour mon\u00a0travail et celle pour la photographie.\u00a0Pendant ma formation \u00e0 l\u2019Institut r\u00e9gional du travail social (IRTS), nous avions des semaines d\u00e9di\u00e9es \u00e0 la m\u00e9diation. Je me suis alors rendu compte que n\u2019importe quel objet pouvait devenir un support de m\u00e9diation\u00a0\u00bb, d\u00e9taille Anne-Claire Thiery. Leur premier projet, en partenariat avec l\u2019association Petit-fils, consiste en\u00a0une s\u00e9rie de portraits photo et vid\u00e9o de r\u00e9sidents en Ehpad. \u00ab\u00a0Souvent, l\u2019image que l\u2019on a d\u2019une personne a tendance \u00e0 se modifier face \u00e0 la vieillesse et \u00e0 la d\u00e9pendance. L\u2019objectif de ce projet est de r\u00e9humaniser les personnes \u00e2g\u00e9es. C\u2019est aussi un bon moyen de faire travailler leur m\u00e9moire et de faire vivre leurs souvenirs.\u00a0\u00bb<\/p>\n<p>Les vid\u00e9os des entretiens seront \u00e9galement transmises aux enfants des r\u00e9sidents, avec lesquels ils ont parfois peu de contact. \u00ab\u00a0C\u2019est aussi une mani\u00e8re de raviver certaines \u00e9motions oubli\u00e9es lorsqu\u2019on voit toujours la personne dans le m\u00eame contexte\u00a0\u00bb, souligne Barth\u00e9l\u00e9my Pernot. Actuellement, l\u2019association est en discussion avec deux autres \u00e9tablissements pour d\u00e9cliner le concept qui pourrait \u00eatre propos\u00e9 sous forme de prestation aux familles. Et pourquoi pas, \u00e0 terme, en faire une exposition, imagine Anne-Claire Thiery.\u00a0En parall\u00e8le, Barth\u00e9l\u00e9my Pernot pr\u00e9voit d\u2019ouvrir son studio, pour lequel il a investi 25\u00a0000\u00a0euros de mat\u00e9riel audiovisuel, en plein centre-ville de Nancy, une mani\u00e8re de continuer l\u2019histoire qui s\u2019est arr\u00eat\u00e9e plus t\u00f4t. Actuellement en travaux, il devrait ouvrir ses portes en septembre prochain.<\/p>\n","protected":false},"excerpt":{"rendered":"Allier sa passion pour la photographie et son envie d\u2019aider les autres, c\u2019est ce qu\u2019a fait Barth\u00e9l\u00e9my Pernot&hellip;\n","protected":false},"author":2,"featured_media":335431,"comment_status":"","ping_status":"","sticky":false,"template":"","format":"standard","meta":{"footnotes":""},"categories":[9635],"tags":[1111,11,1777,674,1011,27,775,1702,12,25],"class_list":{"0":"post-335430","1":"post","2":"type-post","3":"status-publish","4":"format-standard","5":"has-post-thumbnail","7":"category-nancy","8":"tag-actu","9":"tag-actualites","10":"tag-eu","11":"tag-europe","12":"tag-fr","13":"tag-france","14":"tag-grand-est","15":"tag-nancy","16":"tag-news","17":"tag-republique-francaise"},"share_on_mastodon":{"url":"https:\/\/pubeurope.com\/@fr\/115070632106570733","error":""},"_links":{"self":[{"href":"https:\/\/www.europesays.com\/fr\/wp-json\/wp\/v2\/posts\/335430","targetHints":{"allow":["GET"]}}],"collection":[{"href":"https:\/\/www.europesays.com\/fr\/wp-json\/wp\/v2\/posts"}],"about":[{"href":"https:\/\/www.europesays.com\/fr\/wp-json\/wp\/v2\/types\/post"}],"author":[{"embeddable":true,"href":"https:\/\/www.europesays.com\/fr\/wp-json\/wp\/v2\/users\/2"}],"replies":[{"embeddable":true,"href":"https:\/\/www.europesays.com\/fr\/wp-json\/wp\/v2\/comments?post=335430"}],"version-history":[{"count":0,"href":"https:\/\/www.europesays.com\/fr\/wp-json\/wp\/v2\/posts\/335430\/revisions"}],"wp:featuredmedia":[{"embeddable":true,"href":"https:\/\/www.europesays.com\/fr\/wp-json\/wp\/v2\/media\/335431"}],"wp:attachment":[{"href":"https:\/\/www.europesays.com\/fr\/wp-json\/wp\/v2\/media?parent=335430"}],"wp:term":[{"taxonomy":"category","embeddable":true,"href":"https:\/\/www.europesays.com\/fr\/wp-json\/wp\/v2\/categories?post=335430"},{"taxonomy":"post_tag","embeddable":true,"href":"https:\/\/www.europesays.com\/fr\/wp-json\/wp\/v2\/tags?post=335430"}],"curies":[{"name":"wp","href":"https:\/\/api.w.org\/{rel}","templated":true}]}}