{"id":335434,"date":"2025-08-22T04:56:15","date_gmt":"2025-08-22T04:56:15","guid":{"rendered":"https:\/\/www.europesays.com\/fr\/335434\/"},"modified":"2025-08-22T04:56:15","modified_gmt":"2025-08-22T04:56:15","slug":"le-stade-montpellierain-lance-une-equipe-feminine-de-rugby-a-xv-en-federale-2","status":"publish","type":"post","link":"https:\/\/www.europesays.com\/fr\/335434\/","title":{"rendered":"Le Stade montpelli\u00e9rain lance une \u00e9quipe f\u00e9minine de rugby \u00e0 XV en F\u00e9d\u00e9rale 2"},"content":{"rendered":"<p>Depuis le 27 mars dernier, le club montpelli\u00e9rain ouvre ses premiers cr\u00e9neaux d\u2019entra\u00eenement f\u00e9minins pour \u00e9valuer la demande du secteur. A la vue d\u2019une vingtaine de joueuses assidues, \u00ab\u00a0on s\u2019est dit que \u00e7a valait la peine de lancer une \u00e9quipe f\u00e9minine sur Montpellier\u00a0\u00bb, sourit Julien Cacciapaglia, entra\u00eeneur d\u2019\u00e9quipes f\u00e9minines en Belgique avant d\u2019arriver dans la r\u00e9gion, en f\u00e9vrier dernier.<\/p>\n","protected":false},"excerpt":{"rendered":"Depuis le 27 mars dernier, le club montpelli\u00e9rain ouvre ses premiers cr\u00e9neaux d\u2019entra\u00eenement f\u00e9minins pour \u00e9valuer la demande&hellip;\n","protected":false},"author":2,"featured_media":335435,"comment_status":"","ping_status":"","sticky":false,"template":"","format":"standard","meta":{"footnotes":""},"categories":[9599],"tags":[1111,11,1777,674,1011,27,2208,12,2680,25],"class_list":{"0":"post-335434","1":"post","2":"type-post","3":"status-publish","4":"format-standard","5":"has-post-thumbnail","7":"category-montpellier","8":"tag-actu","9":"tag-actualites","10":"tag-eu","11":"tag-europe","12":"tag-fr","13":"tag-france","14":"tag-montpellier","15":"tag-news","16":"tag-occitanie","17":"tag-republique-francaise"},"share_on_mastodon":{"url":"https:\/\/pubeurope.com\/@fr\/115070644049964983","error":""},"_links":{"self":[{"href":"https:\/\/www.europesays.com\/fr\/wp-json\/wp\/v2\/posts\/335434","targetHints":{"allow":["GET"]}}],"collection":[{"href":"https:\/\/www.europesays.com\/fr\/wp-json\/wp\/v2\/posts"}],"about":[{"href":"https:\/\/www.europesays.com\/fr\/wp-json\/wp\/v2\/types\/post"}],"author":[{"embeddable":true,"href":"https:\/\/www.europesays.com\/fr\/wp-json\/wp\/v2\/users\/2"}],"replies":[{"embeddable":true,"href":"https:\/\/www.europesays.com\/fr\/wp-json\/wp\/v2\/comments?post=335434"}],"version-history":[{"count":0,"href":"https:\/\/www.europesays.com\/fr\/wp-json\/wp\/v2\/posts\/335434\/revisions"}],"wp:featuredmedia":[{"embeddable":true,"href":"https:\/\/www.europesays.com\/fr\/wp-json\/wp\/v2\/media\/335435"}],"wp:attachment":[{"href":"https:\/\/www.europesays.com\/fr\/wp-json\/wp\/v2\/media?parent=335434"}],"wp:term":[{"taxonomy":"category","embeddable":true,"href":"https:\/\/www.europesays.com\/fr\/wp-json\/wp\/v2\/categories?post=335434"},{"taxonomy":"post_tag","embeddable":true,"href":"https:\/\/www.europesays.com\/fr\/wp-json\/wp\/v2\/tags?post=335434"}],"curies":[{"name":"wp","href":"https:\/\/api.w.org\/{rel}","templated":true}]}}