{"id":335438,"date":"2025-08-22T05:02:11","date_gmt":"2025-08-22T05:02:11","guid":{"rendered":"https:\/\/www.europesays.com\/fr\/335438\/"},"modified":"2025-08-22T05:02:11","modified_gmt":"2025-08-22T05:02:11","slug":"le-clermont-foot-63-recoit-grenoble-pour-tenter-de-decrocher-une-premiere-victoire","status":"publish","type":"post","link":"https:\/\/www.europesays.com\/fr\/335438\/","title":{"rendered":"le Clermont Foot 63 re\u00e7oit Grenoble pour tenter de d\u00e9crocher une premi\u00e8re victoire"},"content":{"rendered":"<p>\t\t\t\t\t\t\t\t\t\t\t<img loading=\"lazy\" decoding=\"async\" width=\"1110\" title=\"Ligue 2 : le Clermont Foot 63 re\u00e7oit Grenoble pour tenter de d\u00e9crocher une premi\u00e8re victoire\" class=\"img-fluid  mb-3\" src=\"https:\/\/www.radiorva.com\/media\/news\/thumb\/1110x624_ligue-2-le-clermont-foot-63-recoit-grenoble-pour-tenter-de-decrocher-une-premiere-victoire_68a6d6fc3fcf0.webp\" alt=\"Ligue 2 : le Clermont Foot 63 re\u00e7oit Grenoble pour tenter de d\u00e9crocher une premi\u00e8re victoire\" itemprop=\"image\" height=\"624\"\/>\t\t\t\t\t\t\t\t\t\t\t\t<\/p>\n<p>Ligue 2 : le Clermont Foot 63 re\u00e7oit Grenoble pour tenter de d\u00e9crocher une premi\u00e8re victoire &#8211; DR<\/p>\n<p itemprop=\"description\"><strong>Le Clermont Foot 63 tourne au ralenti depuis le d\u00e9but de saison.<\/strong><\/p>\n<p>Un premier nul face \u00e0 Dunkerque (2-2), puis un second contre l\u2019ESTAC Troyes (0-0), vendredi dernier, ont suffi \u00e0 semer le doute au sein de l\u2019effectif auvergnat. \u00ab\u00a0On ne peut pas atteindre des objectifs si nous ne sommes pas performants \u00e0 domicile. Notre vie se jouera \u00e0 domicile. On veut aussi rendre les gens heureux, mais pour cela il faut gagner des matchs\u00a0\u00bb, a l\u00e2ch\u00e9 Gr\u00e9gory Proment en conf\u00e9rence de presse, ce mercredi.<\/p>\n<p>Le technicien clermontois veut rectifier le tir d\u00e8s ce vendredi soir, \u00e0 20h (beIN SPORTS), face au Grenoble Foot 38, \u00e0 l\u2019occasion de la troisi\u00e8me journ\u00e9e de Ligue 2. Son \u00e9quipe et lui auront le privil\u00e8ge de recevoir au Gabriel-Montpied pour la deuxi\u00e8me fois de suite. \u00ab\u00a0C\u2019est toujours difficile de gagner deux fois de suite \u00e0 domicile. Le premier, on aurait d\u00fb le gagner. Donc l\u00e0, on a l\u2019obligation de remporter ce match contre Grenoble. Apr\u00e8s il y a une bonne \u00e9quipe qui va arriver en face, qui va nous poser des difficult\u00e9s\u00a0\u00bb, a pr\u00e9venu l\u2019entra\u00eeneur de 46 ans.<\/p>\n<p>Et pour semer la panique dans le camp is\u00e9rois, ce dernier souhaite que ses joueurs tentent plus de frapper au but que lors des deux premi\u00e8res rencontres.<\/p>\n<p>De l\u2019autre c\u00f4t\u00e9 du terrain, la d\u00e9fense auvergnate va devoir se m\u00e9fier d\u2019un ancien de la maison, Yadaly Diaby. L\u2019attaquant de 25 ans est arriv\u00e9 au GF38 cet hiver et a pris de l\u2019ampleur dans l\u2019effectif. \u00ab\u00a0Avec le coach des gardiens, on essaie de voir la mani\u00e8re dont il se comporte dans cette \u00e9quipe. On essaie de voir les points forts qu\u2019ils (ndlr, Grenoble) peuvent avoir gr\u00e2ce \u00e0 lui\u00a0\u00bb, a expliqu\u00e9 Th\u00e9o Guivarch devant les journalistes.<\/p>\n<p>En r\u00e9sum\u00e9, la victoire est obligatoire ce vendredi soir.<\/p>\n","protected":false},"excerpt":{"rendered":"Ligue 2 : le Clermont Foot 63 re\u00e7oit Grenoble pour tenter de d\u00e9crocher une premi\u00e8re victoire &#8211; DR&hellip;\n","protected":false},"author":2,"featured_media":335439,"comment_status":"","ping_status":"","sticky":false,"template":"","format":"standard","meta":{"footnotes":""},"categories":[9566],"tags":[1111,11,6733,2430,7736,650,2313,7734,2889,2263,1777,674,9375,1011,27,2731,6417,1114,4662,12,3725,1825,9374,25,9373,9376,7737],"class_list":{"0":"post-335438","1":"post","2":"type-post","3":"status-publish","4":"format-standard","5":"has-post-thumbnail","7":"category-grenoble","8":"tag-actu","9":"tag-actualites","10":"tag-auvergne","11":"tag-auvergne-rhone-alpes","12":"tag-cds","13":"tag-cinema","14":"tag-clermont","15":"tag-ecoute","16":"tag-emission","17":"tag-equipe","18":"tag-eu","19":"tag-europe","20":"tag-ferrand","21":"tag-fr","22":"tag-france","23":"tag-grenoble","24":"tag-information","25":"tag-infos","26":"tag-journal","27":"tag-news","28":"tag-podcast","29":"tag-radio","30":"tag-radiorva","31":"tag-republique-francaise","32":"tag-rva","33":"tag-thiers","34":"tag-winamp"},"share_on_mastodon":{"url":"https:\/\/pubeurope.com\/@fr\/115070667744707597","error":""},"_links":{"self":[{"href":"https:\/\/www.europesays.com\/fr\/wp-json\/wp\/v2\/posts\/335438","targetHints":{"allow":["GET"]}}],"collection":[{"href":"https:\/\/www.europesays.com\/fr\/wp-json\/wp\/v2\/posts"}],"about":[{"href":"https:\/\/www.europesays.com\/fr\/wp-json\/wp\/v2\/types\/post"}],"author":[{"embeddable":true,"href":"https:\/\/www.europesays.com\/fr\/wp-json\/wp\/v2\/users\/2"}],"replies":[{"embeddable":true,"href":"https:\/\/www.europesays.com\/fr\/wp-json\/wp\/v2\/comments?post=335438"}],"version-history":[{"count":0,"href":"https:\/\/www.europesays.com\/fr\/wp-json\/wp\/v2\/posts\/335438\/revisions"}],"wp:featuredmedia":[{"embeddable":true,"href":"https:\/\/www.europesays.com\/fr\/wp-json\/wp\/v2\/media\/335439"}],"wp:attachment":[{"href":"https:\/\/www.europesays.com\/fr\/wp-json\/wp\/v2\/media?parent=335438"}],"wp:term":[{"taxonomy":"category","embeddable":true,"href":"https:\/\/www.europesays.com\/fr\/wp-json\/wp\/v2\/categories?post=335438"},{"taxonomy":"post_tag","embeddable":true,"href":"https:\/\/www.europesays.com\/fr\/wp-json\/wp\/v2\/tags?post=335438"}],"curies":[{"name":"wp","href":"https:\/\/api.w.org\/{rel}","templated":true}]}}