{"id":335440,"date":"2025-08-22T05:03:30","date_gmt":"2025-08-22T05:03:30","guid":{"rendered":"https:\/\/www.europesays.com\/fr\/335440\/"},"modified":"2025-08-22T05:03:30","modified_gmt":"2025-08-22T05:03:30","slug":"la-municipalite-fait-appel-au-conseil-detat-pour-le-sanctionner","status":"publish","type":"post","link":"https:\/\/www.europesays.com\/fr\/335440\/","title":{"rendered":"LA MUNICIPALIT\u00c9 FAIT APPEL AU CONSEIL D&rsquo;\u00c9TAT POUR LE SANCTIONNER"},"content":{"rendered":"<p>Posted On 22 ao\u00fbt 2025 <\/p>\n<p style=\"text-align: justify;\">Le redoutable Pierre M\u00e9riaux, Adjoint au Personnel (Verts\/LFI) a encore frapp\u00e9. Alors que le Tribunal Administratif a suspendu en r\u00e9f\u00e9r\u00e9 l&rsquo;application de la lourde sanction inflig\u00e9e \u00e0 un policier municipal, la municipalit\u00e9 a d\u00e9cid\u00e9 de faire appel au Conseil d&rsquo;Etat. Elle aurait pu attendre simplement le jugement au fond que va rendre le Tribunal Administratif. Non. le contribuable va payer un avocat au Conseil d&rsquo;Etat, faisant <a href=\"https:\/\/grenoble-le-changement.fr\/2024\/04\/03\/frais-davocats-de-piolle-le-contribuable-paie-la-facture\/\" rel=\"nofollow noopener\" target=\"_blank\">encore monter la note faramineuse des contentieux politiques,<\/a> et le malheureux policier, lui, \u00e0 ses frais devra faire de m\u00eame.\u00a0<\/p>\n<p style=\"text-align: justify;\">Cet acharnement inou\u00ef, afin de le priver de salaire pendant 6 mois le plus vite possible alors qu&rsquo;il est p\u00e8re de famille de 3 enfants et que son \u00e9pouse ne travaille pas, est repr\u00e9sentatif de la municipalit\u00e9 humaniste et bienveillante, <a href=\"https:\/\/grenoble-le-changement.fr\/2024\/11\/23\/laurence-ruffin-verts-lfi-petits-mensonges-et-gros-sabots\/\" rel=\"nofollow noopener\" target=\"_blank\">de ces \u00ab\u00a0belles personnes\u00a0\u00bb<\/a> au pouvoir \u00e0 Grenoble.<\/p>\n<p><img decoding=\"async\" data-id=\"51031\" src=\"https:\/\/i1.wp.com\/grenoble-le-changement.fr\/wp-content\/uploads\/2021\/12\/meriaux.png?w=678&amp;ssl=1\" alt=\"\" class=\"wp-image-51031 jetpack-lazy-image\" data-recalc-dims=\"1\" data-lazy-src=\"https:\/\/www.europesays.com\/fr\/wp-content\/uploads\/2025\/08\/meriaux.png\" \/><\/p>\n<p><img decoding=\"async\" data-id=\"83683\" src=\"https:\/\/i0.wp.com\/grenoble-le-changement.fr\/wp-content\/uploads\/2025\/08\/piolle-ghetto-de-riche.jpg?w=678&amp;ssl=1\" alt=\"\" class=\"wp-image-83683 jetpack-lazy-image\" data-recalc-dims=\"1\" data-lazy-src=\"https:\/\/www.europesays.com\/fr\/wp-content\/uploads\/2025\/08\/1755839005_989_piolle-ghetto-de-riche.jpg\" \/><\/p>\n<p><img decoding=\"async\" data-id=\"83567\" src=\"https:\/\/grenoble-le-changement.fr\/wp-content\/uploads\/2025\/07\/Ruffin-florence-1.webp\" alt=\"\" class=\"wp-image-83567 jetpack-lazy-image\" data-lazy-src=\"https:\/\/www.europesays.com\/fr\/wp-content\/uploads\/2025\/07\/Ruffin-florence-1.webp\" \/><br \/>\nPierre M\u00e9riaux, Eric Piolle, Laurence Ruffin&#8230; les Tartuffes de l&rsquo;humanisme et de la bienveillance s&rsquo;attaquent aux faibles avec acharnement<\/p>\n<p><strong>LES POLICIERS MUNICIPAUX ONT APPLIQU\u00c9 LE PRINCIPE DE PR\u00c9CAUTION<\/strong><\/p>\n<p style=\"text-align: justify;\">Rappelons que ces deux fonctionnaires sans aucun ant\u00e9c\u00e9dent ont <a href=\"https:\/\/grenoble-le-changement.fr\/2025\/07\/05\/deux-policiers-municipaux-lourdement-sanctionnes-pour-avoir-fait-leur-travail\/\" rel=\"nofollow noopener\" target=\"_blank\">choisi de filer des d\u00e9linquants routiers apr\u00e8s un refus d&rsquo;obtemp\u00e9rer en attendant les consignes d&rsquo;un Officier de Police Judiciaire<\/a>\u00a0qu&rsquo;ils n&rsquo;arrivaient pas \u00e0 joindre. Afin que si celui-ci d\u00e9cide de les faire poursuivre par la police Nationale ou la gendarmerie, les d\u00e9linquants ne soient pas perdus. Un \u00ab\u00a0principe de pr\u00e9caution\u00a0\u00bb.<\/p>\n<p style=\"text-align: justify;\"><strong>LE NOYAU DUR DES \u00c9LUS ROUGE\/VERTS A PARTICIP\u00c9 A LA SANCTION<\/strong><\/p>\n<p style=\"text-align: justify;\">Afin d&rsquo;\u00e9viter tout rod\u00e9o urbain les deux policiers n&rsquo;avaient pas mis de gyrophare, se contentant de suivre la progression du v\u00e9hicule. Ce n&rsquo;est qu&rsquo;\u00e0 Voreppe qu&rsquo;ils ont re\u00e7u la consigne de l&rsquo;OPJ leur demandant de stopper. \u00ab\u00a0L&rsquo;affreux Pierre M\u00e9riaux\u00a0\u00bb, comme le nomme<a target=\"_blank\" href=\"https:\/\/www.tiktok.com\/@guizmaths\" rel=\"nofollow noopener\"> le TiktTokeur Guizmaths<\/a>, <a href=\"https:\/\/grenoble-le-changement.fr\/2021\/12\/31\/pierre-meriaux-larrogance-dans-la-mediocrite\/\" rel=\"nofollow noopener\" target=\"_blank\">d&rsquo;un sectarisme hors normes<\/a>, a d\u00e9cid\u00e9 de les poursuivre devant le conseil de discipline o\u00f9 si\u00e8gent le noyau dur des \u00e9lus Rouge\/Verts, tels Christine <a href=\"https:\/\/grenoble-le-changement.fr\/2023\/01\/24\/migrants-xenophobie-de-la-france-pour-c-garnier-verts-ades\/\" rel=\"nofollow noopener\" target=\"_blank\">Garnier, la passionaria obsessionnelle<\/a>\u00a0de la\u00a0<a href=\"https:\/\/grenoble-le-changement.fr\/2024\/03\/04\/raymond-avrillier-le-tartuffe-rouge-verts-bouge-encore\/\" rel=\"nofollow noopener\" target=\"_blank\">secte politique de Raymond Avrillier<\/a>, l&rsquo;\u00e9lue LFI Laura Pfister, Chlo\u00e9 Pantel et Luis Bertran-Lopez aux ordres.<\/p>\n<p style=\"text-align: justify;\">Dans son communiqu\u00e9 pour expliquer qu&rsquo;elle fait appel au Conseil d&rsquo;Etat (DL du 20\/8\/25), la municipalit\u00e9 pr\u00e9cise que sa commission de discipline est \u00ab\u00a0pr\u00e9sid\u00e9 par un magistrat du tribunal administratif\u00a0\u00bb.\u00a0<\/p>\n<p><img decoding=\"async\" data-id=\"83421\" src=\"https:\/\/i0.wp.com\/grenoble-le-changement.fr\/wp-content\/uploads\/2025\/07\/Capture-de\u0301cran-2025-07-20-a\u0300-11.49.41.png?w=678&amp;ssl=1\" alt=\"\" class=\"wp-image-83421 jetpack-lazy-image\" data-recalc-dims=\"1\" data-lazy-src=\"https:\/\/i0.wp.com\/grenoble-le-changement.fr\/wp-content\/uploads\/2025\/07\/Capture-de\u0301cran-2025-07-20-a\u0300-11.49.41.png?w=678&amp;is-pending-load=1#038;ssl=1\" \/><br \/>\nPire que l&rsquo;inaction : \u00e0 Grenoble, la municipalit\u00e9 Verts\/LFI r\u00e9primande violemment ceux qui  ont mission de se dresser contre les d\u00e9linquants <a target=\"_blank\" href=\"https:\/\/www.grenoblemag.com\/article\/1943\/grenoble-face-aux-sanctions-infligees-a-deux-policiers-municipaux-le-groupe-d-opposition-appelle-a-la-mobilisation\" rel=\"nofollow noopener\">(GreMag)<\/a><\/p>\n<p><strong>UN \u00ab\u00a0MAGISTRAT\u00a0\u00bb SURTOUT CADRE MUNICIPAL <\/strong><\/p>\n<p style=\"text-align: justify;\">En r\u00e9alit\u00e9 ce \u00ab\u00a0magistrat\u00a0\u00bb, Thomas Ruocco-Nardo, est un cadre municipal. Il a donc \u00e9t\u00e9 choisi par la municipalit\u00e9. Sa nomination \u00e0 la ville de Grenoble r\u00e9sulte d&rsquo;un calendrier administratif \u00e9trange. Il a \u00e9t\u00e9 en effet juge au Tribunal Administratif de Grenoble entre le \u00a01er janvier 2024 et le 17 mai 25. Nomm\u00e9 \u00e0 cette date (17 mai 25) au tribunal administratif de Nice, il est nomm\u00e9 un mois et demi apr\u00e8s, le 2 juillet 2025, \u00e0 la ville, au service de gestion du personnel municipal. Il a donc offici\u00e9 comme employ\u00e9 communal \u00e0 la t\u00eate de cette commission de discipline o\u00f9 les \u00e9lus Verts\/LFI dominent.\u00a0<\/p>\n<p style=\"text-align: justify;\"><strong>DES HOMMES EXP\u00c9RIMENT\u00c9S AVAIENT JUG\u00c9 \u00ab\u00a0DISPROPORTIONN\u00c9\u00a0\u00bb<\/strong><\/p>\n<p style=\"text-align: justify;\">Consultant des hommes aussi avis\u00e9s et exp\u00e9riment\u00e9s que Jean-Claude Borel-Garin, Contr\u00f4leur g\u00e9n\u00e9ral de la police ex-responsable du Raid ou Guillaume Josserand, ex-commandant de Police qui travaillent dans le collectif \u00ab\u00a0R\u00e9concilier Grenoble\u00a0\u00bb aux c\u00f4t\u00e9 des Cl\u00e9ment Chappet sur le programme s\u00e9curitaire de l&rsquo;\u00e9quipe Carignon, tous avaient estim\u00e9 \u00e0 minima cette sanction totalement disproportionn\u00e9e.<\/p>\n<p style=\"text-align: justify;\"><strong>LE JUGE \u00c9MET \u00ab\u00a0UN DOUTE S\u00c9RIEUX SUR LA L\u00c9GALIT\u00c9 DE LA SANCTION \u00ab\u00a0<\/strong><\/p>\n<p style=\"text-align: justify;\">C&rsquo;est ce qu&rsquo;a confirm\u00e9 le juge des r\u00e9f\u00e9r\u00e9s du Tribunal Administratif, d\u00e9mentant s\u00e9v\u00e8rement la commission pr\u00e9sid\u00e9e formellement par M. Thomas Ruocco-Nardo, estimant qu&rsquo;existe \u00ab un doute s\u00e9rieux quant \u00e0 la l\u00e9galit\u00e9 de la d\u00e9cision \u00bb, jugeant que \u00ab l\u2019ex\u00e9cution de la d\u00e9cision attaqu\u00e9e a pour effet de priver le requ\u00e9rant de la totalit\u00e9 de sa r\u00e9mun\u00e9ration durant cette p\u00e9riode et le prive de sa seule source de revenu pour assumer les charges incompressibles de son foyer \u00bb. Condamnant m\u00eame la ville \u00e0 verser\u00a0 1000 \u20ac de dommages et int\u00e9r\u00eats au policier. Supr\u00eame gifle pour la majorit\u00e9 municipale.<\/p>\n<p><img decoding=\"async\" data-id=\"83307\" src=\"https:\/\/i0.wp.com\/grenoble-le-changement.fr\/wp-content\/uploads\/2025\/07\/hoche-incendie-juillet25.png?w=678&amp;ssl=1\" alt=\"\" class=\"wp-image-83307 jetpack-lazy-image\" data-recalc-dims=\"1\" data-lazy-src=\"https:\/\/www.europesays.com\/fr\/wp-content\/uploads\/2025\/08\/hoche-incendie-juillet25.png\" \/><br \/>\nPendant que Grenoble br\u00fble (ici quartier Hoche) la municipalit\u00e9 s&rsquo;acharne contre des policiers municipaux qui ont fait leur devoir pour prot\u00e9ger leurs concitoyens <\/p>\n<p><strong>LA STRAT\u00c9GIE DE LA VIOLENCE POLITIQUE EST VALID\u00c9E<\/strong><\/p>\n<p style=\"text-align: justify;\">Mais au lieu d&rsquo;attendre sagement la d\u00e9cision au fond, les \u00e9lus Verts\/LFI tiennent \u00e0 marquer publiquement leur vindicte anti-s\u00e9curitaire et anti-polici\u00e8re. Ils veulent que \u00e7a se sache. <a href=\"https:\/\/grenoble-le-changement.fr\/2025\/08\/13\/piolle-ruffin-la-majorite-municipale-explose-avant-les-municipales\/\" rel=\"nofollow noopener\" target=\"_blank\">La strat\u00e9gie de la violence politique d&rsquo;Allan Brunon,<\/a> le co-chef de file de LFI pour les municipales est bien celle de la majorit\u00e9 municipale toute enti\u00e8re. D&rsquo;ailleurs les Verts qui \u00e9changent publiquement avec lui en roucoulant ne se sentent nullement agress\u00e9s par ses propos.\u00a0<\/p>\n<p style=\"text-align: justify;\"><strong>ALAIN CARIGNON S&rsquo;ENGAGE \u00c0 LEVER LA SANCTION<\/strong><\/p>\n<p style=\"text-align: justify;\">\u00ab\u00a0Si les grenoblois nous font confiance en mars prochain, nous saisirons la commission de discipline pour lui demander de r\u00e9viser la sanction injuste qui frappe deux policiers municipaux, suspendus et priv\u00e9s de salaire 24 et 6 mois\u00a0\u00bb\u00a0 avait imm\u00e9diatement annonc\u00e9 Alain Carignon, afin de prendre le contre pied de ces repr\u00e9sailles inacceptables. Ajoutant dans une vid\u00e9o mise en ligne qu&rsquo;il les recevra pour les remercier d&rsquo;avoir fait leur devoir en choisissant le principe de pr\u00e9caution pour prot\u00e9ger leurs concitoyens.\u00a0<\/p>\n<p style=\"text-align: justify;\"><strong>LA LISTE DES ATTAQUES CONTRE LA QUALIT\u00c9 DE VIE S&rsquo;ALLONGE<\/strong><\/p>\n<p style=\"text-align: justify;\">Apr\u00e8s <a href=\"https:\/\/grenoble-le-changement.fr\/2025\/07\/29\/la-liste-ruffin-verts-lfi-annonce-5000-hlm-supplementaires-a-grenoble\/\" rel=\"nofollow noopener\" target=\"_blank\">les 5000 HLM \u00e0 construire<\/a> dans la ville, l&rsquo;attaque <a href=\"https:\/\/grenoble-le-changement.fr\/2025\/08\/15\/galeries-lafayette-de-grenoble-la-municipalite-veut-supprimer-un-ghetto-de-riches\/\" rel=\"nofollow noopener\" target=\"_blank\">des \u00ab\u00a0Nouvelles Galeries\u00a0\u00bb<\/a> en plein marasme commercial du centre ville, la lutte contre les \u00ab\u00a0ghettos de riches\u00a0\u00bb \u00e0 Grenoble, le conflit sur l&rsquo;am\u00e9nagement <a href=\"https:\/\/grenoble-le-changement.fr\/2025\/08\/14\/place-de-metz-le-passage-en-force-des-verts-lfi-conduit-au-tribunal\/\" rel=\"nofollow noopener\" target=\"_blank\">de la place de Metz qui se r\u00e8gle aussi au tribunal<\/a>, notre ville qui s&rsquo;est trouv\u00e9e en t\u00eate des grandes villes <a href=\"https:\/\/grenoble-le-changement.fr\/2025\/08\/12\/grenoble-en-tete-des-grandes-villes-pour-les-ilots-de-chaleur\/\" rel=\"nofollow noopener\" target=\"_blank\">pour les ilots de chaleur dus \u00e0 l&rsquo;urbanisation<\/a>&#8230;. L&rsquo;affaire des policiers municipaux sanctionn\u00e9s \u00e9claire un peu plus le vrai visage de ceux qui gouvernent Grenoble.\u00a0<\/p>\n<p style=\"text-align: justify;\">Plus il est sous les projecteurs, plus il est inqui\u00e9tant \u00e0 d\u00e9couvrir.<\/p>\n<p>\t\t\t\t\t\t\t\t\t\t\t<script async src=\"\/\/www.tiktok.com\/embed.js\"><\/script><\/p>\n","protected":false},"excerpt":{"rendered":"Posted On 22 ao\u00fbt 2025 Le redoutable Pierre M\u00e9riaux, Adjoint au Personnel (Verts\/LFI) a encore frapp\u00e9. Alors que&hellip;\n","protected":false},"author":2,"featured_media":264021,"comment_status":"","ping_status":"","sticky":false,"template":"","format":"standard","meta":{"footnotes":""},"categories":[9566],"tags":[1111,11,9601,27721,2430,9603,18839,14755,9607,1777,674,1011,27,4238,46248,2731,14756,11150,47262,26491,10136,40339,12,16650,10140,25,47263],"class_list":{"0":"post-335440","1":"post","2":"type-post","3":"status-publish","4":"format-standard","5":"has-post-thumbnail","7":"category-grenoble","8":"tag-actu","9":"tag-actualites","10":"tag-alain-carignon","11":"tag-allan-brunon","12":"tag-auvergne-rhone-alpes","13":"tag-chloe-pantel","14":"tag-christine-garnier","15":"tag-clement-chappet","16":"tag-eric-piolle","17":"tag-eu","18":"tag-europe","19":"tag-fr","20":"tag-france","21":"tag-galeries-lafayette","22":"tag-gremag","23":"tag-grenoble","24":"tag-guillaume-josserand","25":"tag-guizmaths","26":"tag-jean-cleude-borel-garin","27":"tag-laura-pfister","28":"tag-laurence-ruffin","29":"tag-luis-bertran-lopez","30":"tag-news","31":"tag-pierre-meriaux","32":"tag-raymond-avrillier","33":"tag-republique-francaise","34":"tag-thomas-ruocco-nardo"},"share_on_mastodon":{"url":"https:\/\/pubeurope.com\/@fr\/115070671615863942","error":""},"_links":{"self":[{"href":"https:\/\/www.europesays.com\/fr\/wp-json\/wp\/v2\/posts\/335440","targetHints":{"allow":["GET"]}}],"collection":[{"href":"https:\/\/www.europesays.com\/fr\/wp-json\/wp\/v2\/posts"}],"about":[{"href":"https:\/\/www.europesays.com\/fr\/wp-json\/wp\/v2\/types\/post"}],"author":[{"embeddable":true,"href":"https:\/\/www.europesays.com\/fr\/wp-json\/wp\/v2\/users\/2"}],"replies":[{"embeddable":true,"href":"https:\/\/www.europesays.com\/fr\/wp-json\/wp\/v2\/comments?post=335440"}],"version-history":[{"count":0,"href":"https:\/\/www.europesays.com\/fr\/wp-json\/wp\/v2\/posts\/335440\/revisions"}],"wp:featuredmedia":[{"embeddable":true,"href":"https:\/\/www.europesays.com\/fr\/wp-json\/wp\/v2\/media\/264021"}],"wp:attachment":[{"href":"https:\/\/www.europesays.com\/fr\/wp-json\/wp\/v2\/media?parent=335440"}],"wp:term":[{"taxonomy":"category","embeddable":true,"href":"https:\/\/www.europesays.com\/fr\/wp-json\/wp\/v2\/categories?post=335440"},{"taxonomy":"post_tag","embeddable":true,"href":"https:\/\/www.europesays.com\/fr\/wp-json\/wp\/v2\/tags?post=335440"}],"curies":[{"name":"wp","href":"https:\/\/api.w.org\/{rel}","templated":true}]}}