{"id":335445,"date":"2025-08-22T05:06:16","date_gmt":"2025-08-22T05:06:16","guid":{"rendered":"https:\/\/www.europesays.com\/fr\/335445\/"},"modified":"2025-08-22T05:06:16","modified_gmt":"2025-08-22T05:06:16","slug":"la-gauche-appelle-a-un-large-rassemblement-avec-les-ecologistes","status":"publish","type":"post","link":"https:\/\/www.europesays.com\/fr\/335445\/","title":{"rendered":"la gauche appelle \u00e0 un large rassemblement avec les \u00e9cologistes"},"content":{"rendered":"<p>            Par<br \/>\n        <strong><br \/>\n            <a href=\"https:\/\/actu.fr\/auteur\/ivan-capecchi\" title=\"Consulter tous les articles de Ivan CAPECCHI\" rel=\"nofollow noopener\" target=\"_blank\">Ivan CAPECCHI<\/a><br \/>\n        <\/strong><\/p>\n<p>        Publi\u00e9 le<\/p>\n<p>            22 ao\u00fbt 2025 \u00e0 7h02        <\/p>\n<p>Dans un communiqu\u00e9 diffus\u00e9 jeudi, le <strong>Parti communiste fran\u00e7ais, Place Publique, G\u00e9n\u00e9ration\u00b7s et Alternative Alsacienne<\/strong> annoncent la cr\u00e9ation d\u2019un p\u00f4le de gauche en vue des <a href=\"https:\/\/actu.fr\/tag\/municipales-2026\" rel=\"nofollow noopener\" target=\"_blank\">municipales de 2026<\/a> \u00e0 Strasbourg. Leur ambition\u2009: <strong>impulser un \u00ab\u2009tournant populaire\u2009\u00bb<\/strong> et <strong>construire un large rassemblement de la gauche et de l\u2019\u00e9cologie<\/strong>.<\/p>\n<p>Municipales 2026\u00a0: les priorit\u00e9s du p\u00f4le de gauche<\/p>\n<p class=\" wall-content\">Parmi leurs priorit\u00e9s figurent <strong>l\u2019\u00e9largissement de la gratuit\u00e9 et des tarifs sociaux pour l\u2019eau, l\u2019\u00e9nergie, la culture, le sport et les transports<\/strong>, une <strong>r\u00e9novation \u00e9nerg\u00e9tique massive<\/strong> des <a href=\"https:\/\/actu.fr\/tag\/logement\" rel=\"nofollow noopener\" target=\"_blank\">logements<\/a>, le <strong>renforcement des services publics dans les quartiers populaires<\/strong>, la <strong>lutte contre le mal-logement<\/strong> et la mise en place d\u2019une <a href=\"https:\/\/actu.fr\/societe\/150-euros-par-mois-et-pour-tout-le-monde-c-est-quoi-la-carte-vitale-de-l-alimentation-voulue-par-eelv_62266685.html\" rel=\"nofollow noopener\" target=\"_blank\">s\u00e9curit\u00e9 sociale de l\u2019alimentation<\/a>.<\/p>\n<p class=\" wall-content\">Personnalisez votre actualit\u00e9 en ajoutant vos villes et m\u00e9dias en favori avec <a href=\"https:\/\/moncompte.actu.fr\" title=\"D\u00e9couvez Mon Actu\" rel=\"nofollow noopener\" data-trk=\"{&quot;cta&quot;:{&quot;action&quot;:&quot;https:\\\/\\\/moncompte.actu.fr&quot;,&quot;category&quot;:&quot;mon compte&quot;,&quot;from&quot;:&quot;article footer&quot;,&quot;name&quot;:&quot;Mon actu&quot;,&quot;type&quot;:&quot;cta&quot;}}\" target=\"_blank\">Mon Actu<\/a>.<\/p>\n","protected":false},"excerpt":{"rendered":"Par Ivan CAPECCHI Publi\u00e9 le 22 ao\u00fbt 2025 \u00e0 7h02 Dans un communiqu\u00e9 diffus\u00e9 jeudi, le Parti communiste&hellip;\n","protected":false},"author":2,"featured_media":335446,"comment_status":"","ping_status":"","sticky":false,"template":"","format":"standard","meta":{"footnotes":""},"categories":[2820],"tags":[1111,11,1777,674,1011,27,775,3434,12,316,25,640],"class_list":{"0":"post-335445","1":"post","2":"type-post","3":"status-publish","4":"format-standard","5":"has-post-thumbnail","7":"category-strasbourg","8":"tag-actu","9":"tag-actualites","10":"tag-eu","11":"tag-europe","12":"tag-fr","13":"tag-france","14":"tag-grand-est","15":"tag-municipales-2026","16":"tag-news","17":"tag-politique","18":"tag-republique-francaise","19":"tag-strasbourg"},"share_on_mastodon":{"url":"https:\/\/pubeurope.com\/@fr\/115070683259096765","error":""},"_links":{"self":[{"href":"https:\/\/www.europesays.com\/fr\/wp-json\/wp\/v2\/posts\/335445","targetHints":{"allow":["GET"]}}],"collection":[{"href":"https:\/\/www.europesays.com\/fr\/wp-json\/wp\/v2\/posts"}],"about":[{"href":"https:\/\/www.europesays.com\/fr\/wp-json\/wp\/v2\/types\/post"}],"author":[{"embeddable":true,"href":"https:\/\/www.europesays.com\/fr\/wp-json\/wp\/v2\/users\/2"}],"replies":[{"embeddable":true,"href":"https:\/\/www.europesays.com\/fr\/wp-json\/wp\/v2\/comments?post=335445"}],"version-history":[{"count":0,"href":"https:\/\/www.europesays.com\/fr\/wp-json\/wp\/v2\/posts\/335445\/revisions"}],"wp:featuredmedia":[{"embeddable":true,"href":"https:\/\/www.europesays.com\/fr\/wp-json\/wp\/v2\/media\/335446"}],"wp:attachment":[{"href":"https:\/\/www.europesays.com\/fr\/wp-json\/wp\/v2\/media?parent=335445"}],"wp:term":[{"taxonomy":"category","embeddable":true,"href":"https:\/\/www.europesays.com\/fr\/wp-json\/wp\/v2\/categories?post=335445"},{"taxonomy":"post_tag","embeddable":true,"href":"https:\/\/www.europesays.com\/fr\/wp-json\/wp\/v2\/tags?post=335445"}],"curies":[{"name":"wp","href":"https:\/\/api.w.org\/{rel}","templated":true}]}}