{"id":335457,"date":"2025-08-22T05:16:17","date_gmt":"2025-08-22T05:16:17","guid":{"rendered":"https:\/\/www.europesays.com\/fr\/335457\/"},"modified":"2025-08-22T05:16:17","modified_gmt":"2025-08-22T05:16:17","slug":"la-profonde-transformation-de-ce-quartier-progresse-a-toulouse","status":"publish","type":"post","link":"https:\/\/www.europesays.com\/fr\/335457\/","title":{"rendered":"la profonde transformation de ce quartier progresse \u00e0 Toulouse"},"content":{"rendered":"<p>            Par<br \/>\n        <strong><br \/>\n            <a href=\"https:\/\/actu.fr\/auteur\/enzo-legros\" title=\"Consulter tous les articles de Enzo Legros\" rel=\"nofollow noopener\" target=\"_blank\">Enzo Legros<\/a><br \/>\n        <\/strong><\/p>\n<p>        Publi\u00e9 le<\/p>\n<p>            22 ao\u00fbt 2025 \u00e0 7h12        <\/p>\n<p>\u00c0 la sortie de la station de m\u00e9tro Borderouge <a href=\"https:\/\/actu.fr\/toulouse\/\" rel=\"nofollow noopener\" target=\"_blank\">de Toulouse<\/a>, une odeur parfume les lieux en ce mois d\u2019ao\u00fbt\u00a02025. Celle des <strong>marquages temporaires<\/strong> peints ici et l\u00e0 sur le boulevard Andr\u00e9 Netwiller illustre l\u2019\u00e8re du changement dans le quartier, entam\u00e9e depuis quelques mois. Alors que <a href=\"https:\/\/actu.fr\/occitanie\/toulouse_31555\/considere-comme-rate-lors-de-son-lancement-ce-quartier-de-toulouse-va-connaitre-plusieurs-evolutions_61864393.html\" rel=\"nofollow noopener\" target=\"_blank\">des critiques ont contrast\u00e9 le lancement de Borderouge<\/a> dans les ann\u00e9es 2010, un <strong>projet de m\u00e9tamorphose<\/strong> de l\u2019espace public est en cours. Voici les images de cette transformation.<\/p>\n<p>Partage de l\u2019espace repens\u00e9 pour l\u2019arriv\u00e9e de la Lin\u00e9o 12<\/p>\n<p class=\" wall-content\">Une tr\u00e8s grande partie du boulevard Andr\u00e9 Netwiller est inempruntable cet \u00e9t\u00e9, laissant une seule \u00e9troite voie aux automobilistes dans les deux sens. La raison est simple\u2009: les voies inaccessibles seront le futur lieu de passage de <strong><a href=\"https:\/\/actu.fr\/occitanie\/toulouse_31555\/veritable-transversale-cette-nouvelle-ligne-raccordera-en-lineo-des-quartiers-mal-desservis-de-toulouse_62981467.html\" rel=\"nofollow noopener\" target=\"_blank\">la ligne de bus Lin\u00e9o 12<\/a><\/strong>, attendue le 1er\u00a0septembre dans le quartier.<\/p>\n<p class=\" wall-content\">D\u00e9j\u00e0, au niveau de l\u2019intersection avec le boulevard Florence Arthaud, l\u2019am\u00e9nagement pour l\u2019arriv\u00e9e de la ligne est termin\u00e9, laissant appara\u00eetre ce que seront les futures voies r\u00e9serv\u00e9es aux bus.<\/p>\n<p>    <img decoding=\"async\" loading=\"lazy\" src=\"https:\/\/www.europesays.com\/fr\/wp-content\/uploads\/2025\/08\/1000048128-960x640.jpg\" alt=\"Sur le boulevard Andr\u00e9 Netwiller, l'espace routier se partage ainsi entre pi\u00e9tons, bus, cyclistes et voitures.\" width=\"960\" height=\"640\"\/><br \/>\n    Sur le boulevard Andr\u00e9 Netwiller, l\u2019espace routier se partagera ainsi entre pi\u00e9tons, bus, cyclistes et voitures, avec les voies de bus au milieu de la chauss\u00e9e. Pour l\u2019instant, les bus n\u2019y ont pas encore acc\u00e8s. (\u00a9Enzo Legros\/actu Toulouse)Nouvelle piste cyclable pour le r\u00e9seau express \u00e0 v\u00e9lo<\/p>\n<p class=\" wall-content\">Sur les deux c\u00f4t\u00e9s du boulevard, un autre axe priorise la mobilit\u00e9 douce\u2009: la nouvelle piste cyclable. Elle int\u00e8gre le <a href=\"https:\/\/actu.fr\/occitanie\/toulouse_31555\/securite-praticite-rapidite-ce-que-le-nouveau-reseau-express-velo-change-pour-les-cyclistes-a-toulouse_63030823.html\" rel=\"nofollow noopener\" target=\"_blank\">R\u00e9seau express v\u00e9lo<\/a> (REV) de la m\u00e9tropole de Toulouse et fait partie du plan de r\u00e9am\u00e9nagement du quartier Borderouge. Elle est m\u00eame l\u2019une des plus grandes portions du REV achev\u00e9es, avec pr\u00e8s de <strong>2 kilom\u00e8tres de pistes continues<\/strong> de Borderouge jusqu\u2019aux abords <a href=\"https:\/\/actu.fr\/tag\/canal-du-midi\" rel=\"nofollow noopener\" target=\"_blank\">du Canal du Midi<\/a>.<\/p>\n<p>    <img   decoding=\"async\" loading=\"lazy\" src=\"https:\/\/www.europesays.com\/fr\/wp-content\/uploads\/2025\/08\/1000048136-1-960x640.jpg\" alt=\"La nouvelle piste cyclable du R\u00e9seau express v\u00e9lo a vu le jour en 2024 \u00e0 Borderouge. \" width=\"960\" height=\"640\"\/><br \/>\n    La nouvelle piste cyclable du R\u00e9seau express v\u00e9lo a vu le jour en 2024 \u00e0 Borderouge. (\u00a9Enzo Legros\/actu Toulouse)<\/p>\n<p class=\" wall-content\">Cet axe cyclable composera la future ligne 16 du REV, qui reliera <a href=\"https:\/\/actu.fr\/occitanie\/saint-jory_31490\/perches-dans-les-arbres-des-militants-anti-lgv-expulses-par-la-gendarmerie-dans-une-zad-pres-de-toulouse_62967810.html\" rel=\"nofollow noopener\" target=\"_blank\">Saint-Jory<\/a> au centre de Toulouse.<\/p>\n<p>Votre r\u00e9gion, votre actu !<\/p>\n<p>Recevez chaque jour les infos qui comptent pour vous.<\/p>\n<p>\t<a href=\"https:\/\/actu.fr\/newsletter\" class=\"ac-btn ac-btn--corner ac-btn--medium ac-btn--blue800\" rel=\"nofollow noopener\" target=\"_blank\">S&rsquo;incrire<\/a><br \/>\nLa v\u00e9g\u00e9talisation du boulevard achev\u00e9<\/p>\n<p class=\" wall-content\">Fin 2024, les contours de la piste cyclable ont \u00e9t\u00e9 v\u00e9g\u00e9talis\u00e9s. Selon Oppidea Europolia, en charge de cette partie des travaux, <strong>56 arbres ont \u00e9t\u00e9 plant\u00e9s<\/strong> le long du boulevard Andr\u00e9 Netwiller, en plus de plusieurs parterres de fleurs.<\/p>\n<p>    <img   decoding=\"async\" loading=\"lazy\" src=\"https:\/\/www.europesays.com\/fr\/wp-content\/uploads\/2025\/08\/1000048134-1-960x640.jpg\" alt=\"La v\u00e9g\u00e9talisation du boulevard Andr\u00e9 Netwiller pousse depuis la fin de l'ann\u00e9e 2024 \u00e0 Borderouge.\" width=\"960\" height=\"640\"\/><br \/>\n    La v\u00e9g\u00e9talisation du boulevard Andr\u00e9 Netwiller pousse depuis la fin de l\u2019ann\u00e9e 2024 \u00e0 Borderouge. (\u00a9Enzo Legros\/actu Toulouse)<\/p>\n<p class=\" wall-content\">Au fil des ann\u00e9es, les arbres install\u00e9s pr\u00e8s de la sortie de m\u00e9tro gagneront en envergure et devraient <strong>offrir de l\u2019ombre<\/strong> aux cyclistes et pi\u00e9tons, une denr\u00e9e rare jusqu\u2019ici dans le quartier, notamment cet \u00e9t\u00e9 <a href=\"https:\/\/actu.fr\/occitanie\/toulouse_31555\/meteo-une-canicule-interminable-a-toulouse-et-en-occitanie-jusqu-a-41-c-annonces_63043467.html\" rel=\"nofollow noopener\" target=\"_blank\">lors de la canicule \u00e9touffante \u00e0 Toulouse<\/a>.<\/p>\n<p>    <img   decoding=\"async\" loading=\"lazy\" src=\"https:\/\/www.europesays.com\/fr\/wp-content\/uploads\/2025\/08\/t-pers-netwiller-oppidea-960x640.png\" alt=\"Voici \u00e0 quoi devrait ressembler le boulevard Andr\u00e9 Netwiller apr\u00e8s plusieurs ann\u00e9es de d\u00e9veloppement des espaces v\u00e9g\u00e9talis\u00e9s.\" width=\"960\" height=\"640\"\/><br \/>\n    Voici \u00e0 quoi devrait ressembler le boulevard Andr\u00e9 Netwiller apr\u00e8s plusieurs ann\u00e9es de d\u00e9veloppement des espaces v\u00e9g\u00e9talis\u00e9s. (\u00a9Oppidea Europolia)D\u2019autres projets au long cours<\/p>\n<p class=\" wall-content\">Le plan de refonte du quartier Borderouge ne s\u2019arr\u00eate pas l\u00e0. Il reste encore plusieurs projets \u00e0 concr\u00e9tiser d\u2019ici 2027. <strong>Un h\u00f4tel de 105 chambres<\/strong> est en construction \u00e0 proximit\u00e9 du Carr\u00e9 de la Maourine, qui doit lui aussi \u00eatre v\u00e9g\u00e9talis\u00e9 d\u2019ici la fin de l\u2019\u00e9t\u00e9, avec notamment l\u2019installation de verdures sur les pergolas de la place.<\/p>\n<p class=\" wall-content\">Pas loin non plus, <a href=\"https:\/\/actu.fr\/occitanie\/toulouse_31555\/toulouse-cet-espace-vert-veritable-oasis-de-verdure-entre-les-immeubles-va-etre-amenage_62383855.html\" rel=\"nofollow noopener\" target=\"_blank\">le square Niboul<\/a> est \u00e9galement en cours d\u2019am\u00e9nagement pour en faire un espace de vie. Le temps des travaux, la circulation reste assur\u00e9e dans le secteur. Elle sera beaucoup plus fluide \u00e0 partir du 1er septembre, lorsque les bus de la ligne Lin\u00e9o 12 circuleront au centre du boulevard Andr\u00e9 Netwiller.<\/p>\n<p class=\" wall-content\">Personnalisez votre actualit\u00e9 en ajoutant vos villes et m\u00e9dias en favori avec <a href=\"https:\/\/moncompte.actu.fr\" title=\"D\u00e9couvez Mon Actu\" rel=\"nofollow noopener\" data-trk=\"{&quot;cta&quot;:{&quot;action&quot;:&quot;https:\\\/\\\/moncompte.actu.fr&quot;,&quot;category&quot;:&quot;mon compte&quot;,&quot;from&quot;:&quot;article footer&quot;,&quot;name&quot;:&quot;Mon actu&quot;,&quot;type&quot;:&quot;cta&quot;}}\" target=\"_blank\">Mon Actu<\/a>.<\/p>\n","protected":false},"excerpt":{"rendered":"Par Enzo Legros Publi\u00e9 le 22 ao\u00fbt 2025 \u00e0 7h12 \u00c0 la sortie de la station de m\u00e9tro&hellip;\n","protected":false},"author":2,"featured_media":335458,"comment_status":"","ping_status":"","sticky":false,"template":"","format":"standard","meta":{"footnotes":""},"categories":[2816],"tags":[1111,11,1777,674,1011,27,12,2680,25,104,2312,2803],"class_list":{"0":"post-335457","1":"post","2":"type-post","3":"status-publish","4":"format-standard","5":"has-post-thumbnail","7":"category-toulouse","8":"tag-actu","9":"tag-actualites","10":"tag-eu","11":"tag-europe","12":"tag-fr","13":"tag-france","14":"tag-news","15":"tag-occitanie","16":"tag-republique-francaise","17":"tag-societe","18":"tag-toulouse","19":"tag-transport"},"share_on_mastodon":{"url":"https:\/\/pubeurope.com\/@fr\/115070722840958388","error":""},"_links":{"self":[{"href":"https:\/\/www.europesays.com\/fr\/wp-json\/wp\/v2\/posts\/335457","targetHints":{"allow":["GET"]}}],"collection":[{"href":"https:\/\/www.europesays.com\/fr\/wp-json\/wp\/v2\/posts"}],"about":[{"href":"https:\/\/www.europesays.com\/fr\/wp-json\/wp\/v2\/types\/post"}],"author":[{"embeddable":true,"href":"https:\/\/www.europesays.com\/fr\/wp-json\/wp\/v2\/users\/2"}],"replies":[{"embeddable":true,"href":"https:\/\/www.europesays.com\/fr\/wp-json\/wp\/v2\/comments?post=335457"}],"version-history":[{"count":0,"href":"https:\/\/www.europesays.com\/fr\/wp-json\/wp\/v2\/posts\/335457\/revisions"}],"wp:featuredmedia":[{"embeddable":true,"href":"https:\/\/www.europesays.com\/fr\/wp-json\/wp\/v2\/media\/335458"}],"wp:attachment":[{"href":"https:\/\/www.europesays.com\/fr\/wp-json\/wp\/v2\/media?parent=335457"}],"wp:term":[{"taxonomy":"category","embeddable":true,"href":"https:\/\/www.europesays.com\/fr\/wp-json\/wp\/v2\/categories?post=335457"},{"taxonomy":"post_tag","embeddable":true,"href":"https:\/\/www.europesays.com\/fr\/wp-json\/wp\/v2\/tags?post=335457"}],"curies":[{"name":"wp","href":"https:\/\/api.w.org\/{rel}","templated":true}]}}