{"id":335464,"date":"2025-08-22T05:21:14","date_gmt":"2025-08-22T05:21:14","guid":{"rendered":"https:\/\/www.europesays.com\/fr\/335464\/"},"modified":"2025-08-22T05:21:14","modified_gmt":"2025-08-22T05:21:14","slug":"un-jugement-pour-meurtre-en-bande-organisee-demande-contre-ladolescent-qui-a-tue-un-chauffeur-vtc-a-marseille","status":"publish","type":"post","link":"https:\/\/www.europesays.com\/fr\/335464\/","title":{"rendered":"Un jugement pour meurtre en bande organis\u00e9e demand\u00e9 contre l&rsquo;adolescent qui a tu\u00e9 un chauffeur VTC \u00e0 Marseille"},"content":{"rendered":"<p>Le Parquet demande \u00e0 ce que l&rsquo;adolescent de 14 ans soit jug\u00e9 pour meurtre en bande organis\u00e9e. <\/p>\n<p>C&rsquo;est un\u00a0<a class=\"IciLink ici-link IciArticleLink g-ici-body-regular-1 underline brand svelte-lu7k6w\" href=\"https:\/\/www.francebleu.fr\/infos\/faits-divers-justice\/600-personnes-pour-les-obseques-de-nessim-ramdane-ce-chauffeur-vtc-abattu-vendredi-par-un-jeune-de-14-ans-a-marseille-4022634\" rel=\"nofollow noopener\" target=\"_blank\">meurtre qui avait frapp\u00e9 les Marseillais<\/a>, le 4 octobre 2024 : celui de\u00a0<a class=\"IciLink ici-link IciArticleLink g-ici-body-regular-1 underline brand svelte-lu7k6w\" href=\"https:\/\/www.francebleu.fr\/infos\/faits-divers-justice\/le-chauffeur-vtc-a-ete-abattu-parce-qu-il-a-refuse-de-conduire-deux-jeunes-qui-allait-tuer-a-marseille-7066353\" rel=\"nofollow noopener\" target=\"_blank\">Nessim Ramdame, un p\u00e8re de famille de 36 ans,<\/a>\u00a0chauffeur de VTC, abattu par un\u00a0<a class=\"IciLink ici-link IciArticleLink g-ici-body-regular-1 underline brand svelte-lu7k6w\" href=\"https:\/\/www.francebleu.fr\/infos\/faits-divers-justice\/narchomicide-a-marseille-le-tueur-presume-age-de-14-ans-ecroue-5980710\" rel=\"nofollow noopener\" target=\"_blank\">adolescent d&rsquo;\u00e0 peine 14 ans.<\/a>\u00a0Le procureur de Marseille, Nicolas Bessonne, avait d\u00e9nonc\u00e9 \u00e0 cette occasion la \u00ab\u00a0sauvagerie in\u00e9dite\u00a0\u00bb des &lsquo;narchomicides&rsquo; et \u00ab\u00a0l&rsquo;ultra-rajeunissement\u00a0\u00bb des criminels. Le jeune tueur \u00e0 gages avait pris un VTC pour se rendre dans le quartier F\u00e9lix Pyat, o\u00f9 il pensait trouver sa cible. Puis, il avait abattu le chauffeur.<\/p>\n<p>Selon <strong>France Inter,<\/strong> le parquet de Paris (comp\u00e9tent au titre de la grande criminalit\u00e9 organis\u00e9e) a demand\u00e9 que le jeune homme soit jug\u00e9 pour meurtre en bande organis\u00e9e.<\/p>\n<p>Un parcours chaotique<\/p>\n<p>Selon les informations de nos confr\u00e8res, le parcours de l&rsquo;adolescent accus\u00e9 r\u00e9v\u00e8le un chaos total. \u00c0 l&rsquo;\u00e9t\u00e9 2024, d\u00e9j\u00e0 mis en cause pour des affaires de stups et de violences, d\u00e9clare sans ciller qu&rsquo;il veut devenir \u00ab\u00a0tueur \u00e0 gages\u00a0\u00bb. Ses deux parents sont en prison. Sa scolarit\u00e9, d\u00e9sordonn\u00e9e. En septembre, il fugue de son foyer, et accepte le contrat d&rsquo;un trafiquant.<\/p>\n<p>Ce commanditaire, qui se revendique de la DZ mafia, est incarc\u00e9r\u00e9, mais poursuit ses activit\u00e9s par t\u00e9l\u00e9phone. C&rsquo;est le deuxi\u00e8me enfant qu&rsquo;il envoie cette semaine-l\u00e0 sur une mission criminelle \u00e0 haut risque. Le premier, \u00e2g\u00e9 de 15 ans, a \u00e9t\u00e9 tortur\u00e9 \u00e0 mort.<\/p>\n<p>\u00c0 lire aussi   <img decoding=\"async\" src=\"https:\/\/www.europesays.com\/fr\/wp-content\/uploads\/2025\/08\/1755840074_449_560x315\" alt=\"Le lieu o\u00f9 le chauffeur de VTC a \u00e9t\u00e9 tu\u00e9\" style=\"--_image-preview:url('data:image\/jpeg;base64,\/9j\/2wBDACgcHiMeGSgjISMtKygwPGRBPDc3PHtYXUlkkYCZlo+AjIqgtObDoKrarYqMyP\/L2u71\/\/\/\/m8H\/\/\/\/6\/+b9\/\/j\/2wBDASstLTw1PHZBQXb4pYyl+Pj4+Pj4+Pj4+Pj4+Pj4+Pj4+Pj4+Pj4+Pj4+Pj4+Pj4+Pj4+Pj4+Pj4+Pj4+Pj4+Pj\/wAARCAAXACoDASIAAhEBAxEB\/8QAGAABAQEBAQAAAAAAAAAAAAAAAwACAQT\/xAAXEAEBAQEAAAAAAAAAAAAAAAAAAQIR\/8QAFQEBAQAAAAAAAAAAAAAAAAAAAQD\/xAAUEQEAAAAAAAAAAAAAAAAAAAAA\/9oADAMBAAIRAxEAPwBND1CVigisY1C0eiA6ZJpjiT32uVIFij0kUOspIP\/Z');\" loading=\"lazy\" fetchpriority=\"low\" aria-hidden=\"true\" class=\"svelte-1pnmlwx rounded\" onload=\"this.__e=event\" onerror=\"this.__e=event\"\/><\/p>\n<p><strong>L&rsquo;enqu\u00eate n&rsquo;a toujours pas permis d&rsquo;\u00e9tablir pourquoi l&rsquo;adolescent avait tir\u00e9 sur le chauffeur.<\/strong> Dans la foul\u00e9e de l&rsquo;assassinat, il appelle son contact, en panique. Mais le commanditaire furieux de son \u00e9chec le d\u00e9nonce \u00e0 la police. L&rsquo;enqu\u00eate sur celui-ci se poursuit.<\/p>\n<p>Il appartient d\u00e9sormais au juge d&rsquo;instruction de renvoyer le mineur devant le tribunal pour enfants. <strong>L&rsquo;adolescent, \u00e9crou\u00e9 depuis le 06 octobre 2024, devrait \u00eatre bient\u00f4t jug\u00e9.<\/strong> Un proc\u00e8s pourrait avoir lieu dans les prochaines semaines car vu son \u00e2ge, la d\u00e9tention provisoire ne peut d\u00e9passer un an. Les experts le qualifient \u00ab\u00a0d&rsquo;intelligent\u00a0\u00bb. D\u00e9sormais, son avenir, il ne le voit plus dans les contrats, mais il veut poursuivre dans les stups. Le psychologue estime que la confrontation avec la famille de sa victime permettra peut-\u00eatre une prise de conscience.<\/p>\n","protected":false},"excerpt":{"rendered":"Le Parquet demande \u00e0 ce que l&rsquo;adolescent de 14 ans soit jug\u00e9 pour meurtre en bande organis\u00e9e. C&rsquo;est&hellip;\n","protected":false},"author":2,"featured_media":335465,"comment_status":"","ping_status":"","sticky":false,"template":"","format":"standard","meta":{"footnotes":""},"categories":[2814],"tags":[1111,11,1777,674,1011,27,884,12,882,25],"class_list":{"0":"post-335464","1":"post","2":"type-post","3":"status-publish","4":"format-standard","5":"has-post-thumbnail","7":"category-marseille","8":"tag-actu","9":"tag-actualites","10":"tag-eu","11":"tag-europe","12":"tag-fr","13":"tag-france","14":"tag-marseille","15":"tag-news","16":"tag-provence-alpes-cote-dazur","17":"tag-republique-francaise"},"share_on_mastodon":{"url":"https:\/\/pubeurope.com\/@fr\/115070742288364406","error":""},"_links":{"self":[{"href":"https:\/\/www.europesays.com\/fr\/wp-json\/wp\/v2\/posts\/335464","targetHints":{"allow":["GET"]}}],"collection":[{"href":"https:\/\/www.europesays.com\/fr\/wp-json\/wp\/v2\/posts"}],"about":[{"href":"https:\/\/www.europesays.com\/fr\/wp-json\/wp\/v2\/types\/post"}],"author":[{"embeddable":true,"href":"https:\/\/www.europesays.com\/fr\/wp-json\/wp\/v2\/users\/2"}],"replies":[{"embeddable":true,"href":"https:\/\/www.europesays.com\/fr\/wp-json\/wp\/v2\/comments?post=335464"}],"version-history":[{"count":0,"href":"https:\/\/www.europesays.com\/fr\/wp-json\/wp\/v2\/posts\/335464\/revisions"}],"wp:featuredmedia":[{"embeddable":true,"href":"https:\/\/www.europesays.com\/fr\/wp-json\/wp\/v2\/media\/335465"}],"wp:attachment":[{"href":"https:\/\/www.europesays.com\/fr\/wp-json\/wp\/v2\/media?parent=335464"}],"wp:term":[{"taxonomy":"category","embeddable":true,"href":"https:\/\/www.europesays.com\/fr\/wp-json\/wp\/v2\/categories?post=335464"},{"taxonomy":"post_tag","embeddable":true,"href":"https:\/\/www.europesays.com\/fr\/wp-json\/wp\/v2\/tags?post=335464"}],"curies":[{"name":"wp","href":"https:\/\/api.w.org\/{rel}","templated":true}]}}