{"id":335466,"date":"2025-08-22T05:22:10","date_gmt":"2025-08-22T05:22:10","guid":{"rendered":"https:\/\/www.europesays.com\/fr\/335466\/"},"modified":"2025-08-22T05:22:10","modified_gmt":"2025-08-22T05:22:10","slug":"meteo-du-mieux-dans-le-ciel-de-lyon-ce-vendredi-24-degres-attendus","status":"publish","type":"post","link":"https:\/\/www.europesays.com\/fr\/335466\/","title":{"rendered":"M\u00e9t\u00e9o : du mieux dans le ciel de Lyon ce vendredi, 24 degr\u00e9s attendus"},"content":{"rendered":"<p>                            <img loading=\"lazy\" width=\"1200\" height=\"750\" class=\"attachment-article size-article wp-post-image lazyload\" alt=\"Quais du Rho\u0302ne \u00e0 Lyon @Hugo LAUBEPIN\" decoding=\"async\" src=\"https:\/\/www.europesays.com\/fr\/wp-content\/uploads\/2025\/08\/Quais-du-Rhone-Lyon-e1690962047158.jpg\" data-eio-rwidth=\"1200\" data-eio-rheight=\"750\"\/><\/p>\n<p>Quais du Rho\u0302ne \u00e0 Lyon<br \/>\n@Hugo LAUBEPIN<\/p>\n<p class=\"content\" style=\"font-size:1.2em;font-weight:700\">La m\u00e9t\u00e9o est plus cl\u00e9mente ce vendredi 22 ao\u00fbt. De belles \u00e9claircies seront visibles tandis que le mercure indiquera 24 degr\u00e9s au meilleur de la journ\u00e9e.<\/p>\n<p>Le ciel de Lyon s\u2019am\u00e9liore ce vendredi 22 ao\u00fbt. La journ\u00e9e commence sous quelques nuages, mais le soleil domine largement. C\u00f4t\u00e9 temp\u00e9ratures, ces derni\u00e8res sont plut\u00f4t fra\u00eeches avec 16 degr\u00e9s.<\/p>\n<p>Les temp\u00e9ratures grimperont cependant dans l\u2019apr\u00e8s-midi pour se rapprocher des normales de saison avec 24 degr\u00e9s. Peu de changement dans le ciel au cours de la journ\u00e9e, bien que des bourrasques de vent d\u2019environ 20 km\/h seront ressenties.<\/p>\n","protected":false},"excerpt":{"rendered":"Quais du Rho\u0302ne \u00e0 Lyon @Hugo LAUBEPIN La m\u00e9t\u00e9o est plus cl\u00e9mente ce vendredi 22 ao\u00fbt. De belles&hellip;\n","protected":false},"author":2,"featured_media":335467,"comment_status":"","ping_status":"","sticky":false,"template":"","format":"standard","meta":{"footnotes":""},"categories":[1889],"tags":[1111,11,2430,1777,674,1011,27,2428,12,25],"class_list":{"0":"post-335466","1":"post","2":"type-post","3":"status-publish","4":"format-standard","5":"has-post-thumbnail","7":"category-lyon","8":"tag-actu","9":"tag-actualites","10":"tag-auvergne-rhone-alpes","11":"tag-eu","12":"tag-europe","13":"tag-fr","14":"tag-france","15":"tag-lyon","16":"tag-news","17":"tag-republique-francaise"},"share_on_mastodon":{"url":"https:\/\/pubeurope.com\/@fr\/115070746405884347","error":""},"_links":{"self":[{"href":"https:\/\/www.europesays.com\/fr\/wp-json\/wp\/v2\/posts\/335466","targetHints":{"allow":["GET"]}}],"collection":[{"href":"https:\/\/www.europesays.com\/fr\/wp-json\/wp\/v2\/posts"}],"about":[{"href":"https:\/\/www.europesays.com\/fr\/wp-json\/wp\/v2\/types\/post"}],"author":[{"embeddable":true,"href":"https:\/\/www.europesays.com\/fr\/wp-json\/wp\/v2\/users\/2"}],"replies":[{"embeddable":true,"href":"https:\/\/www.europesays.com\/fr\/wp-json\/wp\/v2\/comments?post=335466"}],"version-history":[{"count":0,"href":"https:\/\/www.europesays.com\/fr\/wp-json\/wp\/v2\/posts\/335466\/revisions"}],"wp:featuredmedia":[{"embeddable":true,"href":"https:\/\/www.europesays.com\/fr\/wp-json\/wp\/v2\/media\/335467"}],"wp:attachment":[{"href":"https:\/\/www.europesays.com\/fr\/wp-json\/wp\/v2\/media?parent=335466"}],"wp:term":[{"taxonomy":"category","embeddable":true,"href":"https:\/\/www.europesays.com\/fr\/wp-json\/wp\/v2\/categories?post=335466"},{"taxonomy":"post_tag","embeddable":true,"href":"https:\/\/www.europesays.com\/fr\/wp-json\/wp\/v2\/tags?post=335466"}],"curies":[{"name":"wp","href":"https:\/\/api.w.org\/{rel}","templated":true}]}}