{"id":335468,"date":"2025-08-22T05:23:15","date_gmt":"2025-08-22T05:23:15","guid":{"rendered":"https:\/\/www.europesays.com\/fr\/335468\/"},"modified":"2025-08-22T05:23:15","modified_gmt":"2025-08-22T05:23:15","slug":"recrudescence-des-vols-a-larrache","status":"publish","type":"post","link":"https:\/\/www.europesays.com\/fr\/335468\/","title":{"rendered":"recrudescence des vols \u00e0 l&rsquo;arrach\u00e9"},"content":{"rendered":"<p>Lyon: recrudescence des vols \u00e0 l&rsquo;arrach\u00e9Sur le m\u00eame sujet<a href=\"https:\/\/www.bfmtv.com\/police-justice\/video-lyon-recrudescence-des-vols-a-l-arrache_VN-202508220088.html\" title=\"Lyon: recrudescence des vols \u00e0 l&#039;arrach\u00e9 \" rel=\"nofollow noopener\" target=\"_blank\"><img width=\"16\" height=\"9\" class=\"lozad\"  alt=\"Lyon: recrudescence des vols \u00e0 l'arrach\u00e9 \"\/>en lectureLyon: recrudescence des vols \u00e0 l&rsquo;arrach\u00e9<\/a><a href=\"https:\/\/www.bfmtv.com\/police-justice\/video-au-touquet-la-lutte-contre-les-incivilites-ne-prend-pas-de-vacances_VN-202508220064.html\" title=\"Au Touquet, la lutte contre les incivilit\u00e9s ne prend pas de vacances\" rel=\"nofollow noopener\" target=\"_blank\"><img width=\"16\" height=\"9\" class=\"lozad\"  alt=\"Au Touquet, la lutte contre les incivilit\u00e9s ne prend pas de vacances\"\/>1:20Au Touquet, la lutte contre les incivilit\u00e9s ne prend pas de vacances<\/a><a href=\"https:\/\/www.bfmtv.com\/police-justice\/video-haute-savoie-apres-l-eboulement-la-route-restera-fermee-le-temps-de-proceder-a-des-analyses_VN-202508220039.html\" title=\"Haute-Savoie: apr\u00e8s l&#039;\u00e9boulement, la route restera ferm\u00e9e le temps de proc\u00e9der \u00e0 des analyses\" rel=\"nofollow noopener\" target=\"_blank\"><img width=\"16\" height=\"9\" class=\"lozad\"  alt=\"Haute-Savoie: apr\u00e8s l'\u00e9boulement, la route restera ferm\u00e9e le temps de proc\u00e9der \u00e0 des analyses\"\/>1:07Haute-Savoie: apr\u00e8s l&rsquo;\u00e9boulement, la route restera ferm\u00e9e le temps de proc\u00e9der \u00e0 des analyses<\/a><a href=\"https:\/\/www.bfmtv.com\/police-justice\/video-violences-a-aurillac-deux-compagnies-de-crs-envoyees-en-renfort-aucun-debordement-signale-ce-jeudi-soir_VN-202508220037.html\" title=\"Violences \u00e0 Aurillac: deux compagnies de CRS envoy\u00e9es en renfort, aucun d\u00e9bordement signal\u00e9 ce jeudi soir\" rel=\"nofollow noopener\" target=\"_blank\"><img width=\"16\" height=\"9\" class=\"lozad\"  alt=\"Violences \u00e0 Aurillac: deux compagnies de CRS envoy\u00e9es en renfort, aucun d\u00e9bordement signal\u00e9 ce jeudi soir\"\/>1:30Violences \u00e0 Aurillac: deux compagnies de CRS envoy\u00e9es en renfort, aucun d\u00e9bordement signal\u00e9 ce jeudi soir<\/a><a href=\"https:\/\/www.bfmtv.com\/police-justice\/video-mort-de-jean-pormanove-ce-que-revele-l-autopsie-du-streameur_VN-202508220035.html\" title=\"Mort de Jean Pormanove: ce que r\u00e9v\u00e8le l&#039;autopsie du streameur\" rel=\"nofollow noopener\" target=\"_blank\"><img width=\"16\" height=\"9\" class=\"lozad\"  alt=\"Mort de Jean Pormanove: ce que r\u00e9v\u00e8le l'autopsie du streameur\"\/>1:34Mort de Jean Pormanove: ce que r\u00e9v\u00e8le l&rsquo;autopsie du streameur<\/a><a href=\"https:\/\/www.bfmtv.com\/police-justice\/video-les-crs-en-renfort-sont-arrives-a-aurillac-apres-la-derniere-nuit-d-emeutes_VN-202508210640.html\" title=\"Les CRS en renfort sont arriv\u00e9s \u00e0 Aurillac apr\u00e8s la derni\u00e8re nuit d&#039;\u00e9meutes\" rel=\"nofollow noopener\" target=\"_blank\"><img width=\"16\" height=\"9\" class=\"lozad\"  alt=\"Les CRS en renfort sont arriv\u00e9s \u00e0 Aurillac apr\u00e8s la derni\u00e8re nuit d'\u00e9meutes\"\/>0:55Les CRS en renfort sont arriv\u00e9s \u00e0 Aurillac apr\u00e8s la derni\u00e8re nuit d&rsquo;\u00e9meutes<\/a><a href=\"https:\/\/www.bfmtv.com\/police-justice\/video-mort-du-streameur-jean-pormanove-les-coups-ne-nous-paraissaient-pas-simules-explique-la-presidente-de-la-ligue-des-droits-de-l-homme_VN-202508210606.html\" title=\"Mort du streameur Jean Pormanove: &quot;Les coups ne nous paraissaient pas simul\u00e9s&quot;, explique la pr\u00e9sidente de la Ligue des droits de l\u2019Homme\" rel=\"nofollow noopener\" target=\"_blank\"><img width=\"16\" height=\"9\" class=\"lozad\"  alt=\"Mort du streameur Jean Pormanove: &quot;Les coups ne nous paraissaient pas simul\u00e9s&quot;, explique la pr\u00e9sidente de la Ligue des droits de l\u2019Homme\"\/>1:16Mort du streameur Jean Pormanove: \u00ab\u00a0Les coups ne nous paraissaient pas simul\u00e9s\u00a0\u00bb, explique la pr\u00e9sidente de la Ligue des droits de l\u2019Homme<\/a><a href=\"https:\/\/www.bfmtv.com\/police-justice\/video-maitre-phillipe-henry-honegger-avocat-du-streameur-naruto-confie-que-son-client-n-avait-pas-connaissance-de-l-etat-de-sante-fragile-de-jean-pormanove_VN-202508210605.html\" title=\"Ma\u00eetre Phillipe-Henry Honegger, avocat du streameur &quot;Naruto&quot;, confie que son client &quot;n&#039;avait pas connaissance&quot; de l&#039;\u00e9tat de sant\u00e9 fragile de Jean Pormanove\" rel=\"nofollow noopener\" target=\"_blank\"><img width=\"16\" height=\"9\" class=\"lozad\"  alt=\"Ma\u00eetre Phillipe-Henry Honegger, avocat du streameur &quot;Naruto&quot;, confie que son client &quot;n'avait pas connaissance&quot; de l'\u00e9tat de sant\u00e9 fragile de Jean Pormanove\"\/>3:18Ma\u00eetre Phillipe-Henry Honegger, avocat du streameur \u00ab\u00a0Naruto\u00a0\u00bb, confie que son client \u00ab\u00a0n&rsquo;avait pas connaissance\u00a0\u00bb de l&rsquo;\u00e9tat de sant\u00e9 fragile de Jean Pormanove<\/a><a href=\"https:\/\/www.bfmtv.com\/police-justice\/video-ce-n-est-pas-le-comportement-adopte-dans-le-cadre-de-ce-stream-qui-a-cause-la-mort-indique-l-avocat-du-streameur-naruto-ancien-partenaire-de-jean-pormanove_VN-202508210601.html\" title=\"&quot;Ce n&#039;est pas le comportement adopt\u00e9 dans le cadre de ce stream qui a caus\u00e9 la mort&quot;, indique l&#039;avocat du streameur &quot;Naruto&quot;, ancien partenaire de Jean Pormanove\" rel=\"nofollow noopener\" target=\"_blank\"><img width=\"16\" height=\"9\" class=\"lozad\"  alt=\"&quot;Ce n'est pas le comportement adopt\u00e9 dans le cadre de ce stream qui a caus\u00e9 la mort&quot;, indique l'avocat du streameur &quot;Naruto&quot;, ancien partenaire de Jean Pormanove\"\/>1:06&Prime;Ce n&rsquo;est pas le comportement adopt\u00e9 dans le cadre de ce stream qui a caus\u00e9 la mort\u00a0\u00bb, indique l&rsquo;avocat du streameur \u00ab\u00a0Naruto\u00a0\u00bb, ancien partenaire de Jean Pormanove<\/a><a href=\"https:\/\/www.bfmtv.com\/police-justice\/video-mort-de-jean-pormanove-selon-le-parquet-de-nice-le-deces-du-streameur-n-est-pas-en-lien-avec-l-intervention-d-un-tiers_VN-202508210590.html\" title=\"Mort de Jean Pormanove: selon le parquet de Nice, le d\u00e9c\u00e8s du streameur n&#039;est pas en lien avec &quot;l&#039;intervention d&#039;un tiers&quot;\" rel=\"nofollow noopener\" target=\"_blank\"><img width=\"16\" height=\"9\" class=\"lozad\"  alt=\"Mort de Jean Pormanove: selon le parquet de Nice, le d\u00e9c\u00e8s du streameur n'est pas en lien avec &quot;l'intervention d'un tiers&quot;\"\/>1:34Mort de Jean Pormanove: selon le parquet de Nice, le d\u00e9c\u00e8s du streameur n&rsquo;est pas en lien avec \u00ab\u00a0l&rsquo;intervention d&rsquo;un tiers\u00a0\u00bb<\/a><a href=\"https:\/\/www.bfmtv.com\/police-justice\/video-affrontements-a-aurillac-ces-groupes-ont-tente-de-s-introduire-a-l-interieur-de-la-maison-d-arret-indique-olivier-raynaud-secretaire-zonal-crs-sud-est-pour-l-unsa-police_VN-202508210585.html\" title=\"Affrontements \u00e0 Aurillac: &quot;Ces groupes ont tent\u00e9 de s&#039;introduire \u00e0 l&#039;int\u00e9rieur de la maison d&#039;arr\u00eat&quot;, indique Olivier Raynaud, secr\u00e9taire zonal CRS Sud-Est pour l&#039;Unsa-Police \" rel=\"nofollow noopener\" target=\"_blank\"><img width=\"16\" height=\"9\" class=\"lozad\"  alt=\"Affrontements \u00e0 Aurillac: &quot;Ces groupes ont tent\u00e9 de s'introduire \u00e0 l'int\u00e9rieur de la maison d'arr\u00eat&quot;, indique Olivier Raynaud, secr\u00e9taire zonal CRS Sud-Est pour l'Unsa-Police \"\/>0:41Affrontements \u00e0 Aurillac: \u00ab\u00a0Ces groupes ont tent\u00e9 de s&rsquo;introduire \u00e0 l&rsquo;int\u00e9rieur de la maison d&rsquo;arr\u00eat\u00a0\u00bb, indique Olivier Raynaud, secr\u00e9taire zonal CRS Sud-Est pour l&rsquo;Unsa-Police<\/a><a href=\"https:\/\/www.bfmtv.com\/police-justice\/video-affrontements-a-aurillac-olivier-raynaud-secretaire-zonal-crs-sud-est-pour-l-unsa-police-indique-que-les-emeutiers-sont-des-personnes-de-la-mouvance-d-extreme-gauche_VN-202508210583.html\" title=\"Affrontements \u00e0 Aurillac: Olivier Raynaud, secr\u00e9taire zonal CRS Sud-Est pour l&#039;Unsa-Police, indique que les \u00e9meutiers sont &quot;des personnes de la mouvance d&#039;extr\u00eame gauche&quot;\" rel=\"nofollow noopener\" target=\"_blank\"><img width=\"16\" height=\"9\" class=\"lozad\"  alt=\"Affrontements \u00e0 Aurillac: Olivier Raynaud, secr\u00e9taire zonal CRS Sud-Est pour l'Unsa-Police, indique que les \u00e9meutiers sont &quot;des personnes de la mouvance d'extr\u00eame gauche&quot;\"\/>1:25Affrontements \u00e0 Aurillac: Olivier Raynaud, secr\u00e9taire zonal CRS Sud-Est pour l&rsquo;Unsa-Police, indique que les \u00e9meutiers sont \u00ab\u00a0des personnes de la mouvance d&rsquo;extr\u00eame gauche\u00a0\u00bb<\/a><a href=\"https:\/\/www.bfmtv.com\/police-justice\/video-violences-a-aurillac-j-ai-vu-ma-vitrine-eclatee-et-taguee-temoigne-un-commercant-au-lendemain-des-affrontements_VN-202508210580.html\" title=\"Violences \u00e0 Aurillac: &quot;J&#039;ai vu ma vitrine \u00e9clat\u00e9e et tagu\u00e9e&quot;, t\u00e9moigne un commer\u00e7ant au lendemain des affrontements\" rel=\"nofollow noopener\" target=\"_blank\"><img width=\"16\" height=\"9\" class=\"lozad\"  alt=\"Violences \u00e0 Aurillac: &quot;J'ai vu ma vitrine \u00e9clat\u00e9e et tagu\u00e9e&quot;, t\u00e9moigne un commer\u00e7ant au lendemain des affrontements\"\/>1:39Violences \u00e0 Aurillac: \u00ab\u00a0J&rsquo;ai vu ma vitrine \u00e9clat\u00e9e et tagu\u00e9e\u00a0\u00bb, t\u00e9moigne un commer\u00e7ant au lendemain des affrontements<\/a><a href=\"https:\/\/www.bfmtv.com\/police-justice\/video-corps-retrouves-dans-la-seine-jacques-charles-fombonne-general-de-gendarmerie-se-questionne-comment-peut-on-imaginer-qu-il-y-ait-des-etapes-de-decomposition-des-corps-si-differentes_VN-202508210575.html\" title=\"Corps retrouv\u00e9s dans la Seine: Jacques-Charles Fombonne, g\u00e9n\u00e9ral de gendarmerie, se questionne: &quot;Comment peut-on imaginer qu&#039;il y ait des \u00e9tapes de d\u00e9composition des corps si diff\u00e9rentes?&quot;\" rel=\"nofollow noopener\" target=\"_blank\"><img width=\"16\" height=\"9\" class=\"lozad\"  alt=\"Corps retrouv\u00e9s dans la Seine: Jacques-Charles Fombonne, g\u00e9n\u00e9ral de gendarmerie, se questionne: &quot;Comment peut-on imaginer qu'il y ait des \u00e9tapes de d\u00e9composition des corps si diff\u00e9rentes?&quot;\"\/>2:14Corps retrouv\u00e9s dans la Seine: Jacques-Charles Fombonne, g\u00e9n\u00e9ral de gendarmerie, se questionne: \u00ab\u00a0Comment peut-on imaginer qu&rsquo;il y ait des \u00e9tapes de d\u00e9composition des corps si diff\u00e9rentes?\u00a0\u00bb<\/a><a class=\"jumpToVideo\" target=\"_blank\"><img class=\"thumbnailPreview\"\/><\/a><\/p>\n","protected":false},"excerpt":{"rendered":"Lyon: recrudescence des vols \u00e0 l&rsquo;arrach\u00e9Sur le m\u00eame sujeten lectureLyon: recrudescence des vols \u00e0 l&rsquo;arrach\u00e91:20Au Touquet, la lutte&hellip;\n","protected":false},"author":2,"featured_media":335469,"comment_status":"","ping_status":"","sticky":false,"template":"","format":"standard","meta":{"footnotes":""},"categories":[1889],"tags":[1111,11,2430,1777,674,1011,27,2428,12,25],"class_list":{"0":"post-335468","1":"post","2":"type-post","3":"status-publish","4":"format-standard","5":"has-post-thumbnail","7":"category-lyon","8":"tag-actu","9":"tag-actualites","10":"tag-auvergne-rhone-alpes","11":"tag-eu","12":"tag-europe","13":"tag-fr","14":"tag-france","15":"tag-lyon","16":"tag-news","17":"tag-republique-francaise"},"share_on_mastodon":{"url":"https:\/\/pubeurope.com\/@fr\/115070750148549018","error":""},"_links":{"self":[{"href":"https:\/\/www.europesays.com\/fr\/wp-json\/wp\/v2\/posts\/335468","targetHints":{"allow":["GET"]}}],"collection":[{"href":"https:\/\/www.europesays.com\/fr\/wp-json\/wp\/v2\/posts"}],"about":[{"href":"https:\/\/www.europesays.com\/fr\/wp-json\/wp\/v2\/types\/post"}],"author":[{"embeddable":true,"href":"https:\/\/www.europesays.com\/fr\/wp-json\/wp\/v2\/users\/2"}],"replies":[{"embeddable":true,"href":"https:\/\/www.europesays.com\/fr\/wp-json\/wp\/v2\/comments?post=335468"}],"version-history":[{"count":0,"href":"https:\/\/www.europesays.com\/fr\/wp-json\/wp\/v2\/posts\/335468\/revisions"}],"wp:featuredmedia":[{"embeddable":true,"href":"https:\/\/www.europesays.com\/fr\/wp-json\/wp\/v2\/media\/335469"}],"wp:attachment":[{"href":"https:\/\/www.europesays.com\/fr\/wp-json\/wp\/v2\/media?parent=335468"}],"wp:term":[{"taxonomy":"category","embeddable":true,"href":"https:\/\/www.europesays.com\/fr\/wp-json\/wp\/v2\/categories?post=335468"},{"taxonomy":"post_tag","embeddable":true,"href":"https:\/\/www.europesays.com\/fr\/wp-json\/wp\/v2\/tags?post=335468"}],"curies":[{"name":"wp","href":"https:\/\/api.w.org\/{rel}","templated":true}]}}