{"id":335473,"date":"2025-08-22T05:26:12","date_gmt":"2025-08-22T05:26:12","guid":{"rendered":"https:\/\/www.europesays.com\/fr\/335473\/"},"modified":"2025-08-22T05:26:12","modified_gmt":"2025-08-22T05:26:12","slug":"les-valeurs-a-suivre-a-paris-et-en-europe-22-08-2025-a-0700","status":"publish","type":"post","link":"https:\/\/www.europesays.com\/fr\/335473\/","title":{"rendered":"Les valeurs \u00e0 suivre \u00e0 Paris et en Europe &#8211; 22\/08\/2025 \u00e0 07:00"},"content":{"rendered":"<p>\n *\n<\/p>\n<p>\n Variation des futures sur indice CAC 40  0#FCE:\n<\/p>\n<p>\n *\n<\/p>\n<p>\n Variation des futures sur indice Stoxx 600  0#FXXP:\n<\/p>\n<p>\n *\n<\/p>\n<p>\n Valeurs qui se traitent ex-dividende  .EX.PA\n<\/p>\n<p>\n *\n<\/p>\n<p>\n Le point sur les march\u00e9s europ\u00e9ens  .EUFR\n<\/p>\n<p>\n Les valeurs \u00e0 suivre vendredi<br \/>\n\u00e0 la Bourse de Paris et en Europe :\n<\/p>\n<p>\n * GLENCORE<br \/>\n <a href=\"https:\/\/www.boursorama.com\/cours\/1uGLEN.L\/\" rel=\"nofollow noopener\" target=\"_blank\"><br \/>\n  GLEN.L<br \/>\n <\/a><br \/>\n pr\u00e9voit de produire 1 million de tonnes<br \/>\nde cuivre gr\u00e2ce \u00e0 ses projets en Argentine au cours des 10 \u00e0 15<br \/>\nprochaines ann\u00e9es, a d\u00e9clar\u00e9 jeudi le PDG de la soci\u00e9t\u00e9 dans ce<br \/>\npays d&rsquo;Am\u00e9rique latine.\n<\/p>\n<p>\n *  BP<br \/>\n <a href=\"https:\/\/www.boursorama.com\/cours\/1uBP..L\/\" rel=\"nofollow noopener\" target=\"_blank\"><br \/>\n  BP.L<br \/>\n <\/a><br \/>\n &#8211; La raffinerie du groupe de 440.000 barils par<br \/>\njour situ\u00e9e \u00e0 Whiting, en Indiana, a continu\u00e9 \u00e0 br\u00fbler des<br \/>\nmat\u00e9riaux dans ses torch\u00e8res apr\u00e8s que des inondations ont<br \/>\nperturb\u00e9 ses activit\u00e9s plus t\u00f4t cette semaine, a d\u00e9clar\u00e9 la<br \/>\nsoci\u00e9t\u00e9.\n<\/p>\n<p>\n L&rsquo;AGENDA FRANCE &amp; INTERNATIONAL \u00c0 7 JOURS:<\/p>\n<p> nL8N3U8080\n<\/p>\n<p>\n (R\u00e9dig\u00e9 par Mara V\u00eelcu)<\/p>\n","protected":false},"excerpt":{"rendered":"* Variation des futures sur indice CAC 40 0#FCE: * Variation des futures sur indice Stoxx 600 0#FXXP:&hellip;\n","protected":false},"author":2,"featured_media":64038,"comment_status":"","ping_status":"","sticky":false,"template":"","format":"standard","meta":{"footnotes":""},"categories":[1888],"tags":[400,1111,1928,11,1927,398,408,405,1777,674,1011,27,403,402,399,404,12,1926,626,1925,25,401,406,407],"class_list":{"0":"post-335473","1":"post","2":"type-post","3":"status-publish","4":"format-standard","5":"has-post-thumbnail","7":"category-paris","8":"tag-action-cac-40","9":"tag-actu","10":"tag-actu-paris","11":"tag-actualites","12":"tag-actualites-paris","13":"tag-bourse-de-paris","14":"tag-boursorama","15":"tag-cotations","16":"tag-eu","17":"tag-europe","18":"tag-fr","19":"tag-france","20":"tag-indices-devises","21":"tag-investir","22":"tag-investissement","23":"tag-marche-boursier","24":"tag-news","25":"tag-news-paris","26":"tag-paris","27":"tag-paris-news","28":"tag-republique-francaise","29":"tag-sicav","30":"tag-trackers","31":"tag-warrants"},"share_on_mastodon":{"url":"https:\/\/pubeurope.com\/@fr\/115070761944479814","error":""},"_links":{"self":[{"href":"https:\/\/www.europesays.com\/fr\/wp-json\/wp\/v2\/posts\/335473","targetHints":{"allow":["GET"]}}],"collection":[{"href":"https:\/\/www.europesays.com\/fr\/wp-json\/wp\/v2\/posts"}],"about":[{"href":"https:\/\/www.europesays.com\/fr\/wp-json\/wp\/v2\/types\/post"}],"author":[{"embeddable":true,"href":"https:\/\/www.europesays.com\/fr\/wp-json\/wp\/v2\/users\/2"}],"replies":[{"embeddable":true,"href":"https:\/\/www.europesays.com\/fr\/wp-json\/wp\/v2\/comments?post=335473"}],"version-history":[{"count":0,"href":"https:\/\/www.europesays.com\/fr\/wp-json\/wp\/v2\/posts\/335473\/revisions"}],"wp:featuredmedia":[{"embeddable":true,"href":"https:\/\/www.europesays.com\/fr\/wp-json\/wp\/v2\/media\/64038"}],"wp:attachment":[{"href":"https:\/\/www.europesays.com\/fr\/wp-json\/wp\/v2\/media?parent=335473"}],"wp:term":[{"taxonomy":"category","embeddable":true,"href":"https:\/\/www.europesays.com\/fr\/wp-json\/wp\/v2\/categories?post=335473"},{"taxonomy":"post_tag","embeddable":true,"href":"https:\/\/www.europesays.com\/fr\/wp-json\/wp\/v2\/tags?post=335473"}],"curies":[{"name":"wp","href":"https:\/\/api.w.org\/{rel}","templated":true}]}}