{"id":335475,"date":"2025-08-22T05:31:23","date_gmt":"2025-08-22T05:31:23","guid":{"rendered":"https:\/\/www.europesays.com\/fr\/335475\/"},"modified":"2025-08-22T05:31:23","modified_gmt":"2025-08-22T05:31:23","slug":"7-chefs-doeuvre-du-pere-de-limpressionnisme","status":"publish","type":"post","link":"https:\/\/www.europesays.com\/fr\/335475\/","title":{"rendered":"7 chefs-d\u2019\u0153uvre du p\u00e8re de l&rsquo;impressionnisme"},"content":{"rendered":"<p>Eug\u00e8ne Boudin est mis en lumi\u00e8re dans une grande exposition au mus\u00e9e Marmottan Monet \u00e0 Paris. Retour sur 7 tableaux phares d&rsquo;un des p\u00e8res de l&rsquo;impressionnisme, pionnier\u00a0du paysage en plein air et ma\u00eetre de Claude Monet.<\/p>\n<p class=\"field_LQ2154C\">Jusqu\u2019au 31 ao\u00fbt, le <a href=\"https:\/\/www.marmottan.fr\/\" rel=\"nofollow noopener\" target=\"_blank\">Mus\u00e9e Marmottan Monet<\/a> \u00e0 Paris rend hommage \u00e0 Eug\u00e8ne Boudin (1824-1898). Dans une nouvelle exposition, l\u2019institution pr\u00e9sente des \u0153uvres in\u00e9dites issues de la prestigieuse collection de Yann Guyonvarc\u2019h, la plus importante collection d\u2019\u0153uvres du peintre au monde. En une centaine de tableaux, aquarelles et dessins, l\u2019\u00e9v\u00e9nement dresse un panorama des diff\u00e9rentes th\u00e9matiques abord\u00e9es par l\u2019artiste et souligne son talent de coloriste et sa virtuosit\u00e9 \u00e0 saisir l\u2019<a href=\"https:\/\/www.connaissancedesarts.com\/arts-expositions\/les-belles-atmospheres-de-luc-delahaye-la-galerie-nathalie-obadia-1187799\/\" rel=\"nofollow noopener\" target=\"_blank\">atmosph\u00e8re<\/a> et les effets lumineux.<\/p>\n<p class=\"entry-related__title\"><strong>\u00c0 regarder aussi : <\/strong><\/p>\n<p>\t\tLa plage \u00e0 Trouville<\/p>\n<p class=\"field_LQ2154C\">Grand admirateur des paysages de Jean-Baptiste Camille Corot, Eug\u00e8ne Boudin est notamment c\u00e9l\u00e8bre pour ses \u0153uvres des c\u00f4tes bretonnes et normandes. L\u2019artiste s\u2019essaye de plus en plus \u00e0 la peinture ext\u00e9rieure. Il en est pr\u00e9curseur. La Plage \u00e0 Trouville, peinte en 1863, est une des nombreuses repr\u00e9sentations de cette station baln\u00e9aire. Dans cette seconde moiti\u00e9 du XIXe si\u00e8cle, la France ais\u00e9e s\u2019adonne de plus en plus aux loisirs. Boudin assiste \u00e0 la naissance des bains de mer ainsi qu\u2019\u00e0 la cr\u00e9ation de Deauville et Trouville. Il voit dans la bourgeoisie qui fr\u00e9quente les plages normandes une client\u00e8le potentielle. Malheureusement pour lui, les commandes comme celles pass\u00e9es par Auguste Guerquin pour cette \u0153uvre restent trop rares.<\/p>\n<p><img loading=\"lazy\" width=\"653\" height=\"477\" decoding=\"async\" aria-describedby=\"caption-attachment-204926\" src=\"data:image\/svg+xml,%3Csvg%20xmlns=\" http:=\"\" alt=\"Eug\u00e8ne Boudin, La Plage \u00e0 Trouville, 1863, huile sur panneau, 34,8 x 58 cm, collection de M. Yann Guyonvarc\u2019h \u00a9 Studio Christian Baraja SLB\" class=\"size-medium wp-image-204926\" data-lazy-src=\"https:\/\/www.europesays.com\/fr\/wp-content\/uploads\/2025\/08\/cda25_boudin_plage_de_trouville_normandie-tt-width-653-height-477-fill-0-crop-0-bgcolor-eeeeee.jpg\"\/><\/p>\n<p id=\"caption-attachment-204926\" class=\"wp-caption-text\">Eug\u00e8ne Boudin, La Plage \u00e0 Trouville, 1863, huile sur panneau, 34,8 x 58 cm, collection de M. Yann Guyonvarc\u2019h \u00a9 Studio Christian Baraja SLB<\/p>\n<p>La lumi\u00e8re bretonne<\/p>\n<p class=\"field_LQ2154C\">En janvier 1863, Eug\u00e8ne Boudin se marie \u00e0 Marie-Anne Gu\u00e8d\u00e9s originaire du Finist\u00e8re en <a href=\"https:\/\/www.connaissancedesarts.com\/arts-expositions\/art-ancien\/bretagne-les-expositions-du-moment-a-ne-pas-manquer-11204758\/\" rel=\"nofollow noopener\" target=\"_blank\">Bretagne<\/a>. \u00c0 cette \u00e9poque, la Bretagne jouit d\u2019une r\u00e9putation peu reluisante. Consid\u00e9r\u00e9e comme une r\u00e9gion pauvre, elle est ancr\u00e9e dans ses traditions, qui pour les visiteurs semblent pittoresques. En Bretagne, Boudin trouve une nouvelle lumi\u00e8re, il joue avec des couleurs intenses et contrast\u00e9es, dont le noir et les teintes de gris. Les commandes de marines qui lui permettent de vivoter le poussent \u00e0 se rapprocher des c\u00f4tes.<\/p>\n<p><img loading=\"lazy\" width=\"653\" height=\"379\" decoding=\"async\" aria-describedby=\"caption-attachment-204927\" src=\"data:image\/svg+xml,%3Csvg%20xmlns=\" http:=\"\" alt=\"Eug\u00e8ne Boudin, Pardon en Bretagne, Sainte-Anne-la-Palud, 1862\u20131864, huile sur panneau 17,3 x 40,8 cm, collection de Yann Guyonvarc\u2019h \u00a9 Studio Christian Baraja SLB\" class=\"size-medium wp-image-204927\" data-lazy-src=\"https:\/\/www.europesays.com\/fr\/wp-content\/uploads\/2025\/08\/cda25-eugene_boudin_pardon_bretagne_-tt-width-653-height-379-fill-0-crop-0-bgcolor-eeeeee.jpg\"\/><\/p>\n<p id=\"caption-attachment-204927\" class=\"wp-caption-text\">Eug\u00e8ne Boudin, Pardon en Bretagne, Sainte-Anne-la-Palud, 1862\u20131864, huile sur panneau 17,3 x 40,8 cm, collection de Yann Guyonvarc\u2019h \u00a9 Studio Christian Baraja SLB<\/p>\n<p>Ma\u00eetre des variations atmosph\u00e9riques<\/p>\n<p class=\"field_LQ2154C\">\u00c0 partir du d\u00e9but des ann\u00e9es 1860, Boudin passe chaque \u00e9t\u00e9 et une partie de l\u2019automne \u00e0 Trouville. Il y peint\u00a0les infinies variations du ciel, du l\u00e9ger voile nuageux aux nu\u00e9es mena\u00e7antes, que ce soit\u00a0dans ses sc\u00e8nes de plage ou dans ses paysages de p\u00e2turage. \u00c9l\u00e8ve du peintre animalier Constant Troyon, Boudin repr\u00e9sente \u00e0 de nombreuses reprises des troupeaux de bovins dans les pr\u00e9s. Ces mod\u00e8les lui permettent de travailler les effets de la <a href=\"https:\/\/www.connaissancedesarts.com\/arts-expositions\/paris\/chagall-foujita-kisling-une-exposition-gratuite-met-en-lumiere-les-ateliers-dartistes-de-lecole-de-paris-11204612\/\" rel=\"nofollow noopener\" target=\"_blank\">lumi\u00e8re<\/a> sur les robes color\u00e9es des animaux. On compte ainsi une centaine d\u2019\u00e9tudes de bovins au crayon, \u00e0 l\u2019aquarelle et \u00e0 l\u2019huile r\u00e9alis\u00e9es par l\u2019artiste.\u00a0Vaches au p\u00e2turage\u00a0souligne ainsi les talents de coloriste du peintre et sa ma\u00eetrise de la repr\u00e9sentation des variations m\u00e9t\u00e9orologiques.<\/p>\n<p><img loading=\"lazy\" width=\"653\" height=\"492\" decoding=\"async\" aria-describedby=\"caption-attachment-204928\" src=\"data:image\/svg+xml,%3Csvg%20xmlns=\" http:=\"\" alt=\"Eug\u00e8ne Boudin, Vaches au p\u00e2turage, 1880\u20131885, huile sur toile, 41 x 55 cm, Mus\u00e9e Marmottan Monet \u00a9 Mus\u00e9e Marmottan Monet\" class=\"size-medium wp-image-204928\" data-lazy-src=\"https:\/\/www.connaissancedesarts.com\/wp-content\/thumbnails\/uploads\/2025\/08\/cda25_eugene_boudin_vaches_au_paturage-tt-width-653-height-492-fill-0-crop-0-bgcolor-eeeeee.jpg\"\/><\/p>\n<p id=\"caption-attachment-204928\" class=\"wp-caption-text\">Eug\u00e8ne Boudin, Vaches au p\u00e2turage, 1880\u20131885, huile sur toile, 41 x 55 cm, Mus\u00e9e Marmottan Monet \u00a9 Mus\u00e9e Marmottan Monet<\/p>\n<p>L\u2019indigestion havraise<\/p>\n<p class=\"field_LQ2154C\">\u00c9lev\u00e9 au Havre, Boudin a grandi en suivant l\u2019activit\u00e9 croissante de la ville, devenue \u00e0 l\u2019\u00e9poque le second port de France, apr\u00e8s Marseille. Il y peint des voiliers majestueux et y d\u00e9veloppe une s\u00e9rie de vues ensoleill\u00e9e qu\u2019il d\u00e9crit \u00e0 son ami Ferdinand Martin en f\u00e9vrier 1882 : \u00ab\u00a0Que je te trouve chanceux de te promener par un beau soleil sur la jet\u00e9e du\u00a0Havre\u2026 moi qui suis condamn\u00e9\u00a0\u00e0 m\u2019y promener depuis un mois\u2026 en r\u00eave\u00a0! Voil\u00e0 pourquoi. \u00c0 mon retour j\u2019avais croqu\u00e9 quelques sorties de ce port, j\u2019ai eu l\u2019id\u00e9e d\u2019y mettre du soleil au fond. Le tableau a plu \u00e0 ce point que j\u2019ai d\u00fb le recommencer dix fois toujours avec son trois-m\u00e2ts et son soleil\u2026 j\u2019en ai une indigestion s\u00e9rieuse.\u00a0\u00bb Le\u00a0Havre, l\u2019avant-port\u00a0s\u2019inscrit dans cet ensemble de tableaux dont les couleurs et la composition rappellent les marines de Claude <a href=\"https:\/\/www.connaissancedesarts.com\/arts-expositions\/impressionnisme\/picasso-monet-matisse-le-musee-des-impressionnismes-de-giverny-revele-lune-des-plus-grandes-collections-privees-dart-moderne-11200480\/\" rel=\"nofollow noopener\" target=\"_blank\">Monet<\/a>.<\/p>\n<p><img loading=\"lazy\" width=\"653\" height=\"540\" decoding=\"async\" aria-describedby=\"caption-attachment-204929\" src=\"data:image\/svg+xml,%3Csvg%20xmlns=\" http:=\"\" alt=\"Eug\u00e8ne Boudin, Le\u00a0Havre, l\u2019avant-port, 1885, huile sur toile, 41,5 x 55,5 cm, collection de Yann Guyonvarc\u2019h \u00a9 Studio Christian Baraja SLB\" class=\"size-medium wp-image-204929\" data-lazy-src=\"https:\/\/www.europesays.com\/fr\/wp-content\/uploads\/2025\/08\/cda25_eugene_boudin_le_havre_l_avant_port_1885-tt-width-653-height-540-fill-0-crop-0-bgcolor-eeeeee..jpeg\"\/><\/p>\n<p id=\"caption-attachment-204929\" class=\"wp-caption-text\">Eug\u00e8ne Boudin, Le\u00a0Havre, l\u2019avant-port, 1885, huile sur toile, 41,5 x 55,5 cm, collection de Yann Guyonvarc\u2019h \u00a9 Studio Christian Baraja SLB<\/p>\n<p>Le \u00ab\u00a0roi des ciels\u00a0\u00bb, de Bordeaux \u00e0 Dordrecht<\/p>\n<p class=\"field_LQ2154C\">Pour varier ses marines, Boudin voyage\u00a0\u00e0 Saint-Quay-Portrieux, Berck, Rotterdam\u2026 et <a href=\"https:\/\/www.connaissancedesarts.com\/arts-expositions\/bordeaux\/vernet-delacroix-ingres-a-bordeaux-une-exposition-inedite-met-en-lumiere-lenfance-vue-par-les-artistes-au-xixe-siecle-11203893\/\" rel=\"nofollow noopener\" target=\"_blank\">Bordeaux<\/a>, o\u00f9 il expose r\u00e9guli\u00e8rement au Salon de la Soci\u00e9t\u00e9 des amis des arts depuis 1859, qui compte plusieurs de ses clients. Bien qu\u2019il ne porte pas sp\u00e9cialement\u00a0le Port de la Lune dans son c\u0153ur, il y r\u00e9alise de belles vues dans des tons gris, donnant des impressions de brumes et de lumi\u00e8re cr\u00e9pusculaire. Dans\u00a0Bordeaux, trois-m\u00e2ts dans le port, l\u2019artiste immortalise sous un ciel voil\u00e9 une des caract\u00e9ristiques du lieu\u00a0: les grands navires sont ancr\u00e9s \u00e0 distance des rives et des embarcations l\u00e9g\u00e8res assurent la navette pour le chargement et le d\u00e9chargement.<\/p>\n<p><img loading=\"lazy\" width=\"653\" height=\"471\" decoding=\"async\" aria-describedby=\"caption-attachment-204930\" src=\"data:image\/svg+xml,%3Csvg%20xmlns=\" http:=\"\" alt=\"Eug\u00e8ne Boudin, Bordeaux, trois-m\u00e2ts dans le port, 1874, huile sur toile, 31 x 46 cm, collection de Yann Guyonvarc\u2019h \u00a9 Studio Christian Baraja SLB\" class=\"size-medium wp-image-204930\" data-lazy-src=\"https:\/\/www.connaissancedesarts.com\/wp-content\/thumbnails\/uploads\/2025\/08\/cda25_eugene_boudin_bordeaux_port-tt-width-653-height-471-fill-0-crop-0-bgcolor-eeeeee.jpg\"\/><\/p>\n<p id=\"caption-attachment-204930\" class=\"wp-caption-text\">Eug\u00e8ne Boudin, Bordeaux, trois-m\u00e2ts dans le port, 1874, huile sur toile, 31 x 46 cm, collection de Yann Guyonvarc\u2019h \u00a9 Studio Christian Baraja SLB<\/p>\n<p>Restituer la lumi\u00e8re du Midi<\/p>\n<p class=\"field_LQ2154C\">Marqu\u00e9 par le d\u00e9c\u00e8s de sa femme Marie-Anne Gu\u00e8d\u00e9s en 1889, Boudin s\u00e9journe \u00e0 plusieurs reprises dans le Midi avant de s\u2019y installer en 1892. L\u2019artiste s\u2019attelle \u00e0 un grand d\u00e9fi, restituer la lumi\u00e8re de la C\u00f4te d\u2019Azur. Ses homologues avaient tendance \u00e0 largement exag\u00e9rer les couleurs utilis\u00e9es. Il rentre \u00e0 Paris et envoie sept toiles du Midi au Salon des beaux-arts. Puis il retourne en Normandie et dans la Baie de Somme et confie \u00ab\u00a0Je crains bien que le Midi m\u2019ait g\u00e2t\u00e9 l\u2019\u0153il\u2026 Il me faudra de biens int\u00e9ressants coins de nature pour me faire oublier la baie de Beaulieu\u00a0\u00bb.<\/p>\n<p><img loading=\"lazy\" width=\"653\" height=\"499\" decoding=\"async\" aria-describedby=\"caption-attachment-204925\" src=\"data:image\/svg+xml,%3Csvg%20xmlns=\" http:=\"\" alt=\"Eug\u00e8ne Boudin, Juan-les-Pins, la promenade et la baie, 1893, huile sur toile, 50 x 73 cm, collection de Yann Guyonvarc\u2019h \u00a9 Studio Christian Baraja SLB\" class=\"size-medium wp-image-204925\" data-lazy-src=\"https:\/\/www.europesays.com\/fr\/wp-content\/uploads\/2025\/08\/cda25_eugene_boudin_juan_les_pins-tt-width-653-height-499-fill-0-crop-0-bgcolor-eeeeee.jpg\"\/><\/p>\n<p id=\"caption-attachment-204925\" class=\"wp-caption-text\">Eug\u00e8ne Boudin, Juan-les-Pins, la promenade et la baie, 1893, huile sur toile, 50 x 73 cm, collection de Yann Guyonvarc\u2019h \u00a9 Studio Christian Baraja SLB<\/p>\n<p>Intense Venise<\/p>\n<p class=\"field_LQ2154C\">Boudin r\u00e9alise plusieurs voyages \u00e0 Venise au d\u00e9but des ann\u00e9es 1890. Il y retrouve l\u2019atmosph\u00e8re de la Normandie et des Pays-Bas mais avec une lumi\u00e8re d\u2019une plus grande intensit\u00e9. \u00c0 son retour en 1895, il admet une certaine inqui\u00e9tude quant \u00e0 la r\u00e9ception de ses toiles v\u00e9nitiennes, craignant qu\u2019elles soient jug\u00e9es trop grises. \u00c0 cette \u00e9poque, F\u00e9lix Ziem est consid\u00e9r\u00e9 comme le peintre de la cit\u00e9 des Doges, Boudin ira m\u00eame jusqu\u2019\u00e0 dire que Ziem a trich\u00e9, que sa palette est outr\u00e9e et trahit Venise. Une preuve suppl\u00e9mentaire, s\u2019il en fallait une, de l\u2019importance de la lumi\u00e8re, de la recherche d\u2019authenticit\u00e9 dans le travail de Boudin.<\/p>\n<p><img loading=\"lazy\" width=\"653\" height=\"512\" decoding=\"async\" aria-describedby=\"caption-attachment-204924\" src=\"data:image\/svg+xml,%3Csvg%20xmlns=\" http:=\"\" alt=\"Eug\u00e8ne Boudin, Venise, navire \u00e0 quai, canal de la Giudecca, 1895, huile sur toile 46 x 65 cm, collection de Yann Guyonvarc\u2019h \u00a9 Studio Christian Baraja SLB\" class=\"size-medium wp-image-204924\" data-lazy-src=\"https:\/\/www.connaissancedesarts.com\/wp-content\/thumbnails\/uploads\/2025\/08\/cda25_eugene_boudin_venise-tt-width-653-height-512-fill-0-crop-0-bgcolor-eeeeee.jpg\"\/><\/p>\n<p id=\"caption-attachment-204924\" class=\"wp-caption-text\">Eug\u00e8ne Boudin, Venise, navire \u00e0 quai, canal de la Giudecca, 1895, huile sur toile 46 x 65 cm, collection de Yann Guyonvarc\u2019h \u00a9 Studio Christian Baraja SLB<\/p>\n<p>Eug\u00e8ne Boudin, le p\u00e8re de l&rsquo;impressionnisme\uff5cYann Guyonvarc\u2019h et Laurent Man\u0153uvre<\/p>\n","protected":false},"excerpt":{"rendered":"Eug\u00e8ne Boudin est mis en lumi\u00e8re dans une grande exposition au mus\u00e9e Marmottan Monet \u00e0 Paris. Retour sur&hellip;\n","protected":false},"author":2,"featured_media":335476,"comment_status":"","ping_status":"","sticky":false,"template":"","format":"standard","meta":{"footnotes":""},"categories":[1888],"tags":[11,1777,674,1011,27,12,626,25],"class_list":{"0":"post-335475","1":"post","2":"type-post","3":"status-publish","4":"format-standard","5":"has-post-thumbnail","7":"category-paris","8":"tag-actualites","9":"tag-eu","10":"tag-europe","11":"tag-fr","12":"tag-france","13":"tag-news","14":"tag-paris","15":"tag-republique-francaise"},"share_on_mastodon":{"url":"https:\/\/pubeurope.com\/@fr\/115070781690587027","error":""},"_links":{"self":[{"href":"https:\/\/www.europesays.com\/fr\/wp-json\/wp\/v2\/posts\/335475","targetHints":{"allow":["GET"]}}],"collection":[{"href":"https:\/\/www.europesays.com\/fr\/wp-json\/wp\/v2\/posts"}],"about":[{"href":"https:\/\/www.europesays.com\/fr\/wp-json\/wp\/v2\/types\/post"}],"author":[{"embeddable":true,"href":"https:\/\/www.europesays.com\/fr\/wp-json\/wp\/v2\/users\/2"}],"replies":[{"embeddable":true,"href":"https:\/\/www.europesays.com\/fr\/wp-json\/wp\/v2\/comments?post=335475"}],"version-history":[{"count":0,"href":"https:\/\/www.europesays.com\/fr\/wp-json\/wp\/v2\/posts\/335475\/revisions"}],"wp:featuredmedia":[{"embeddable":true,"href":"https:\/\/www.europesays.com\/fr\/wp-json\/wp\/v2\/media\/335476"}],"wp:attachment":[{"href":"https:\/\/www.europesays.com\/fr\/wp-json\/wp\/v2\/media?parent=335475"}],"wp:term":[{"taxonomy":"category","embeddable":true,"href":"https:\/\/www.europesays.com\/fr\/wp-json\/wp\/v2\/categories?post=335475"},{"taxonomy":"post_tag","embeddable":true,"href":"https:\/\/www.europesays.com\/fr\/wp-json\/wp\/v2\/tags?post=335475"}],"curies":[{"name":"wp","href":"https:\/\/api.w.org\/{rel}","templated":true}]}}