{"id":335479,"date":"2025-08-22T05:33:10","date_gmt":"2025-08-22T05:33:10","guid":{"rendered":"https:\/\/www.europesays.com\/fr\/335479\/"},"modified":"2025-08-22T05:33:10","modified_gmt":"2025-08-22T05:33:10","slug":"kim-jong-un-decore-les-soldats-nord-coreens-deployes-en-soutien-de-la-russie-sur-le-front","status":"publish","type":"post","link":"https:\/\/www.europesays.com\/fr\/335479\/","title":{"rendered":"Kim Jong Un d\u00e9core les soldats nord-cor\u00e9ens d\u00e9ploy\u00e9s en soutien de la Russie sur le front"},"content":{"rendered":"<p>Environ 600 soldats nord-cor\u00e9ens ont \u00e9t\u00e9 tu\u00e9s et des milliers ont \u00e9t\u00e9 bless\u00e9s en combattant pour la Russie, selon S\u00e9oul. Plus de 10.000 soldats de Pyongyang auraient \u00e9t\u00e9 envoy\u00e9s sur le front en Ukraine.<\/p>\n<p>Des images diffus\u00e9es ce vendredi 22 ao\u00fbt par les m\u00e9dias d&rsquo;\u00c9tat nord-cor\u00e9ens ont montr\u00e9 Kim Jong Un agenouill\u00e9 devant les portraits de <a href=\"https:\/\/www.bfmtv.com\/international\/asie\/coree-nord\/guerre-en-ukraine-kim-jong-un-promet-le-soutien-inconditionnel-de-la-coree-du-nord-a-moscou-face-a-kiev_AN-202506050295.html\" title=\"Guerre en Ukraine: Kim Jong Un promet le &quot;soutien inconditionnel&quot; de la Cor\u00e9e du Nord \u00e0 Moscou face \u00e0 Kiev\" class=\"internal_link\" rel=\"nofollow noopener\" target=\"_blank\">soldats morts au combat<\/a> pour la Russie contre l&rsquo;Ukraine, et embrassant un survivant du conflit.<\/p>\n<p>Lors d&rsquo;une c\u00e9r\u00e9monie qui est tenue au si\u00e8ge du Parti des travailleurs de Cor\u00e9e \u00e0 Pyongyang, Kim Jong Un a salu\u00e9 les soldats \u00ab\u00a0h\u00e9ro\u00efques\u00a0\u00bb et \u00ab\u00a0admirables\u00a0\u00bb, revenus apr\u00e8s avoir endur\u00e9 \u00ab\u00a0les rafales de balles et les bombes\u00a0\u00bb.<\/p>\n<p>Les images montrent le dirigeant nord-cor\u00e9en, apparemment sous le coup de l&rsquo;\u00e9motion, embrassant un soldat qui semble boulevers\u00e9, le visage contre le torse de son chef.<\/p>\n<p>On peut \u00e9galement voir le dirigeant s&rsquo;agenouiller devant le portrait d&rsquo;un soldat tomb\u00e9 au combat, avant de d\u00e9poser des m\u00e9dailles et des fleurs devant d&rsquo;autres.<\/p>\n<p>\u00ab\u00a0Des exploits remarquables\u00a0\u00bb et 600 soldats tu\u00e9s<\/p>\n<p>Le dirigeant a \u00e9galement d\u00e9cern\u00e9, selon l&rsquo;agence KCNA, le titre de \u00ab\u00a0h\u00e9ros de la r\u00e9publique populaire d\u00e9mocratique de Cor\u00e9e\u00a0\u00bb, le nom officiel de la Cor\u00e9e du Nord, aux commandants qui ont combattu dans des op\u00e9rations \u00e0 l&rsquo;\u00e9tranger et \u00ab\u00a0accompli des exploits remarquables\u00a0\u00bb.<\/p>\n<p>En avril, la Cor\u00e9e du Nord a confirm\u00e9 pour la premi\u00e8re fois qu&rsquo;elle avait <a href=\"https:\/\/www.bfmtv.com\/international\/europe\/ukraine\/guerre-en-ukraine-la-coree-du-nord-confirme-le-deploiement-de-troupes-en-russie_AD-202504270407.html\" title=\"Guerre en Ukraine: la Cor\u00e9e du Nord confirme le d\u00e9ploiement de troupes en Russie\" class=\"internal_link\" rel=\"nofollow noopener\" target=\"_blank\">d\u00e9ploy\u00e9 un contingent<\/a> de ses soldats face aux troupes ukrainiennes aux c\u00f4t\u00e9s des troupes russes.<\/p>\n<p>Les services secrets de la Cor\u00e9e du Sud et de pays occidentaux ont affirm\u00e9 que Pyongyang avait envoy\u00e9 plus de 10.000 soldats dans la r\u00e9gion de Koursk en 2024, ainsi que des obus d&rsquo;artillerie, des missiles et des syst\u00e8mes de roquettes \u00e0 longue port\u00e9e.<\/p>\n<p>Environ 600 soldats nord-cor\u00e9ens ont \u00e9t\u00e9 tu\u00e9s et des milliers ont \u00e9t\u00e9 bless\u00e9s en combattant pour la Russie, selon S\u00e9oul. Pyongyang et Moscou sont li\u00e9s par un accord de s\u00e9curit\u00e9 et de d\u00e9fense depuis 2024.<\/p>\n","protected":false},"excerpt":{"rendered":"Environ 600 soldats nord-cor\u00e9ens ont \u00e9t\u00e9 tu\u00e9s et des milliers ont \u00e9t\u00e9 bless\u00e9s en combattant pour la Russie,&hellip;\n","protected":false},"author":2,"featured_media":335480,"comment_status":"","ping_status":"","sticky":false,"template":"","format":"standard","meta":{"footnotes":""},"categories":[1591],"tags":[11,1887,12,1885,1886,132],"class_list":{"0":"post-335479","1":"post","2":"type-post","3":"status-publish","4":"format-standard","5":"has-post-thumbnail","7":"category-russie","8":"tag-actualites","9":"tag-federation-de-russie","10":"tag-news","11":"tag-russia","12":"tag-russian-federation","13":"tag-russie"},"share_on_mastodon":{"url":"https:\/\/pubeurope.com\/@fr\/115070789497715196","error":""},"_links":{"self":[{"href":"https:\/\/www.europesays.com\/fr\/wp-json\/wp\/v2\/posts\/335479","targetHints":{"allow":["GET"]}}],"collection":[{"href":"https:\/\/www.europesays.com\/fr\/wp-json\/wp\/v2\/posts"}],"about":[{"href":"https:\/\/www.europesays.com\/fr\/wp-json\/wp\/v2\/types\/post"}],"author":[{"embeddable":true,"href":"https:\/\/www.europesays.com\/fr\/wp-json\/wp\/v2\/users\/2"}],"replies":[{"embeddable":true,"href":"https:\/\/www.europesays.com\/fr\/wp-json\/wp\/v2\/comments?post=335479"}],"version-history":[{"count":0,"href":"https:\/\/www.europesays.com\/fr\/wp-json\/wp\/v2\/posts\/335479\/revisions"}],"wp:featuredmedia":[{"embeddable":true,"href":"https:\/\/www.europesays.com\/fr\/wp-json\/wp\/v2\/media\/335480"}],"wp:attachment":[{"href":"https:\/\/www.europesays.com\/fr\/wp-json\/wp\/v2\/media?parent=335479"}],"wp:term":[{"taxonomy":"category","embeddable":true,"href":"https:\/\/www.europesays.com\/fr\/wp-json\/wp\/v2\/categories?post=335479"},{"taxonomy":"post_tag","embeddable":true,"href":"https:\/\/www.europesays.com\/fr\/wp-json\/wp\/v2\/tags?post=335479"}],"curies":[{"name":"wp","href":"https:\/\/api.w.org\/{rel}","templated":true}]}}