{"id":335491,"date":"2025-08-22T05:39:12","date_gmt":"2025-08-22T05:39:12","guid":{"rendered":"https:\/\/www.europesays.com\/fr\/335491\/"},"modified":"2025-08-22T05:39:12","modified_gmt":"2025-08-22T05:39:12","slug":"incendies-plus-dun-million-dhectares-partis-en-fumee-dans-lue-en-2025-un-record","status":"publish","type":"post","link":"https:\/\/www.europesays.com\/fr\/335491\/","title":{"rendered":"Incendies : plus d&rsquo;un million d&rsquo;hectares partis en fum\u00e9e dans l&rsquo;UE en 2025, un record"},"content":{"rendered":"<ul class=\"jsx-862013697 ArticleChapo__List\">\n<li class=\"jsx-862013697 ArticleChapo__List_Item flex\">D&rsquo;apr\u00e8s des donn\u00e9es du syst\u00e8me europ\u00e9en d&rsquo;information sur les feux de for\u00eat, plus d&rsquo;un million d&rsquo;hectares ont d\u00e9j\u00e0 br\u00fbl\u00e9 dans l&rsquo;Union europ\u00e9enne depuis d\u00e9but 2025.<\/li>\n<li class=\"jsx-862013697 ArticleChapo__List_Item flex\">Il s&rsquo;agit d&rsquo;un record depuis la collecte de ces statistiques il y a deux d\u00e9cennies.<\/li>\n<\/ul>\n<p data-module=\"article-paragraph\" class=\"jsx-3046738180 Paragraph\">Jamais autant d&rsquo;hectares n&rsquo;\u00e9taient partis en fum\u00e9e ces 20 derni\u00e8res ann\u00e9es. Les incendies ont d\u00e9j\u00e0 ravag\u00e9 plus d&rsquo;un million d&rsquo;hectares dans l&rsquo;Union europ\u00e9enne en 2025, une superficie record depuis le d\u00e9but des statistiques en 2006, selon une analyse de l&rsquo;AFP des donn\u00e9es du syst\u00e8me europ\u00e9en d&rsquo;information sur les feux de for\u00eat (EFFIS).<\/p>\n<p data-module=\"article-paragraph\" class=\"jsx-3046738180 Paragraph Paragraph__End\">D\u00e9passant le record annuel datant de 2017, ce bilan atteignait pr\u00e9cis\u00e9ment 1.015.731 hectares jeudi \u00e0 la mi-journ\u00e9e, une superficie plus grande que la Corse, selon une somme des estimations par pays fournies par EFFIS, \u00e0 l&rsquo;heure o\u00f9 l&rsquo;Espagne et le Portugal restent confront\u00e9s \u00e0 d&rsquo;importants incendies. Quelque 988.524 hectares de for\u00eat \u00e9taient partis en fum\u00e9e en 2017, dont <a href=\"https:\/\/www.tf1info.fr\/environnement-ecologie\/la-fumee-des-gigantesques-feux-de-foret-en-espagne-colore-le-ciel-du-sud-et-de-l-ouest-de-la-france-2389166.html\" target=\"_blank\" rel=\"noopener\">plus de la moiti\u00e9 au Portugal<\/a> lors d&rsquo;incendies ayant fait 119 morts.<\/p>\n<p>Plus de 35.000 hectares br\u00fbl\u00e9s en France<\/p>\n<p data-module=\"article-paragraph\" class=\"jsx-3046738180 Paragraph\">\u00c0 ce jour, quatre pays de l&rsquo;Union europ\u00e9enne &#8211; l&rsquo;Espagne, Chypre, l&rsquo;Allemagne et la Slovaquie &#8211; ont d\u00e9j\u00e0 d\u00e9pass\u00e9 leur record annuel en 20 ans de donn\u00e9es existantes. Et le Portugal, dont le record absolu de 563.530 hectares br\u00fbl\u00e9s en 2017 tient toujours, n&rsquo;avait jamais atteint une telle superficie br\u00fbl\u00e9e \u00e0 la date du 21 ao\u00fbt.<\/p>\n<p data-module=\"article-paragraph\" class=\"jsx-3046738180 Paragraph Paragraph__End\">En proie \u00e0 de nombreux feux dans l&rsquo;ouest du pays, ayant fait quatre morts, l&rsquo;Espagne est de loin le pays de l&rsquo;Union europ\u00e9enne le plus touch\u00e9 par les incendies avec plus de 400.000 hectares partis en fum\u00e9e, soit pr\u00e8s de 40% des surfaces br\u00fbl\u00e9es dans l&rsquo;UE cette ann\u00e9e. Le Portugal, <a href=\"https:\/\/www.tf1info.fr\/international\/incendies-au-portugal-un-homme-meurt-dans-un-accident-troisieme-deces-enregistre-2389708.html\" target=\"_blank\" rel=\"noopener\">o\u00f9 trois personnes ont p\u00e9ri dans les flammes<\/a>, suit avec pr\u00e8s de 274.000 hectares br\u00fbl\u00e9s, devant la Roumanie (126.000 hectares). En France, 35.600 hectares de for\u00eat ont \u00e9t\u00e9 r\u00e9duits en cendres, notamment dans l&rsquo;Aude, ravag\u00e9e <a href=\"https:\/\/www.tf1info.fr\/environnement-ecologie\/l-incendie-feu-de-l-aude-ne-sera-pas-eteint-avant-plusieurs-jours-selon-les-pompiers-2389244.html\" target=\"_blank\" rel=\"noopener\">par un gigantesque incendie<\/a> d\u00e9but ao\u00fbt.<\/p>\n<p><a href=\"https:\/\/www.tf1info.fr\/environnement-ecologie\/des-centaines-de-milliers-d-hectares-brules-les-chiffres-siderants-sur-l-ampleur-des-incendies-en-espagne-2389399.html\" rel=\"noopener\" class=\"jsx-3308031228 Link flex\" target=\"_blank\"><img decoding=\"async\" src=\"https:\/\/www.europesays.com\/fr\/wp-content\/uploads\/2025\/08\/incendie-espagne-nord-ouest-14-aout-2025-799007-0@1x.jpeg\" alt=\"Les habitants tentent de lutter contre un incendie de for\u00eat dans le village de Santa Baia de Montes, dans la province d'Ourense, au nord-ouest de l'Espagne, le 14 ao\u00fbt 2025.\" loading=\"lazy\" importance=\"low\" fetchpriority=\"low\" class=\"\" aria-hidden=\"true\"\/><\/p>\n<p class=\"jsx-3657663356 ReadMoreArticle__Title\">Lire aussi<\/p>\n<p class=\"jsx-3657663356\">Des centaines de milliers d&rsquo;hectares br\u00fbl\u00e9s : les chiffres sid\u00e9rants sur l&rsquo;ampleur des incendies en Espagne<\/p>\n<p><\/a><\/p>\n<p data-module=\"article-paragraph\" class=\"jsx-3046738180 Paragraph Paragraph__End\">Ces estimations d&rsquo;EFFIS, un indicateur de l&rsquo;observatoire europ\u00e9en Copernicus, prennent uniquement en compte les feux ayant br\u00fbl\u00e9 au moins 30 hectares.<\/p>\n<p>I.N avec AFP<\/p>\n","protected":false},"excerpt":{"rendered":"D&rsquo;apr\u00e8s des donn\u00e9es du syst\u00e8me europ\u00e9en d&rsquo;information sur les feux de for\u00eat, plus d&rsquo;un million d&rsquo;hectares ont d\u00e9j\u00e0&hellip;\n","protected":false},"author":2,"featured_media":335492,"comment_status":"","ping_status":"","sticky":false,"template":"","format":"standard","meta":{"footnotes":""},"categories":[1586],"tags":[1111,11,1921,123,1777,674,1779,1011,27,1310,1922,12,6996,25,1778,364,133,11009],"class_list":{"0":"post-335491","1":"post","2":"type-post","3":"status-publish","4":"format-standard","5":"has-post-thumbnail","7":"category-europe","8":"tag-actu","9":"tag-actualites","10":"tag-article-video","11":"tag-espagne","12":"tag-eu","13":"tag-europe","14":"tag-european-union","15":"tag-fr","16":"tag-france","17":"tag-incendie","18":"tag-info","19":"tag-news","20":"tag-portugal","21":"tag-republique-francaise","22":"tag-ue","23":"tag-union-europeenne","24":"tag-video","25":"tag-video-meteo-et-intemperies"},"share_on_mastodon":{"url":"https:\/\/pubeurope.com\/@fr\/115070813137953834","error":""},"_links":{"self":[{"href":"https:\/\/www.europesays.com\/fr\/wp-json\/wp\/v2\/posts\/335491","targetHints":{"allow":["GET"]}}],"collection":[{"href":"https:\/\/www.europesays.com\/fr\/wp-json\/wp\/v2\/posts"}],"about":[{"href":"https:\/\/www.europesays.com\/fr\/wp-json\/wp\/v2\/types\/post"}],"author":[{"embeddable":true,"href":"https:\/\/www.europesays.com\/fr\/wp-json\/wp\/v2\/users\/2"}],"replies":[{"embeddable":true,"href":"https:\/\/www.europesays.com\/fr\/wp-json\/wp\/v2\/comments?post=335491"}],"version-history":[{"count":0,"href":"https:\/\/www.europesays.com\/fr\/wp-json\/wp\/v2\/posts\/335491\/revisions"}],"wp:featuredmedia":[{"embeddable":true,"href":"https:\/\/www.europesays.com\/fr\/wp-json\/wp\/v2\/media\/335492"}],"wp:attachment":[{"href":"https:\/\/www.europesays.com\/fr\/wp-json\/wp\/v2\/media?parent=335491"}],"wp:term":[{"taxonomy":"category","embeddable":true,"href":"https:\/\/www.europesays.com\/fr\/wp-json\/wp\/v2\/categories?post=335491"},{"taxonomy":"post_tag","embeddable":true,"href":"https:\/\/www.europesays.com\/fr\/wp-json\/wp\/v2\/tags?post=335491"}],"curies":[{"name":"wp","href":"https:\/\/api.w.org\/{rel}","templated":true}]}}