{"id":335493,"date":"2025-08-22T05:40:20","date_gmt":"2025-08-22T05:40:20","guid":{"rendered":"https:\/\/www.europesays.com\/fr\/335493\/"},"modified":"2025-08-22T05:40:20","modified_gmt":"2025-08-22T05:40:20","slug":"a-strasbourg-les-ecologistes-entretiennent-la-flamme-unitaire-en-vue-de-la-presidentielle-de-2027","status":"publish","type":"post","link":"https:\/\/www.europesays.com\/fr\/335493\/","title":{"rendered":"\u00c0 Strasbourg, les \u00c9cologistes entretiennent la flamme \u00ab unitaire \u00bb en vue de la pr\u00e9sidentielle de 2027"},"content":{"rendered":"<p><strong>REPORTAGE<\/strong> \u2013 Favorables \u00e0 l\u2019organisation d\u2019une primaire, les Verts ont profit\u00e9 de leur rentr\u00e9e politique pour appeler une nouvelle fois \u00e0 l\u2019union de la gauche lors de la prochaine \u00e9lection pr\u00e9sidentielle.<\/p>\n<p class=\"fig-paragraph\">La caravane des \u00ab\u00a0unitaires\u00a0\u00bb fait \u00e9tape en Alsace pour les journ\u00e9es d\u2019\u00e9t\u00e9 des \u00c9cologistes. Les partisans d\u2019une candidature commune de la gauche en 2027 se sont retrouv\u00e9s jeudi sur le campus de l\u2019universit\u00e9 de Strasbourg, sous un ciel gris et mena\u00e7ant, \u00e0 l\u2019image du \u00ab\u00a0backlash\u00a0\u00bb qui p\u00e8se sur l\u2019\u00e9cologie. Pourtant,\u00a0<a href=\"http:\/\/www.lefigaro.fr\/politique\/les-ecologistes-reclament-le-deploiement-de-la-marine-nationale-pour-apporter-de-l-aide-humanitaire-a-gaza-20250803\" data-fig-type=\"NewsFlash\" data-gtm-custom-categorie=\"navigation\" data-gtm-custom-action=\"crossclick\" data-gtm-custom-label=\"Contextuel\" data-gtm-event=\"customEventSPE\" data-fig-domain=\"LEFIGARO\" rel=\"nofollow noopener\" target=\"_blank\">les Verts<\/a>\u00a0avaient de quoi se r\u00e9jouir en cette rentr\u00e9e politique, avec la mobilisation citoyenne sans pr\u00e9c\u00e9dent contre la\u00a0<a href=\"http:\/\/www.lefigaro.fr\/politique\/loi-duplomb-la-droite-cherche-la-replique-apres-la-censure-du-conseil-constitutionnel-20250808\" data-fig-type=\"Article\" data-gtm-custom-categorie=\"navigation\" data-gtm-custom-action=\"crossclick\" data-gtm-custom-label=\"Contextuel\" data-gtm-event=\"customEventSPE\" data-fig-domain=\"LEFIGARO\" rel=\"nofollow noopener\" target=\"_blank\">loi Duplomb<\/a>\u00a0et sa censure par le Conseil constitutionnel. \u00ab\u00a0Le pays n\u2019a pas bascul\u00e9 dans les bras du fascisme. Il y a des r\u00e9sistances \u00e9normes et la p\u00e9tition vient nous le rappeler\u00a0\u00bb, veut croire Cl\u00e9mentine Autain, d\u00e9put\u00e9e de Seine-Saint-Denis et fondatrice de L\u2019Apr\u00e8s, la formation rassemblant les Insoumis \u00ab\u00a0purg\u00e9s\u00a0\u00bb.<\/p>\n<p class=\"fig-paragraph\">En leur qualit\u00e9 de \u00ab\u00a0trait d\u2019union\u00a0\u00bb autoproclam\u00e9 entre\u00a0<a href=\"http:\/\/www.lefigaro.fr\/politique\/on-ne-sert-pas-la-soupe-a-un-parti-antisemite-chez-renaissance-la-participation-de-violette-spillebout-a-la-rentree-de-lfi-fait-polemique-20250821\" data-fig-type=\"NewsFlash\" data-gtm-custom-categorie=\"navigation\" data-gtm-custom-action=\"crossclick\" data-gtm-custom-label=\"Contextuel\" data-gtm-event=\"customEventSPE\" data-fig-domain=\"LEFIGARO\" rel=\"nofollow noopener\" target=\"_blank\">LFI<\/a>\u00a0et le\u00a0<a href=\"http:\/\/www.lefigaro.fr\/politique\/mouvement-du-10-septembre-le-ps-comprend-l-exasperation-a-l-origine-de-la-mobilisation-sociale-20250820\" data-fig-type=\"NewsFlash\" data-gtm-custom-categorie=\"navigation\" data-gtm-custom-action=\"crossclick\" data-gtm-custom-label=\"Contextuel\" data-gtm-event=\"customEventSPE\" data-fig-domain=\"LEFIGARO\" rel=\"nofollow noopener\" target=\"_blank\">PS<\/a>, Les \u00c9cologistes sont parvenus \u00e0 r\u00e9unir sur une m\u00eame sc\u00e8ne des repr\u00e9sentants de tous les partis de gauche, dont le chef des socialistes, Olivier Faure, pour\u2026<\/p>\n<p class=\"fig-premium-paywall__infos\">\n        Cet article est r\u00e9serv\u00e9 aux abonn\u00e9s.        Il vous reste 84% \u00e0 d\u00e9couvrir.\n    <\/p>\n<p>                <img  data- alt=\"Le Figaro\" class=\"fig-img--complete fig-img\"\/><\/p>\n<p class=\"fig-premium-paywall__title\">Vente Flash<\/p>\n<p class=\"fig-premium-paywall__subtitle\">4,99\u20ac par mois pendant 12 mois. Sans engagement<\/p>\n<p class=\"fig-premium-paywall__connect\">\n                D\u00e9j\u00e0 abonn\u00e9\u00a0?                <a class=\"fig-premium-paywall__connect-link\" href=\"https:\/\/connect.lefigaro.fr\/login?client=horizon_web&amp;type=main&amp;redirect_uri=https%3A%2F%2Fwww.lefigaro.fr%2Fpolitique%2Fa-strasbourg-les-ecologistes-entretiennent-la-flamme-unitaire-en-vue-de-la-presidentielle-de-2027-20250821\" data-js-gtm=\"{&quot;customCategorie&quot;: &quot;conversion&quot;, &quot;customAction&quot;: &quot;before_Landing_Connexion_paywall_auto&quot;, &quot;customLabel&quot;: &quot;bGVmaWdhcm8uZnJfXzFmMDdlNmYzLTRkZmEtNjc0Ni1hYjg2LWU1ZmFkZDRhY2IwY19fQXJ0aWNsZQ==_\u00c0 Strasbourg, les \u00c9cologistes entretiennent la flamme \u00ab unitaire\u00a0\u00bb en vue de la pr\u00e9sidentielle de 2027_227&quot;, &quot;customIDSPE&quot;: &quot;bGVmaWdhcm8uZnJfXzFmMDdlNmYzLTRkZmEtNjc0Ni1hYjg2LWU1ZmFkZDRhY2IwY19fQXJ0aWNsZQ==&quot;, &quot;event&quot;: &quot;customEventSPE&quot;}\" rel=\"nofollow noopener\" target=\"_blank\"><br \/>\n                    Connectez-vous<br \/>\n                <\/a>\n            <\/p>\n","protected":false},"excerpt":{"rendered":"REPORTAGE \u2013 Favorables \u00e0 l\u2019organisation d\u2019une primaire, les Verts ont profit\u00e9 de leur rentr\u00e9e politique pour appeler une&hellip;\n","protected":false},"author":2,"featured_media":335494,"comment_status":"","ping_status":"","sticky":false,"template":"","format":"standard","meta":{"footnotes":""},"categories":[2],"tags":[11,2339,1011,27,780,4729,12,25],"class_list":{"0":"post-335493","1":"post","2":"type-post","3":"status-publish","4":"format-standard","5":"has-post-thumbnail","7":"category-actualites","8":"tag-actualites","9":"tag-ecologistes","10":"tag-fr","11":"tag-france","12":"tag-lfi","13":"tag-marine-tondelier","14":"tag-news","15":"tag-republique-francaise"},"share_on_mastodon":{"url":"https:\/\/pubeurope.com\/@fr\/115070817063597025","error":""},"_links":{"self":[{"href":"https:\/\/www.europesays.com\/fr\/wp-json\/wp\/v2\/posts\/335493","targetHints":{"allow":["GET"]}}],"collection":[{"href":"https:\/\/www.europesays.com\/fr\/wp-json\/wp\/v2\/posts"}],"about":[{"href":"https:\/\/www.europesays.com\/fr\/wp-json\/wp\/v2\/types\/post"}],"author":[{"embeddable":true,"href":"https:\/\/www.europesays.com\/fr\/wp-json\/wp\/v2\/users\/2"}],"replies":[{"embeddable":true,"href":"https:\/\/www.europesays.com\/fr\/wp-json\/wp\/v2\/comments?post=335493"}],"version-history":[{"count":0,"href":"https:\/\/www.europesays.com\/fr\/wp-json\/wp\/v2\/posts\/335493\/revisions"}],"wp:featuredmedia":[{"embeddable":true,"href":"https:\/\/www.europesays.com\/fr\/wp-json\/wp\/v2\/media\/335494"}],"wp:attachment":[{"href":"https:\/\/www.europesays.com\/fr\/wp-json\/wp\/v2\/media?parent=335493"}],"wp:term":[{"taxonomy":"category","embeddable":true,"href":"https:\/\/www.europesays.com\/fr\/wp-json\/wp\/v2\/categories?post=335493"},{"taxonomy":"post_tag","embeddable":true,"href":"https:\/\/www.europesays.com\/fr\/wp-json\/wp\/v2\/tags?post=335493"}],"curies":[{"name":"wp","href":"https:\/\/api.w.org\/{rel}","templated":true}]}}