{"id":335497,"date":"2025-08-22T05:42:18","date_gmt":"2025-08-22T05:42:18","guid":{"rendered":"https:\/\/www.europesays.com\/fr\/335497\/"},"modified":"2025-08-22T05:42:18","modified_gmt":"2025-08-22T05:42:18","slug":"viol-creche-fermee-tour-de-france-les-infos-qui-ont-marque-lete-a-rouen","status":"publish","type":"post","link":"https:\/\/www.europesays.com\/fr\/335497\/","title":{"rendered":"Viol, cr\u00e8che ferm\u00e9e, Tour de France&#8230; Les infos qui ont marqu\u00e9 l&rsquo;\u00e9t\u00e9 \u00e0 Rouen"},"content":{"rendered":"<p>            Par<br \/>\n        <strong><br \/>\n            <a href=\"https:\/\/actu.fr\/auteur\/julien-bouteiller\" title=\"Consulter tous les articles de Julien Bouteiller\" rel=\"nofollow noopener\" target=\"_blank\">Julien Bouteiller<\/a><br \/>\n        <\/strong><\/p>\n<p>        Publi\u00e9 le<\/p>\n<p>            22 ao\u00fbt 2025 \u00e0 7h06        <\/p>\n<p>On ne veut pas vous plomber le moral, mais la fin des vacances approche. <strong>L\u2019\u00e9t\u00e9 2025 a \u00e9t\u00e9 riche en actualit\u00e9s \u00e0 Rouen<\/strong>, et si vous n\u2019avez pas eu le temps de tout suivre, on vous propose<strong> un r\u00e9cap\u2019 des \u00e9v\u00e9nements marquants<\/strong> de ces derni\u00e8res semaines.<\/p>\n<p>Une affaire de viol choque Rouen<\/p>\n<p class=\" wall-content\">Au d\u00e9but du mois d\u2019ao\u00fbt, une affaire secoue l\u2019opinion \u00e0 Rouen : un commer\u00e7ant du centre-ville est interpell\u00e9 <a href=\"https:\/\/actu.fr\/normandie\/rouen_76540\/accuse-de-viol-sur-une-ado-a-rouen-ce-que-l-on-sait-du-commercant-place-en-detention-provisoire_63016768.html\" rel=\"nofollow noopener\" target=\"_blank\">pour le viol d\u2019une adolescente de 16 ans<\/a>.<\/p>\n<p class=\" wall-content\">Le patron d\u2019une petite parfumerie est soup\u00e7onn\u00e9 d\u2019avoir, \u00e0 son domicile, <strong>drogu\u00e9 et tr\u00e8s violemment abus\u00e9<\/strong> de la jeune fille qui avait \u00e9t\u00e9 sa stagiaire.<\/p>\n<p class=\" wall-content\"><strong>Mis en examen et plac\u00e9 en d\u00e9tention provisoire<\/strong>, l\u2019homme de 29 ans avait d\u00e9j\u00e0 \u00e9t\u00e9 condamn\u00e9 pour tentative de viol et exhibitionnisme.\u00a0<\/p>\n<p>Une cr\u00e8che ferm\u00e9e\u00a0<\/p>\n<p class=\" wall-content\">\u00c0 la mi-juillet, la pr\u00e9fecture a ordonn\u00e9 <a href=\"https:\/\/actu.fr\/normandie\/bihorel_76095\/des-enfants-en-danger-la-prefecture-ordonne-la-fermeture-d-une-creche-pres-de-rouen_62926690.html\" rel=\"nofollow noopener\" target=\"_blank\">la fermeture d\u2019une micro-cr\u00e8che Montessori<\/a> \u00e0 <strong>Bihorel<\/strong>.<\/p>\n<p class=\" wall-content\">Suite \u00e0 un signalement, les services de l\u2019\u00c9tat ont inspect\u00e9 l\u2019\u00e9tablissement et <strong>relev\u00e9 de nombreux dysfonctionnements<\/strong> : temp\u00e9ratures trop \u00e9lev\u00e9es, acc\u00e8s libre et non contr\u00f4l\u00e9, absence d\u2019alarme incendie, probl\u00e8mes d\u2019hygi\u00e8ne\u2026<\/p>\n<p class=\" wall-content\">\u00c0 noter que la cr\u00e8che en question avait d\u00e9j\u00e0 fait <a href=\"https:\/\/actu.fr\/normandie\/bihorel_76095\/la-fermeture-dune-micro-creche-ordonnee-suite-a-des-manquements-graves_62969655.html\" rel=\"nofollow noopener\" target=\"_blank\">l\u2019objet de signalements d\u00e8s 2024<\/a>.<\/p>\n<p>Le Tour de France<\/p>\n<p class=\" wall-content\">C\u2019\u00e9tait l\u2019\u00e9v\u00e9nement de l\u2019\u00e9t\u00e9, <strong>l\u2019arriv\u00e9e d\u2019une \u00e9tape du Tour de France \u00e0 Rouen<\/strong>. Certes, la f\u00eate a \u00e9t\u00e9 belle, mais elle a aussi \u00e9t\u00e9 entach\u00e9e par un \u00e9v\u00e9nement grave.<\/p>\n<p>Votre r\u00e9gion, votre actu !<\/p>\n<p>Recevez chaque jour les infos qui comptent pour vous.<\/p>\n<p>\t<a href=\"https:\/\/actu.fr\/newsletter\" class=\"ac-btn ac-btn--corner ac-btn--medium ac-btn--blue800\" rel=\"nofollow noopener\" target=\"_blank\">S&rsquo;incrire<\/a><\/p>\n<p class=\" wall-content\">En effet, <a href=\"https:\/\/actu.fr\/normandie\/rouen_76540\/ce-que-l-on-sait-de-l-homme-qui-a-brandi-un-couteau-au-tour-de-france-a-rouen_62885707.html\" rel=\"nofollow noopener\" target=\"_blank\">un homme arm\u00e9 d\u2019un couteau a \u00e9t\u00e9 interpell\u00e9<\/a> apr\u00e8s avoir menac\u00e9 des passants puis bless\u00e9 un CRS. Il a \u00e9t\u00e9 ma\u00eetris\u00e9 apr\u00e8s avoir re\u00e7u un tir \u00e0 la cuisse.<\/p>\n<p class=\" wall-content\">Un expert psychiatre a conclu \u00e0 l\u2019abolition de son discernement. L\u2019homme a donc \u00e9t\u00e9<strong> admis en soins psychiatriques.<\/strong><\/p>\n<p>Agression sexuelle et d\u00e9bat sur l\u2019\u00e9clairage public<\/p>\n<p class=\" wall-content\">Au tout d\u00e9but du mois de juillet, Lucie, Rouennaise de 27 ans, t\u00e9moignait <a href=\"https:\/\/actu.fr\/normandie\/rouen_76540\/s-il-y-avait-eu-de-la-lumiere-a-rouen-son-agression-sexuelle-en-pleine-rue-relance-le-debat_62890460.html\" rel=\"nofollow noopener\" target=\"_blank\">de l\u2019agression sexuelle qu\u2019elle a subi en pleine rue un soir<\/a>. Apr\u00e8s une sortie dans un bar, elle a \u00e9t\u00e9 suivie par un individu <strong>qui l\u2019a plaqu\u00e9e contre un mur et touch\u00e9e.<\/strong><\/p>\n<p class=\" wall-content\">Sous le choc, la jeune femme a voulu ouvrir<strong> le d\u00e9bat sur l\u2019extinction de l\u2019\u00e9clairage public<\/strong> la nuit, estimant que s\u2019il y avait eu de la lumi\u00e8re, son agression aurait pu \u00eatre \u00e9vit\u00e9e.\u00a0<\/p>\n<p>Du mouvement dans les commerces<\/p>\n<p class=\" wall-content\">L\u2019\u00e9t\u00e9 a \u00e9t\u00e9 marqu\u00e9 par <strong>du mouvement c\u00f4t\u00e9 commerces<\/strong>. Il y a notamment eu la fermeture de Royal Croustillons \u2013 Maison LT. L\u2019occasion pour le g\u00e9rant de <a href=\"https:\/\/actu.fr\/normandie\/rouen_76540\/ce-commerce-ferme-rue-de-la-republique-a-rouen-on-a-donne-tout-ce-qu-on-pouvait_62965880.html\" rel=\"nofollow noopener\" target=\"_blank\">t\u00e9moigner des difficult\u00e9s des jeunes commer\u00e7ants<\/a>.<\/p>\n<p class=\" wall-content\">Le Bakoua pour sa part a tourn\u00e9 la page <strong>d\u2019une histoire longue de 30 ans.<\/strong> Les deux fr\u00e8res \u00e0 la t\u00eate du restaurant antillais <a href=\"https:\/\/actu.fr\/normandie\/rouen_76540\/ce-restaurant-mythique-de-rouen-ferme-ses-portes-un-couple-est-venu-tous-les-vendredis-pendant-30-ans_63000000.html\" rel=\"nofollow noopener\" target=\"_blank\">partent pour de nouvelles aventures<\/a>.<\/p>\n<p class=\" wall-content\">Du mouvement <strong>aussi rue du Gros Horloge<\/strong>, puisqu\u2019on a su ce qui allait <a href=\"https:\/\/actu.fr\/normandie\/rouen_76540\/on-sait-ce-qui-va-remplacer-pitaya-rue-du-gros-horloge-a-rouen-et-ca-recrute_62935079.html\" rel=\"nofollow noopener\" target=\"_blank\">remplacer le restaurant Pitaya<\/a>. Quant \u00e0 l\u2019ancien Cr\u00e9dit Agricole de<strong> l\u2019avenue Pasteur<\/strong>, nous avons r\u00e9v\u00e9l\u00e9 qu\u2019il allait \u00eatre <a href=\"https:\/\/actu.fr\/normandie\/rouen_76540\/une-superette-d-une-grande-enseigne-va-ouvrir-a-deux-pas-d-une-autre-a-rouen_62977116.html\" rel=\"nofollow noopener\" target=\"_blank\">remplac\u00e9 par une sup\u00e9rette<\/a>.<\/p>\n<p>Mais aussi\u2026<\/p>\n<p class=\" wall-content\">On citera aussi p\u00eale-m\u00eale d\u2019autres informations marquantes. Il y a notamment la tr\u00e8s attendue <a href=\"https:\/\/actu.fr\/normandie\/belbeuf_76069\/en-images-decouvrez-la-piscine-du-plateau-est-de-rouen-avant-son-ouverture_62985976.html\" rel=\"nofollow noopener\" target=\"_blank\">ouverture de la piscine du plateau Est<\/a>, <strong>apr\u00e8s un long feuilleton.<\/strong><\/p>\n<p class=\" wall-content\">Mais aussi, la M\u00e9tropole de Rouen qui a tenu<strong> \u00e0 alerter les habitants<\/strong> <a href=\"https:\/\/actu.fr\/normandie\/rouen_76540\/la-metropole-de-rouen-alerte-sur-une-nouvelle-pratique-suspecte-mefiez-vous_63013489.html\" rel=\"nofollow noopener\" target=\"_blank\">sur une nouvelle arnaque<\/a>, invitant \u00e0 la prudence de chacun.<\/p>\n<p class=\" wall-content\">On a aussi continu\u00e9 \u00e0 suivre<strong> le dossier Yvonne<\/strong>, l\u2019enseigne de boulangeries en difficult\u00e9, <a href=\"https:\/\/actu.fr\/normandie\/rouen_76540\/problemes-sanitaires-retards-de-salaires-chez-yvonne-a-rouen-un-envers-du-decor-peu-reluisant_62854503.html\" rel=\"nofollow noopener\" target=\"_blank\">dont certains salari\u00e9s nous ont r\u00e9v\u00e9l\u00e9 les coulisses<\/a>.<\/p>\n<p class=\" wall-content\">Enfin, dans un registre plus l\u00e9ger, on a appris qu\u2019une <a href=\"https:\/\/actu.fr\/normandie\/rouen_76540\/star-aux-etats-unis-et-compagne-d-un-celebre-chanteur-elle-a-passe-ses-vacances-a-rouen_62983507.html\" rel=\"nofollow noopener\" target=\"_blank\">c\u00e9l\u00e8bre chanteuse et actrice am\u00e9ricaine<\/a>, <strong>compagne d\u2019une star fran\u00e7aise<\/strong>, avait pass\u00e9 quelques vacances \u00e0 Rouen.\u00a0<\/p>\n<p class=\" wall-content\">Et vous, que retenez-vous de cet \u00e9t\u00e9 ?<\/p>\n<p>Suivez l\u2019actualit\u00e9 de Rouen <a href=\"https:\/\/www.whatsapp.com\/channel\/0029VaKfnf99hXF2ddApFB1D\" rel=\"nofollow noopener\" target=\"_blank\">sur notre cha\u00eene WhatsApp<\/a> et <a href=\"https:\/\/www.tiktok.com\/@76actu.fr?lang=fr\" rel=\"nofollow noopener\" target=\"_blank\">sur notre compte TikTok<\/a><\/p>\n<p class=\" wall-content\">Personnalisez votre actualit\u00e9 en ajoutant vos villes et m\u00e9dias en favori avec <a href=\"https:\/\/moncompte.actu.fr\" title=\"D\u00e9couvez Mon Actu\" rel=\"nofollow noopener\" data-trk=\"{&quot;cta&quot;:{&quot;action&quot;:&quot;https:\\\/\\\/moncompte.actu.fr&quot;,&quot;category&quot;:&quot;mon compte&quot;,&quot;from&quot;:&quot;article footer&quot;,&quot;name&quot;:&quot;Mon actu&quot;,&quot;type&quot;:&quot;cta&quot;}}\" target=\"_blank\">Mon Actu<\/a>.<\/p>\n<p>                    <script async src=\"\/\/www.tiktok.com\/embed.js\"><\/script><\/p>\n","protected":false},"excerpt":{"rendered":"Par Julien Bouteiller Publi\u00e9 le 22 ao\u00fbt 2025 \u00e0 7h06 On ne veut pas vous plomber le moral,&hellip;\n","protected":false},"author":2,"featured_media":335498,"comment_status":"","ping_status":"","sticky":false,"template":"","format":"standard","meta":{"footnotes":""},"categories":[4],"tags":[11,215,1011,27,12,25,104,799],"class_list":{"0":"post-335497","1":"post","2":"type-post","3":"status-publish","4":"format-standard","5":"has-post-thumbnail","7":"category-france","8":"tag-actualites","9":"tag-commerce","10":"tag-fr","11":"tag-france","12":"tag-news","13":"tag-republique-francaise","14":"tag-societe","15":"tag-violences-sexuelles"},"share_on_mastodon":{"url":"https:\/\/pubeurope.com\/@fr\/115070825267390885","error":""},"_links":{"self":[{"href":"https:\/\/www.europesays.com\/fr\/wp-json\/wp\/v2\/posts\/335497","targetHints":{"allow":["GET"]}}],"collection":[{"href":"https:\/\/www.europesays.com\/fr\/wp-json\/wp\/v2\/posts"}],"about":[{"href":"https:\/\/www.europesays.com\/fr\/wp-json\/wp\/v2\/types\/post"}],"author":[{"embeddable":true,"href":"https:\/\/www.europesays.com\/fr\/wp-json\/wp\/v2\/users\/2"}],"replies":[{"embeddable":true,"href":"https:\/\/www.europesays.com\/fr\/wp-json\/wp\/v2\/comments?post=335497"}],"version-history":[{"count":0,"href":"https:\/\/www.europesays.com\/fr\/wp-json\/wp\/v2\/posts\/335497\/revisions"}],"wp:featuredmedia":[{"embeddable":true,"href":"https:\/\/www.europesays.com\/fr\/wp-json\/wp\/v2\/media\/335498"}],"wp:attachment":[{"href":"https:\/\/www.europesays.com\/fr\/wp-json\/wp\/v2\/media?parent=335497"}],"wp:term":[{"taxonomy":"category","embeddable":true,"href":"https:\/\/www.europesays.com\/fr\/wp-json\/wp\/v2\/categories?post=335497"},{"taxonomy":"post_tag","embeddable":true,"href":"https:\/\/www.europesays.com\/fr\/wp-json\/wp\/v2\/tags?post=335497"}],"curies":[{"name":"wp","href":"https:\/\/api.w.org\/{rel}","templated":true}]}}