{"id":335507,"date":"2025-08-22T05:49:10","date_gmt":"2025-08-22T05:49:10","guid":{"rendered":"https:\/\/www.europesays.com\/fr\/335507\/"},"modified":"2025-08-22T05:49:10","modified_gmt":"2025-08-22T05:49:10","slug":"plus-que-le-football-feminin-quelle-place-accorde-t-on-au-sport-en-france","status":"publish","type":"post","link":"https:\/\/www.europesays.com\/fr\/335507\/","title":{"rendered":"\u00abPlus que le football f\u00e9minin, quelle place accorde-t-on au sport en France\u00a0?\u00bb"},"content":{"rendered":"<p><strong>ENTRETIEN &#8211; <\/strong>L\u2019ancienne vedette des Bleues, aujourd\u2019hui coach \u00e0 Chelsea en Angleterre, comprend la complexit\u00e9 financi\u00e8re du football f\u00e9minin. Mais d\u00e9plore le manque d\u2019entrain culturel en France.<\/p>\n<p class=\"fig-paragraph\"><strong>LE FIGARO &#8211; Depuis la Coupe du monde 2019 en France, quel bilan peut-on tirer de la place r\u00e9serv\u00e9e au foot f\u00e9minin\u00a0?<\/strong><\/p>\n<p class=\"fig-paragraph\"><strong>SONIA BOMPASTOR &#8211; <\/strong>Ce n\u2019est pas facile d\u2019en parler pour moi car, en tant que Fran\u00e7aise, j\u2019aimerais pouvoir dire que\u00a0<a href=\"http:\/\/www.lefigaro.fr\/sports\/football\/efforts-aulas-droit-a-l-image-pourquoi-le-foot-feminin-n-a-toujours-pas-de-convention-collective-20250516\" target=\"_blank\" data-fig-type=\"NewsFlash\" rel=\"noopener\" data-gtm-custom-categorie=\"navigation\" data-gtm-custom-action=\"crossclick\" data-gtm-custom-label=\"Contextuel\" data-gtm-event=\"customEventSPE\" data-fig-domain=\"LEFIGARO\">le foot f\u00e9minin<\/a>\u00a0en France avance \u00e0 grande vitesse et qu\u2019on est un pays r\u00e9f\u00e9rence. \u00c9tant en Angleterre, il y a pas mal d\u2019\u00e9l\u00e9ments de comparaison qui me sautent aux yeux. Et en m\u00eame temps, je ne veux pas passer pour celle qui fait un peu la morale en disant que tout est mieux en Angleterre. Je pense qu\u2019on a un peu pein\u00e9 \u00e0 surfer sur tous les bienfaits qu\u2019avait apport\u00e9s cette Coupe du monde.<\/p>\n<p class=\"fig-paragraph\">Un des \u00e9l\u00e9ments primordiaux, quand on veut que les choses s\u2019emballent apr\u00e8s une grande comp\u00e9tition qu\u2019on organise, c\u2019est avoir des r\u00e9sultats positifs. L\u2019\u00e9quipe de France\u00a0<a href=\"https:\/\/www.lefigaro.fr\/sports\/football\/coupe-du-monde-feminine\/actualites\/diacre-apres-l-echec-des-bleues-je-ne-suis-pas-du-genre-a-renoncer-963646\" data-fig-type=\"Article\" data-gtm-custom-categorie=\"navigation\" data-gtm-custom-action=\"crossclick\" data-gtm-custom-label=\"Contextuel\" data-gtm-event=\"customEventSPE\" data-fig-domain=\"LEFIGARO\" target=\"_blank\" rel=\"noopener\">s\u2019\u00e9tait arr\u00eat\u00e9e en quarts de finale<\/a>. Peut-\u00eatre qu\u2019il y a eu une forme de d\u00e9ception du public. Malgr\u00e9 tout, derri\u00e8re, je pense qu\u2019on n\u2019a pas su saisir la balle au bond. Si on compare avec l\u2019Angleterre en 2022\u2026<\/p>\n<p class=\"fig-premium-paywall__infos\">\n        Cet article est r\u00e9serv\u00e9 aux abonn\u00e9s.        Il vous reste 84% \u00e0 d\u00e9couvrir.\n    <\/p>\n<p>                <img  data- alt=\"Le Figaro\" class=\"fig-img--complete fig-img\"\/><\/p>\n<p class=\"fig-premium-paywall__title\">Vente Flash<\/p>\n<p class=\"fig-premium-paywall__subtitle\">4,99\u20ac par mois pendant 12 mois. Sans engagement<\/p>\n<p class=\"fig-premium-paywall__connect\">\n                D\u00e9j\u00e0 abonn\u00e9\u00a0?                <a class=\"fig-premium-paywall__connect-link\" href=\"https:\/\/connect.lefigaro.fr\/login?client=horizon_web&amp;type=main&amp;redirect_uri=https%3A%2F%2Fwww.lefigaro.fr%2Fsports%2Ffootball%2Fsonia-bompastor-plus-que-le-football-feminin-quelle-place-accorde-t-on-au-sport-en-france-20250822\" data-js-gtm=\"{&quot;customCategorie&quot;: &quot;conversion&quot;, &quot;customAction&quot;: &quot;before_Landing_Connexion_paywall_auto&quot;, &quot;customLabel&quot;: &quot;bGVmaWdhcm8uZnJfXzFmMDdkZTdhLWRiNmMtNjQ3YS1hYThmLTEzYmRkYjc2NzAxY19fTmV3c0ZsYXNo_Sonia Bompastor\u00a0: \u00abPlus que le football f\u00e9minin, quelle place accorde-t-on au sport en France\u00a0?\u00bb_373&quot;, &quot;customIDSPE&quot;: &quot;bGVmaWdhcm8uZnJfXzFmMDdkZTdhLWRiNmMtNjQ3YS1hYThmLTEzYmRkYjc2NzAxY19fTmV3c0ZsYXNo&quot;, &quot;event&quot;: &quot;customEventSPE&quot;}\" target=\"_blank\" rel=\"noopener\"><br \/>\n                    Connectez-vous<br \/>\n                <\/a>\n            <\/p>\n","protected":false},"excerpt":{"rendered":"ENTRETIEN &#8211; L\u2019ancienne vedette des Bleues, aujourd\u2019hui coach \u00e0 Chelsea en Angleterre, comprend la complexit\u00e9 financi\u00e8re du football&hellip;\n","protected":false},"author":2,"featured_media":335508,"comment_status":"","ping_status":"","sticky":false,"template":"","format":"standard","meta":{"footnotes":""},"categories":[1412],"tags":[11871,1451,3236,1452,1453,1454,1455,1011,27,399,60],"class_list":{"0":"post-335507","1":"post","2":"type-post","3":"status-publish","4":"format-standard","5":"has-post-thumbnail","7":"category-f1","8":"tag-chelsea","9":"tag-f1","10":"tag-football-feminin","11":"tag-formula-1","12":"tag-formula1","13":"tag-formule-1","14":"tag-formule1","15":"tag-fr","16":"tag-france","17":"tag-investissement","18":"tag-sports"},"share_on_mastodon":{"url":"https:\/\/pubeurope.com\/@fr\/115070852378770163","error":""},"_links":{"self":[{"href":"https:\/\/www.europesays.com\/fr\/wp-json\/wp\/v2\/posts\/335507","targetHints":{"allow":["GET"]}}],"collection":[{"href":"https:\/\/www.europesays.com\/fr\/wp-json\/wp\/v2\/posts"}],"about":[{"href":"https:\/\/www.europesays.com\/fr\/wp-json\/wp\/v2\/types\/post"}],"author":[{"embeddable":true,"href":"https:\/\/www.europesays.com\/fr\/wp-json\/wp\/v2\/users\/2"}],"replies":[{"embeddable":true,"href":"https:\/\/www.europesays.com\/fr\/wp-json\/wp\/v2\/comments?post=335507"}],"version-history":[{"count":0,"href":"https:\/\/www.europesays.com\/fr\/wp-json\/wp\/v2\/posts\/335507\/revisions"}],"wp:featuredmedia":[{"embeddable":true,"href":"https:\/\/www.europesays.com\/fr\/wp-json\/wp\/v2\/media\/335508"}],"wp:attachment":[{"href":"https:\/\/www.europesays.com\/fr\/wp-json\/wp\/v2\/media?parent=335507"}],"wp:term":[{"taxonomy":"category","embeddable":true,"href":"https:\/\/www.europesays.com\/fr\/wp-json\/wp\/v2\/categories?post=335507"},{"taxonomy":"post_tag","embeddable":true,"href":"https:\/\/www.europesays.com\/fr\/wp-json\/wp\/v2\/tags?post=335507"}],"curies":[{"name":"wp","href":"https:\/\/api.w.org\/{rel}","templated":true}]}}