{"id":335509,"date":"2025-08-22T05:50:12","date_gmt":"2025-08-22T05:50:12","guid":{"rendered":"https:\/\/www.europesays.com\/fr\/335509\/"},"modified":"2025-08-22T05:50:12","modified_gmt":"2025-08-22T05:50:12","slug":"le-contre-la-montre-individuel-de-letape-6-remporte-par-jules-de-cock-des-pays-bas","status":"publish","type":"post","link":"https:\/\/www.europesays.com\/fr\/335509\/","title":{"rendered":"le contre-la-montre individuel de l&rsquo;\u00e9tape 6 remport\u00e9 par Jules de Cock des Pays-Bas"},"content":{"rendered":"<p>Ce jeudi apr\u00e8s-midi se tenait l&rsquo;\u00e9preuve du contre-la-montre lors du tron\u00e7on 2 de l&rsquo;\u00e9tape 6. Entre 15h30 et 17h30, 90 coureurs ont d\u00fb parcourir 12 km le plus vite possible. C&rsquo;est le N\u00e9erlandais Jules de Cock qui a \u00e9t\u00e9 le plus rapide avec un temps de 13&rsquo;52\u00a0\u00bb.<\/p>\n<p>Moins de 14 minutes pour r\u00e9aliser 12 km en v\u00e9lo. <strong>C&rsquo;est la performance r\u00e9alis\u00e9e par Jules de Cock des Pays-Bas cet apr\u00e8s-midi \u00e0 l&rsquo;occasion du tron\u00e7on 2 de l&rsquo;\u00e9tape 6<\/strong>. D\u00e9couvrez le TOP10 du classement au temps pour cette \u00e9preuve contre-la-montre, la seule de cette \u00e9dition. <\/p>\n<ol>\n<li>DE COCK Jules (Pays-Bas) : 13&rsquo;52\u00a0\u00bb<\/li>\n<li>DREWESE Albrecht (Allemagne) : 13&rsquo;54\u00a0\u00bb<\/li>\n<li>ROY L\u00e9o (Qu\u00e9bec) : 13&rsquo;57\u00a0\u00bb<\/li>\n<li>DEROUAULT Baptiste (Haute Savoie) : 14&rsquo;01\u00a0\u00bb<\/li>\n<li>CLAVIER Kendrick (Guadeloupe) : 14&rsquo;05\u00a0\u00bb<\/li>\n<li>VILA Emiliano (ASPTT Nancy) : 14&rsquo;05\u00a0\u00bb<\/li>\n<li>LE NY Benjamin (Guadeloupe) : 14&rsquo;06\u00a0\u00bb<\/li>\n<li>ARTS Tim (Pays-Bas) : 14&rsquo;12&rsquo;<\/li>\n<li>GERAN Ronald  (Guadeloupe) : 14&rsquo;13&rsquo;<\/li>\n<li>NUBUL Owan (V\u00e9lo Club Sinnamary) : 14&rsquo;15\u00a0\u00bb<\/li>\n<li>LOUWRIER Mozes (Pays-Bas) : 14&rsquo;15\u00a0\u00bb<\/li>\n<\/ol>\n<p>Les coureurs avaient, le matin, une course en ligne. Elle a \u00e9t\u00e9 remport\u00e9e par Killian BOSCHER de la Martinique. <\/p>\n","protected":false},"excerpt":{"rendered":"Ce jeudi apr\u00e8s-midi se tenait l&rsquo;\u00e9preuve du contre-la-montre lors du tron\u00e7on 2 de l&rsquo;\u00e9tape 6. Entre 15h30 et&hellip;\n","protected":false},"author":2,"featured_media":323850,"comment_status":"","ping_status":"","sticky":false,"template":"","format":"standard","meta":{"footnotes":""},"categories":[1411],"tags":[1154,207,1011,27,60],"class_list":{"0":"post-335509","1":"post","2":"type-post","3":"status-publish","4":"format-standard","5":"has-post-thumbnail","7":"category-cyclisme","8":"tag-cycling","9":"tag-cyclisme","10":"tag-fr","11":"tag-france","12":"tag-sports"},"share_on_mastodon":{"url":"https:\/\/pubeurope.com\/@fr\/115070856332806300","error":""},"_links":{"self":[{"href":"https:\/\/www.europesays.com\/fr\/wp-json\/wp\/v2\/posts\/335509","targetHints":{"allow":["GET"]}}],"collection":[{"href":"https:\/\/www.europesays.com\/fr\/wp-json\/wp\/v2\/posts"}],"about":[{"href":"https:\/\/www.europesays.com\/fr\/wp-json\/wp\/v2\/types\/post"}],"author":[{"embeddable":true,"href":"https:\/\/www.europesays.com\/fr\/wp-json\/wp\/v2\/users\/2"}],"replies":[{"embeddable":true,"href":"https:\/\/www.europesays.com\/fr\/wp-json\/wp\/v2\/comments?post=335509"}],"version-history":[{"count":0,"href":"https:\/\/www.europesays.com\/fr\/wp-json\/wp\/v2\/posts\/335509\/revisions"}],"wp:featuredmedia":[{"embeddable":true,"href":"https:\/\/www.europesays.com\/fr\/wp-json\/wp\/v2\/media\/323850"}],"wp:attachment":[{"href":"https:\/\/www.europesays.com\/fr\/wp-json\/wp\/v2\/media?parent=335509"}],"wp:term":[{"taxonomy":"category","embeddable":true,"href":"https:\/\/www.europesays.com\/fr\/wp-json\/wp\/v2\/categories?post=335509"},{"taxonomy":"post_tag","embeddable":true,"href":"https:\/\/www.europesays.com\/fr\/wp-json\/wp\/v2\/tags?post=335509"}],"curies":[{"name":"wp","href":"https:\/\/api.w.org\/{rel}","templated":true}]}}