{"id":335510,"date":"2025-08-22T05:51:09","date_gmt":"2025-08-22T05:51:09","guid":{"rendered":"https:\/\/www.europesays.com\/fr\/335510\/"},"modified":"2025-08-22T05:51:09","modified_gmt":"2025-08-22T05:51:09","slug":"transfert-a-55me-le-psg-annonce-du-lourd","status":"publish","type":"post","link":"https:\/\/www.europesays.com\/fr\/335510\/","title":{"rendered":"Transfert \u00e0 55M\u20ac : Le PSG annonce du lourd !"},"content":{"rendered":"<p>                    Guillaume de Saint Sauveur<br \/>\n                        &#8211;<\/p>\n<p>Journaliste<\/p>\n<p>Dipl\u00f4m\u00e9 d\u2019Ecole de Journalisme \u00e0 Paris. Sp\u00e9cialis\u00e9 football, et plus particuli\u00e8rement sur le mercato. Fan du PSG et du Stade Fran\u00e7ais.<\/p>\n<p class=\"heading\">Le PSG a opt\u00e9 pour une d\u00e9cision radicale cet \u00e9t\u00e9 en poussant Gianluigi Donnarumma vers la sortie tout en recrutant Lucas Chevalier en provenance du LOSC dans le cadre d\u2019un transfert \u00e0 55M\u20ac, bonus compris. Luis Enrique s\u2019est de nouveau confi\u00e9 sur cet \u00e9pineux dossier en conf\u00e9rence de presse, et le coach espagnol du PSG se montre tr\u00e8s serein sur son choix.<\/p>\n<p>C\u2019est la r\u00e9volution des gardiens au <strong>PSG<\/strong> ! <strong>Luis<\/strong> <strong>Enrique<\/strong> a d\u00e9cid\u00e9 de mettre un terme au r\u00e8gne de <strong>Gianluigi<\/strong> <strong>Donnarumma<\/strong> et de pousser le portier italien vers la sortie \u00e0 un an de la fin de son contrat. Et parall\u00e8lement, il a opt\u00e9 pour la signature de <strong>Lucas<\/strong> <strong>Chevalier<\/strong>, fraichement arriv\u00e9 au <a href=\"https:\/\/le10sport.com\/football\/ligue1\/psg\/\" rel=\"nofollow noopener\" target=\"_blank\">PSG<\/a> pour 55M\u20ac (bonus compris). Un choix fort qui suscite un gros d\u00e9bat depuis une dizaine de jours, et <strong>Enrique<\/strong> s\u2019en est de nouveau expliqu\u00e9 jeudi apr\u00e8s-midi en conf\u00e9rence de presse.<\/p>\n<p>                                            \u00ab Aucun probl\u00e8me \u00bb<\/p>\n<p>L\u2019entra\u00eeneur du <strong>PSG<\/strong> affiche un parfaite s\u00e9r\u00e9nit\u00e9 quant \u00e0 ce choix : \u00ab Ce sont des d\u00e9cisions toujours difficiles \u00e0 prendre. Je n&rsquo;ai aucun probl\u00e8me \u00e0 la prendre mais je n&rsquo;expliquerai rien sur des joueurs qui sont au PSG. Ca ne m&rsquo;int\u00e9resse pas \u00bb, confie <strong>Luis<\/strong> <strong>Enrique<\/strong>.<\/p>\n<p>                                            \u00ab On est tranquilles \u00bb<\/p>\n<p>\u00ab Je peux comprendre les critiques sur notre et ma d\u00e9cision. Mais on est calmes, on est tranquilles. On sait o\u00f9 on veut aller et c&rsquo;est le plus important pour moi \u00bb, poursuit l\u2019entra\u00eeneur du <strong>PSG<\/strong>. Le message est pass\u00e9. <\/p>\n","protected":false},"excerpt":{"rendered":"Guillaume de Saint Sauveur &#8211; Journaliste Dipl\u00f4m\u00e9 d\u2019Ecole de Journalisme \u00e0 Paris. Sp\u00e9cialis\u00e9 football, et plus particuli\u00e8rement sur&hellip;\n","protected":false},"author":2,"featured_media":335511,"comment_status":"","ping_status":"","sticky":false,"template":"","format":"standard","meta":{"footnotes":""},"categories":[1410],"tags":[63,1011,27,60],"class_list":{"0":"post-335510","1":"post","2":"type-post","3":"status-publish","4":"format-standard","5":"has-post-thumbnail","7":"category-football","8":"tag-football","9":"tag-fr","10":"tag-france","11":"tag-sports"},"share_on_mastodon":{"url":"https:\/\/pubeurope.com\/@fr\/115070860402214994","error":""},"_links":{"self":[{"href":"https:\/\/www.europesays.com\/fr\/wp-json\/wp\/v2\/posts\/335510","targetHints":{"allow":["GET"]}}],"collection":[{"href":"https:\/\/www.europesays.com\/fr\/wp-json\/wp\/v2\/posts"}],"about":[{"href":"https:\/\/www.europesays.com\/fr\/wp-json\/wp\/v2\/types\/post"}],"author":[{"embeddable":true,"href":"https:\/\/www.europesays.com\/fr\/wp-json\/wp\/v2\/users\/2"}],"replies":[{"embeddable":true,"href":"https:\/\/www.europesays.com\/fr\/wp-json\/wp\/v2\/comments?post=335510"}],"version-history":[{"count":0,"href":"https:\/\/www.europesays.com\/fr\/wp-json\/wp\/v2\/posts\/335510\/revisions"}],"wp:featuredmedia":[{"embeddable":true,"href":"https:\/\/www.europesays.com\/fr\/wp-json\/wp\/v2\/media\/335511"}],"wp:attachment":[{"href":"https:\/\/www.europesays.com\/fr\/wp-json\/wp\/v2\/media?parent=335510"}],"wp:term":[{"taxonomy":"category","embeddable":true,"href":"https:\/\/www.europesays.com\/fr\/wp-json\/wp\/v2\/categories?post=335510"},{"taxonomy":"post_tag","embeddable":true,"href":"https:\/\/www.europesays.com\/fr\/wp-json\/wp\/v2\/tags?post=335510"}],"curies":[{"name":"wp","href":"https:\/\/api.w.org\/{rel}","templated":true}]}}