{"id":335512,"date":"2025-08-22T05:52:12","date_gmt":"2025-08-22T05:52:12","guid":{"rendered":"https:\/\/www.europesays.com\/fr\/335512\/"},"modified":"2025-08-22T05:52:12","modified_gmt":"2025-08-22T05:52:12","slug":"ca-se-precise-pour-lou-pernaut-en-coulisses","status":"publish","type":"post","link":"https:\/\/www.europesays.com\/fr\/335512\/","title":{"rendered":"\u00e7a se pr\u00e9cise pour Lou Pernaut en coulisses &#8230;"},"content":{"rendered":"<p>EN BREF<\/p>\n<ul class=\"bloc_resume_post_list\">\n<li>Le 20 ao\u00fbt, Cyril Hanouna a r\u00e9v\u00e9l\u00e9 une nouvelle<br \/>\nbande-annonce de son \u00e9mission \u00ab\u00a0Tout beau, tout n9uf&rsquo;, avec ses<br \/>\nchroniqueurs habituels.<\/li>\n<li>Le talk-show d\u00e9butera le 1er septembre sur W9, avec des<br \/>\nchroniqueurs de &lsquo;Touche pas \u00e0 mon poste&rsquo; et de nouvelles<br \/>\nrecrues.<\/li>\n<li>Lou Pernaut, fille de Jean-Pierre Pernaut, pourrait<br \/>\nrejoindre l&rsquo;\u00e9quipe, selon le blogueur Aqababe.<\/li>\n<\/ul>\n<p>Ce 20 ao\u00fbt, Cyril Hanouna a d\u00e9voil\u00e9 une <a href=\"https:\/\/www.telestar.fr\/actu_tv\/tout-beau-tout-n9uf-une-nouvelle-bande-annonce-devoilee-et-lhumour-de-cyril-hanouna-na-pas-change-video-1735470\" rel=\"nofollow noopener\" target=\"_blank\"><br \/>\nnouvelle bande-annonce<\/a> de son \u00e9mission <strong>Tout beau,<br \/>\ntout n9uf,<\/strong> dans laquelle on retrouve l\u2019humour de<br \/>\nl\u2019animateur et de ses chroniqueurs. En effet, le trublion du PAF<br \/>\nsera entour\u00e9 de plusieurs de ses acolytes de longue date pour ce<br \/>\ntalk-show.<\/p>\n<p>L\u2019animateur a \u00e9galement annonc\u00e9 qu\u2019il sera entour\u00e9 de nouvelles<br \/>\nrecrues, dont il n\u2019a pas r\u00e9v\u00e9l\u00e9 l\u2019identit\u00e9. Aqababe a cependant<br \/>\nd\u00e9voil\u00e9 le nom d\u2019une potentielle nouvelle chroniqueuse.<\/p>\n<p>Tout beau, tout n9uf\u00a0: Cyril Hanouna\u00a0fait des<br \/>\nr\u00e9v\u00e9lations sur le nouveau talk-show<\/p>\n<p>Le 1er septembre prochain sur W9, <a href=\"https:\/\/www.telestar.fr\/actu_tv\/sur-w9-cyril-hanouna-ne-veut-pas-retomber-dans-ses-travers-je-veux-rassembler-1734993\" rel=\"nofollow noopener\" target=\"_blank\"><br \/>\nCyril Hanouna<\/a> lancera son nouveau talk-show, Tout beau,<br \/>\ntout n9uf. Une partie des chroniqueurs embl\u00e9matique de Touche<br \/>\npas \u00e0 mon poste seront pr\u00e9sents, comme Val\u00e9rie Benaim, Raymond,<br \/>\nGilles Verdez ou encore G\u00e9raldine Maillet. \u00a0\u00c0 leurs c\u00f4t\u00e9s,<br \/>\nd\u2019autres visages familiers comme <strong>Fabien<br \/>\nLecoeuvre<\/strong>\u00a0et\u00a0<strong>Michel<br \/>\nMary<\/strong>\u00a0seront pr\u00e9sents.<\/p>\n<p>Ces derni\u00e8res semaines, le trublion du PAF a fait d\u2019autres<br \/>\nr\u00e9v\u00e9lations sur cette nouvelle \u00e9mission. Selon ses<br \/>\npropos,\u00a0<strong>l\u2019ADN<\/strong> de\u00a0Touche pas \u00e0 mon<br \/>\nposte\u00a0se retrouvera dans\u00a0Tout Beau Tout<br \/>\nN9uf. \u201cLes ch\u00e9ris, il y aura un <strong>chroniqueur Chat<br \/>\nGPT<\/strong> dans #TBT9 sur @W9 d\u00e8s le 1er septembre \u00e0 18h45 ! La<br \/>\nseule \u00e9mission 3.0 ! Je suis trop press\u00e9 de vous retrouver ! Et<br \/>\nmerci pour tous vos messages je vous aime fort\u201d,\u00a0a-t-il<br \/>\n\u00e9galement d\u00e9voil\u00e9 r\u00e9cemment sur X. Cinq nouvelles recrues devraient<br \/>\nrejoindre aussi le plateau. Ce 21 ao\u00fbt, le blogueur Aqababe a<br \/>\nannonc\u00e9 que <a href=\"https:\/\/www.telestar.fr\/people\/il-bossait-beaucoup-mais-les-souvenirs-emus-de-lou-pernaut-sur-son-pere-jean-pierre-pernaut-1717582\" rel=\"nofollow noopener\" target=\"_blank\"><br \/>\nLou Pernaut<\/a>, fille du regrett\u00e9 journaliste Jean-Pierre Pernaut,<br \/>\npourrait bien en faire partie.<\/p>\n<blockquote class=\"twitter-tweet\"><p><a class=\"twitter-link\" rel=\"noindex, nofollow noopener\" href=\"https:\/\/twitter.com\/AQABABE_\/status\/1958492428710580648\" target=\"_blank\"><\/p><\/blockquote>\n<p>Tout beau, tout n9uf\u00a0: Lou<br \/>\nPernault nouvelle recrue de Cyril Hanouna\u00a0?<\/p>\n<p>Apr\u00e8s un passage dans les \u00e9missions de t\u00e9l\u00e9r\u00e9alit\u00e9 <a href=\"https:\/\/www.telestar.fr\/tele_realite\/les-cinquante-w9-qui-sont-les-candidats-de-la-saison-4-1727877\" rel=\"nofollow noopener\" target=\"_blank\"><br \/>\nLes Cinquante<\/a> et The Power, Lou Pernaut serait sur le point de<br \/>\nfaire ses d\u00e9buts en tant que chroniqueuse. La fille de Jean-Pierre<br \/>\nPernaut et de <a href=\"https:\/\/www.telestar.fr\/tele_realite\/the-power-nathalie-marquay-malmenee-jean-pierre-pernaut-aurait-eu-peur-pour-elle-1717228\" rel=\"nofollow noopener\" target=\"_blank\"><br \/>\nNathalie Marquay<\/a> pourrait int\u00e9grer l\u2019\u00e9quipe de \u00ab\u00a0Tout beau<br \/>\ntout n9uf\u00a0\u00bb, selon <a href=\"https:\/\/www.telestar.fr\/societe\/xavier-dupont-de-ligonnes-la-traque-relancee-par-aqababe-a-totalement-derape-la-preuve-1722474\" rel=\"nofollow noopener\" target=\"_blank\"><br \/>\nAqababe<\/a>.<\/p>\n<p>Ce 21 ao\u00fbt, \u00e0 quelques jours du lancement de TBT9, le blogueur a<br \/>\nen effet publi\u00e9 sur X : \u00ab\u00a0EXCLU : D\u2019apr\u00e8s mes informations<br \/>\nexclusives, Lou Pernaut fera <strong>l\u2019emission pilot<\/strong> de<br \/>\n<a href=\"https:\/\/x.com\/hashtag\/TBT9?src=hashtag_click\" rel=\"nofollow\">#TBT9<\/a> ce<br \/>\nmercredi 27 ao\u00fbt. Si tout se passe bien, elle devrait<br \/>\n<strong>int\u00e9grer l\u2019\u00e9quipe d\u00e9finitivement<\/strong> !\u00a0\u00bb.<br \/>\nRendez-vous le 1er septembre pour le d\u00e9couvrir.<\/p>\n<p><script async src=\"https:\/\/platform.twitter.com\/widgets.js\" charset=\"utf-8\"><\/script><\/p>\n","protected":false},"excerpt":{"rendered":"EN BREF Le 20 ao\u00fbt, Cyril Hanouna a r\u00e9v\u00e9l\u00e9 une nouvelle bande-annonce de son \u00e9mission \u00ab\u00a0Tout beau, tout&hellip;\n","protected":false},"author":2,"featured_media":335513,"comment_status":"","ping_status":"","sticky":false,"template":"","format":"standard","meta":{"footnotes":""},"categories":[1359],"tags":[548,1083,58,59,1011,27,29940,973,47264],"class_list":{"0":"post-335512","1":"post","2":"type-post","3":"status-publish","4":"format-standard","5":"has-post-thumbnail","7":"category-people","8":"tag-article-simple","9":"tag-cyril-hanouna","10":"tag-divertissement","11":"tag-entertainment","12":"tag-fr","13":"tag-france","14":"tag-lou-pernaut","15":"tag-people","16":"tag-tbt9"},"share_on_mastodon":{"url":"https:\/\/pubeurope.com\/@fr\/115070864135070902","error":""},"_links":{"self":[{"href":"https:\/\/www.europesays.com\/fr\/wp-json\/wp\/v2\/posts\/335512","targetHints":{"allow":["GET"]}}],"collection":[{"href":"https:\/\/www.europesays.com\/fr\/wp-json\/wp\/v2\/posts"}],"about":[{"href":"https:\/\/www.europesays.com\/fr\/wp-json\/wp\/v2\/types\/post"}],"author":[{"embeddable":true,"href":"https:\/\/www.europesays.com\/fr\/wp-json\/wp\/v2\/users\/2"}],"replies":[{"embeddable":true,"href":"https:\/\/www.europesays.com\/fr\/wp-json\/wp\/v2\/comments?post=335512"}],"version-history":[{"count":0,"href":"https:\/\/www.europesays.com\/fr\/wp-json\/wp\/v2\/posts\/335512\/revisions"}],"wp:featuredmedia":[{"embeddable":true,"href":"https:\/\/www.europesays.com\/fr\/wp-json\/wp\/v2\/media\/335513"}],"wp:attachment":[{"href":"https:\/\/www.europesays.com\/fr\/wp-json\/wp\/v2\/media?parent=335512"}],"wp:term":[{"taxonomy":"category","embeddable":true,"href":"https:\/\/www.europesays.com\/fr\/wp-json\/wp\/v2\/categories?post=335512"},{"taxonomy":"post_tag","embeddable":true,"href":"https:\/\/www.europesays.com\/fr\/wp-json\/wp\/v2\/tags?post=335512"}],"curies":[{"name":"wp","href":"https:\/\/api.w.org\/{rel}","templated":true}]}}