{"id":335514,"date":"2025-08-22T05:54:14","date_gmt":"2025-08-22T05:54:14","guid":{"rendered":"https:\/\/www.europesays.com\/fr\/335514\/"},"modified":"2025-08-22T05:54:14","modified_gmt":"2025-08-22T05:54:14","slug":"lun-des-auteurs-dun-livre-sur-melenchon-interdit-des-universites-dete-de-la-france-insoumise","status":"publish","type":"post","link":"https:\/\/www.europesays.com\/fr\/335514\/","title":{"rendered":"L&rsquo;un des auteurs d\u2019un livre sur M\u00e9lenchon interdit des universit\u00e9s d&rsquo;\u00e9t\u00e9 de La France insoumise"},"content":{"rendered":"<p>Olivier P\u00e9rou, co-auteur du livre \u00ab La Meute \u00bb sur le fonctionnement interne du mouvement, qui a connu un grand succ\u00e8s en librairie, a vu son accr\u00e9ditation refus\u00e9e pour les universit\u00e9s d&rsquo;\u00e9t\u00e9 du mouvement de Jean-Luc M\u00e9lenchon.<\/p>\n<p>C&rsquo;est le livre politique de l&rsquo;ann\u00e9e. En mai dernier, <a href=\"https:\/\/www.parismatch.com\/actu\/politique\/il-a-tout-trahi-comment-jean-luc-melenchon-a-eteint-les-lumieres-251136\" rel=\"nofollow noopener\" target=\"_blank\">\u00ab La Meute \u00bb d\u00e9crivait le fonctionnement de La France insoumise (LFI) et l&#8217;emprise de Jean-Luc M\u00e9lenchon<\/a>. L&rsquo;ouvrage s&rsquo;est vendu \u00e0 plus de 80\u00a0000 exemplaires. Trois mois apr\u00e8s, le parti a refus\u00e9 d\u2019accr\u00e9diter pour ses universit\u00e9s d\u2019\u00e9t\u00e9 le journaliste du Monde Olivier P\u00e9rou, co-auteur du livre, a indiqu\u00e9 le journal jeudi, en d\u00e9non\u00e7ant une \u00ab\u00a0entrave \u00e0 la libert\u00e9 de la presse\u00a0\u00bb. \u00ab\u00a0Nous \u00e9levons la plus vive protestation contre cette entrave caract\u00e9ris\u00e9e \u00e0 la libert\u00e9 de la presse et \u00e0 l\u2019acc\u00e8s \u00e0 l\u2019information\u00a0\u00bb, \u00e9crit le directeur du quotidien, J\u00e9r\u00f4me Fenoglio, dans un billet mis en ligne sur son site.<\/p>\n<p>Les universit\u00e9s d\u2019\u00e9t\u00e9 de LFI ont lieu du 21 au 24\u00a0ao\u00fbt \u00e0 Valence (Dr\u00f4me). Au Monde, M.\u00a0P\u00e9rou suit les partis de gauche, avec Sandrine Cassini. Selon Fenoglio, \u00ab\u00a0aucune formation, quel que soit son bord politique, n\u2019avait jusqu\u2019\u00e0 pr\u00e9sent prononc\u00e9 une telle mesure d\u2019\u00e9viction\u00a0\u00bb contre un journaliste du Monde \u00ab\u00a0\u00e0 l\u2019occasion d\u2019un \u00e9v\u00e9nement de ce type\u00a0\u00bb.<\/p>\n<p>    La suite apr\u00e8s cette publicit\u00e9<\/p>\n<p>LFI \u00e9voque la d\u00e9ontologie<\/p>\n<p>En r\u00e9ponse, LFI a r\u00e9pliqu\u00e9 que \u00ab\u00a0les principes qui r\u00e9gissent la libert\u00e9 d\u2019information sont assortis de r\u00e8gles d\u00e9ontologiques (respect du contradictoire, protection de la vie priv\u00e9e, rigueur, sources multiples)\u00a0\u00bb. \u00ab\u00a0Celles-ci ont \u00e9t\u00e9 largement bafou\u00e9es dans l\u2019ouvrage que monsieur P\u00e9rou a consacr\u00e9 \u00e0 la France insoumise\u00a0\u00bb, a poursuivi le mouvement, accusant le journaliste de l\u2019avoir \u00ab\u00a0lourdement diffam\u00e9\u00a0\u00bb et d\u2019avoir \u00ab\u00a0invent\u00e9 de fausses informations\u00a0\u00bb sur sa vie interne.<\/p>\n<p>    La suite apr\u00e8s cette publicit\u00e9<\/p>\n<p>\u00ab\u00a0Contrairement \u00e0 ce que la direction du Monde indique, cela n\u2019emp\u00eache nullement ce journal d\u2019\u00eatre repr\u00e9sent\u00e9 pour nos universit\u00e9s d\u2019\u00e9t\u00e9. La r\u00e9daction du Monde est tout \u00e0 fait la bienvenue pour couvrir cet \u00e9v\u00e9nement\u00a0\u00bb, a conclu LFI.<\/p>\n<p>\u00ab\u00a0Nous ne transigerons pas sur notre libert\u00e9 de choisir nos journalistes pour couvrir rubriques ou \u00e9v\u00e9nements, qui fait partie int\u00e9grante de notre ind\u00e9pendance \u00e9ditoriale\u00a0\u00bb, insiste pour sa part Fenoglio, en saluant \u00ab\u00a0le s\u00e9rieux et le professionnalisme d\u2019Olivier P\u00e9rou et de Sandrine Cassini\u00a0\u00bb.<\/p>\n<p>    La suite apr\u00e8s cette publicit\u00e9<\/p>\n<p>    La suite apr\u00e8s cette publicit\u00e9<\/p>\n<p>Intimidation<\/p>\n<p>La Soci\u00e9t\u00e9 des r\u00e9dacteurs du Monde (SRM) a jug\u00e9 la d\u00e9cision de LFI \u00ab\u00a0indigne\u00a0\u00bb et contraire \u00e0 \u00ab\u00a0la libert\u00e9 de la presse\u00a0\u00bb. \u00ab\u00a0C\u2019est un pr\u00e9c\u00e9dent assez grave\u00a0\u00bb, a d\u00e9clar\u00e9 la journaliste Isabelle Mandraud, vice-pr\u00e9sidente de la SRM.<\/p>\n<p>Paru d\u00e9but mai, \u00ab\u00a0La meute\u00a0\u00bb a \u00e9t\u00e9 co\u00e9crit par Charlotte Bela\u00efch (Lib\u00e9ration) et Olivier P\u00e9rou. Ce livre-enqu\u00eate d\u00e9crit une formation totalement organis\u00e9e autour de la personnalit\u00e9 de Jean-Luc M\u00e9lenchon, o\u00f9 intimidations et menaces sont monnaie courante. Lors de la parution, LFI avait rejet\u00e9 en bloc les affirmations du livre.<\/p>\n","protected":false},"excerpt":{"rendered":"Olivier P\u00e9rou, co-auteur du livre \u00ab La Meute \u00bb sur le fonctionnement interne du mouvement, qui a connu&hellip;\n","protected":false},"author":2,"featured_media":335515,"comment_status":"","ping_status":"","sticky":false,"template":"","format":"standard","meta":{"footnotes":""},"categories":[1357],"tags":[1379,58,59,1011,27,1380],"class_list":{"0":"post-335514","1":"post","2":"type-post","3":"status-publish","4":"format-standard","5":"has-post-thumbnail","7":"category-livres","8":"tag-books","9":"tag-divertissement","10":"tag-entertainment","11":"tag-fr","12":"tag-france","13":"tag-livres"},"share_on_mastodon":{"url":"https:\/\/pubeurope.com\/@fr\/115070872053010920","error":""},"_links":{"self":[{"href":"https:\/\/www.europesays.com\/fr\/wp-json\/wp\/v2\/posts\/335514","targetHints":{"allow":["GET"]}}],"collection":[{"href":"https:\/\/www.europesays.com\/fr\/wp-json\/wp\/v2\/posts"}],"about":[{"href":"https:\/\/www.europesays.com\/fr\/wp-json\/wp\/v2\/types\/post"}],"author":[{"embeddable":true,"href":"https:\/\/www.europesays.com\/fr\/wp-json\/wp\/v2\/users\/2"}],"replies":[{"embeddable":true,"href":"https:\/\/www.europesays.com\/fr\/wp-json\/wp\/v2\/comments?post=335514"}],"version-history":[{"count":0,"href":"https:\/\/www.europesays.com\/fr\/wp-json\/wp\/v2\/posts\/335514\/revisions"}],"wp:featuredmedia":[{"embeddable":true,"href":"https:\/\/www.europesays.com\/fr\/wp-json\/wp\/v2\/media\/335515"}],"wp:attachment":[{"href":"https:\/\/www.europesays.com\/fr\/wp-json\/wp\/v2\/media?parent=335514"}],"wp:term":[{"taxonomy":"category","embeddable":true,"href":"https:\/\/www.europesays.com\/fr\/wp-json\/wp\/v2\/categories?post=335514"},{"taxonomy":"post_tag","embeddable":true,"href":"https:\/\/www.europesays.com\/fr\/wp-json\/wp\/v2\/tags?post=335514"}],"curies":[{"name":"wp","href":"https:\/\/api.w.org\/{rel}","templated":true}]}}