{"id":335518,"date":"2025-08-22T05:56:07","date_gmt":"2025-08-22T05:56:07","guid":{"rendered":"https:\/\/www.europesays.com\/fr\/335518\/"},"modified":"2025-08-22T05:56:07","modified_gmt":"2025-08-22T05:56:07","slug":"une-possible-overdose-le-chanteur-americain-lil-nas-x-arrete-defilant-dans-les-rues-de-los-angeles-en-slip-et-santiags-bfmtv","status":"publish","type":"post","link":"https:\/\/www.europesays.com\/fr\/335518\/","title":{"rendered":"&quot;Une possible overdose&quot;: le chanteur am\u00e9ricain Lil Nas X arr\u00eat\u00e9, d\u00e9filant dans les rues de Los Angeles en slip et santiags &#8211; BFMTV"},"content":{"rendered":"<ol>\n<li><a href=\"https:\/\/news.google.com\/rss\/articles\/CBMi_gFBVV95cUxQelA3RW43SkFyZGZaQjNJRGtkYlRtaWx0Um9kSkNLeUhuSzdfSkhneTVYZVZJb21MWEdwNnNrZXM0ak1XRm85UGVmWGdlX1FOZWhqd2c5aVVkZEFUMmxESk1fYTR3SVc5cnl3MGYzWXBHUUVJaFJpWmpCUXRtdFk5UWVGRjVwY2NhM2toak1va1ZpZGVpR081aWFKYml4Wld1VE5GQ2dzaGtsTVpVOGdjemVGcFdkT1JHNkxncVhJcjlNMlhudGd2bGE2M1FsS1REUHJUS0g0TkdKSTBnRHlxTTRmMFRMc0YtbVVnUFlKaGhhTGFoQ0F3UlM0MGdtdw?oc=5\" target=\"_blank\" rel=\"nofollow noopener\">\u00ab\u00a0Une possible overdose\u00a0\u00bb: le chanteur am\u00e9ricain Lil Nas X arr\u00eat\u00e9, d\u00e9filant dans les rues de Los Angeles en slip et santiags<\/a>&nbsp;&nbsp;BFMTV<\/li>\n<li><a href=\"https:\/\/news.google.com\/rss\/articles\/CBMiywFBVV95cUxPM2hxZGJfODlmMWZqa01vbHNaZEdMS3ZKckZvZFItSlY5cjJJazlyQlNFQWJxek9XdFJId2FLeFlCYTFxbGJlQzQzbmh5WXpwV1BpWFktd2NzNU5mTjQ1SnhNdUJhNU9BWkwzM1c2bXdWLVNnWjU1VG9ncVN0c21oNWlkdzNMUmZuQnZNR1J4MXFUenZQblJwMkRCdG8zSGpmVWVmeFkwUE9CLWNjR09VR1NrdVMwQ2xqRld1eXBKR3VsMF9xNnlJakpacw?oc=5\" target=\"_blank\" rel=\"nofollow noopener\">Lil Nas X arr\u00eat\u00e9 apr\u00e8s avoir d\u00e9ambul\u00e9 en slip et santiags dans Los Angeles<\/a>&nbsp;&nbsp;20 Minutes<\/li>\n<li><a href=\"https:\/\/news.google.com\/rss\/articles\/CBMilAJBVV95cUxPOEJ5M1pFUmQwbXVuaTdjVmp6dF9hbGdjNDljLWdBNEFzVmV5ZVZsb0hTbjNUWDhkVXd5T1lpTzg5eDJaMEhVSHBOaTJvTUQxdEl2QWp3b3dWVDRmQlhmazR2N1hoLTA5TWdDUHhLV3hxUExJdmJNd3V4SjQ1RG5TbEpOckM0ekJhcnF2aG5zeDJIelh5RzI1WDBPazRPdFpjeElRUTRxUEZzdHp3WUJmMjlpbl9QamNud1JiY0xZdTZVcjhtRGRaZ1JRdTBrRVJ3RkRJVTV4c1ZQWkR2djdkVXRfaTZuRHlGRHNXT2pxMXNSdm1wM1NBUEdfNFV0SkZtSkc5WkFndVo5UHZBZm42VHN1eVk?oc=5\" target=\"_blank\" rel=\"nofollow noopener\">\u00ab Possible overdose \u00bb : le rappeur Lil Nas X arr\u00eat\u00e9 dans les rues de Los Angeles en slip et santiags<\/a>&nbsp;&nbsp;Le Parisien<\/li>\n<li><a href=\"https:\/\/news.google.com\/rss\/articles\/CBMi7AFBVV95cUxOaWFlUE83Ul9ac3NhaXNHTG5fVDZHQXdVMVpVb0NJbWZsdFRLb096a3YxQTJscGlGM0tDY3JNUTRBYWpWNjh2ZGhIeEdfSXJDN2U3SkRSTnR3N3JsTTRGNnJFQkh4SjVBSGJnYVk3c1NodUZPZXYtRHB2Y05Hbkg4SmtNYlA4MWRMZU1mODdRSGJmUGFtQ0dfVEtUczR1c3VDb3BVNjM0dHAzTWJQQVlhNWlWd2ZZaHBvRFdQTk1OR1BacjYwMVRIS2pfWHdWYTc1R1FoaHB6MGRacC1iMVRYcFk0a1g0TEZVZFpzUA?oc=5\" target=\"_blank\" rel=\"nofollow noopener\">Lil Nas X arr\u00eat\u00e9 d\u00e9filant dans les rues de Los Angeles en slip et santiags<\/a>&nbsp;&nbsp;Ouest-France<\/li>\n<li><a href=\"https:\/\/news.google.com\/rss\/articles\/CBMiekFVX3lxTE1qUEM1elAwM0FmNHJ1WWxFeE1FV3RRdUFIZ016b29Ia2Rtd0xOTjFaTHU3dUVFYjNwMFBEMTNwM1g0SzJrOFNwY09SM2I4WGFIR1FPQklfRlY4TnBCd1U2VFlCNDBDQ0pyQzRyYVFUZnBQeURJMG9NajJn?oc=5\" target=\"_blank\" rel=\"nofollow noopener\">Etats-Unis : En slip et santiags dans les rues de Los Angeles, Lil Nas X se fait coffrer par la police<\/a>&nbsp;&nbsp;Yahoo Actualit\u00e9s<\/li>\n<\/ol>\n","protected":false},"excerpt":{"rendered":"\u00ab\u00a0Une possible overdose\u00a0\u00bb: le chanteur am\u00e9ricain Lil Nas X arr\u00eat\u00e9, d\u00e9filant dans les rues de Los Angeles en&hellip;\n","protected":false},"author":2,"featured_media":1445,"comment_status":"","ping_status":"","sticky":false,"template":"","format":"standard","meta":{"footnotes":""},"categories":[1355],"tags":[58,59,1011,27,1361,873],"class_list":{"0":"post-335518","1":"post","2":"type-post","3":"status-publish","4":"format-standard","5":"has-post-thumbnail","7":"category-musique","8":"tag-divertissement","9":"tag-entertainment","10":"tag-fr","11":"tag-france","12":"tag-music","13":"tag-musique"},"share_on_mastodon":{"url":"https:\/\/pubeurope.com\/@fr\/115070880079871703","error":""},"_links":{"self":[{"href":"https:\/\/www.europesays.com\/fr\/wp-json\/wp\/v2\/posts\/335518","targetHints":{"allow":["GET"]}}],"collection":[{"href":"https:\/\/www.europesays.com\/fr\/wp-json\/wp\/v2\/posts"}],"about":[{"href":"https:\/\/www.europesays.com\/fr\/wp-json\/wp\/v2\/types\/post"}],"author":[{"embeddable":true,"href":"https:\/\/www.europesays.com\/fr\/wp-json\/wp\/v2\/users\/2"}],"replies":[{"embeddable":true,"href":"https:\/\/www.europesays.com\/fr\/wp-json\/wp\/v2\/comments?post=335518"}],"version-history":[{"count":0,"href":"https:\/\/www.europesays.com\/fr\/wp-json\/wp\/v2\/posts\/335518\/revisions"}],"wp:featuredmedia":[{"embeddable":true,"href":"https:\/\/www.europesays.com\/fr\/wp-json\/wp\/v2\/media\/1445"}],"wp:attachment":[{"href":"https:\/\/www.europesays.com\/fr\/wp-json\/wp\/v2\/media?parent=335518"}],"wp:term":[{"taxonomy":"category","embeddable":true,"href":"https:\/\/www.europesays.com\/fr\/wp-json\/wp\/v2\/categories?post=335518"},{"taxonomy":"post_tag","embeddable":true,"href":"https:\/\/www.europesays.com\/fr\/wp-json\/wp\/v2\/tags?post=335518"}],"curies":[{"name":"wp","href":"https:\/\/api.w.org\/{rel}","templated":true}]}}