{"id":335519,"date":"2025-08-22T05:57:35","date_gmt":"2025-08-22T05:57:35","guid":{"rendered":"https:\/\/www.europesays.com\/fr\/335519\/"},"modified":"2025-08-22T05:57:35","modified_gmt":"2025-08-22T05:57:35","slug":"la-saga-ne-finira-pas-mal-selon-le-realisateur-qui-refuse-detre-trop-sadique","status":"publish","type":"post","link":"https:\/\/www.europesays.com\/fr\/335519\/","title":{"rendered":"la saga ne finira pas mal, selon le r\u00e9alisateur qui refuse d&rsquo;\u00eatre trop sadique"},"content":{"rendered":"<p><strong>La production de <a href=\"https:\/\/www.ecranlarge.com\/films\/1485316-scream-7\" data-type=\"films\" data-id=\"796119\" rel=\"nofollow noopener\" target=\"_blank\">Scream 7<\/a> a tr\u00e8s mal commenc\u00e9, mais le film devrait bien se finir selon <a href=\"https:\/\/www.ecranlarge.com\/personnalite\/659863-kevin-williamson-i\" data-type=\"people\" data-id=\"311318\" rel=\"nofollow noopener\" target=\"_blank\">Kevin Williamson<\/a>, qui compte \u00eatre cl\u00e9ment avec sa final girl.<\/strong><\/p>\n<p><strong>Si un adjectif pouvait r\u00e9sumer le d\u00e9but de la production de Scream 7, \u00ab\u00a0chaotique\u00a0\u00bb serait particuli\u00e8rement appropri\u00e9.<\/strong> D\u2019abord, <a href=\"https:\/\/www.ecranlarge.com\/films\/news\/1501434-choc-viree-scream-7-melissa-barrera-reaction-polemique\" data-type=\"link\" data-id=\"https:\/\/www.ecranlarge.com\/films\/news\/1501434-choc-viree-scream-7-melissa-barrera-reaction-polemique\" rel=\"nofollow noopener\" target=\"_blank\">Melissa Barrera s\u2019est retrouv\u00e9e \u00e9cart\u00e9e du projet<\/a> \u00e0 cause de ses prises de position sur les r\u00e9seaux sociaux \u00e0 propos du conflit isra\u00e9lo-palestinien. <a href=\"https:\/\/www.ecranlarge.com\/films\/news\/scream-7-jenna-ortega-vraies-raisons-depart-tournage\" data-type=\"link\" data-id=\"https:\/\/www.ecranlarge.com\/films\/news\/scream-7-jenna-ortega-vraies-raisons-depart-tournage\" rel=\"nofollow noopener\" target=\"_blank\">Jenna Ortega a elle quitt\u00e9 le navire, et a d\u2019ailleurs donn\u00e9 les raisons de son d\u00e9part<\/a>. Le r\u00e9alisateur initialement pr\u00e9vu, Christopher Landon (<strong>Happy Death Day<\/strong>, <strong>Drop Game<\/strong>) est lui aussi parti. <strong>En bref, tout le monde a foutu le camp et Paramount a d\u00fb repartir de z\u00e9ro.<\/strong><\/p>\n<p>                    <img decoding=\"async\" alt=\"\" class=\"wp-image-518375\" style=\"object-fit:cover;width:25px;height:25px\" src=\"https:\/\/www.ecranlarge.com\/content\/uploads\/2023\/09\/arrow-right-circle.svg\"\/><\/p>\n<p><a href=\"https:\/\/www.ecranlarge.com\/films\/news\/tout-recommencer-scream-7-scenariste-explique\" data-type=\"link\" data-id=\"https:\/\/www.ecranlarge.com\/films\/news\/tout-recommencer-scream-7-scenariste-explique\" rel=\"nofollow noopener\" target=\"_blank\">Le sc\u00e9nariste de <strong>Scream 7<\/strong> a d\u2019ailleurs parl\u00e9 de cette version initiale qu\u2019on ne verra jamais<\/a>, avant que tout soit mis \u00e0 la poubelle. D\u00e9sormais, ce n\u2019est autre que Kevin Williamson aux commandes (le sc\u00e9nariste du premier <strong>Scream <\/strong>au c\u00f4t\u00e9 de Wes Craven, eh oui) et Neve Campbell revient pour incarner la protagoniste Sidney Prescott. <a href=\"https:\/\/www.ecranlarge.com\/films\/news\/scream-tue-pas-assez-personnages-actrice-morte\" data-type=\"link\" data-id=\"https:\/\/www.ecranlarge.com\/films\/news\/scream-tue-pas-assez-personnages-actrice-morte\" rel=\"nofollow noopener\" target=\"_blank\">Mais alors qu\u2019une actrice (tu\u00e9e dans la saga) estime que <strong>Scream<\/strong> ne tue pas assez de personnages<\/a>, le r\u00e9alisateur de <strong>Scream 7<\/strong> souhaite continuer dans cette direction et \u00e9pargner son h\u00e9ro\u00efne. <strong>En plus de \u00e7a, il veut revenir aux origines de la franchise, avec plus d\u2019horreur et moins de gore.<\/strong><\/p>\n<p>Un dernier cri qui revient aux origines ?<\/p>\n<p>Kevin Williamson a r\u00e9cemment expliqu\u00e9 dans le nouveau livre d\u2019Ashley Cullins, <strong>Your Favorite Scary Movie: How the Scream Films Rewrote the Rules of Horror<\/strong>, que lui et Neve Campbell ont d\u00e9cid\u00e9 qu\u2019il \u00e9tait temps de revenir \u00e0 la vision originale de Craven, et aux origines de Sidney (qui ne mourra s\u00fbrement pas dans le film).<\/p>\n<blockquote class=\"wp-block-quote is-layout-flow wp-block-quote-is-layout-flow\">\n<p><strong>\u00ab\u00a0Neve veut revenir au premier film, retrouver le suspense et se concentrer vraiment sur la peur, pas sur le gore. Et elle a bien raison. Elle m\u2019a dit : \u2018C\u2019est le moment de le faire parce qu\u2019on quitte New York. Alors on revient aux origines. C\u2019est le moment de r\u00e9initialiser un peu.\u2019 Et moi, j\u2019\u00e9tais l\u00e0 : \u2018Ouais, allons-y\u2019.\u201d<\/strong><\/p>\n<\/blockquote>\n<p><a href=\"https:\/\/www.ecranlarge.com\/content\/uploads\/2022\/01\/scream-photo-neve-campbell-1412767.jpg\" rel=\"nofollow noopener\" target=\"_blank\"><img loading=\"lazy\" decoding=\"async\" alt=\"Scream : photo, Neve Campbell\" class=\"wp-image-250694\" src=\"https:\/\/www.europesays.com\/fr\/wp-content\/uploads\/2025\/08\/scream-photo-neve-campbell-1412767-630x413.jpg\" width=\"630\" height=\"413\"  \/><\/a>Neve Campbell doit en avoir marre de jouer des sc\u00e8nes au t\u00e9l\u00e9phone, \u00e0 force<\/p>\n<blockquote class=\"wp-block-quote is-layout-flow wp-block-quote-is-layout-flow\">\n<p><strong>\u00ab\u00a0J\u2019ai \u00e9t\u00e9 tr\u00e8s clair, je crois m\u00eame publiquement, l\u00e0-dessus : Sidney a travers\u00e9 tellement d\u2019\u00e9preuves, tellement de traumatismes, que lui donner autre chose qu\u2019une fin heureuse, ce serait vraiment cruel. Ce serait presque un sacril\u00e8ge.\u00a0\u00bb<\/strong><\/p>\n<\/blockquote>\n<p>Un paquet de films ont tent\u00e9 de revenir aux bases sans parvenir \u00e0 le faire sinc\u00e8rement, et on a du mal \u00e0 voir ce <strong>Scream 7<\/strong> autrement que comme un immense cafouillage apr\u00e8s les multiples pol\u00e9miques qui ont entour\u00e9 le film. <strong>Cela dit, un retour aux sources et \u00e0 une plus petite \u00e9chelle pourrait faire le plus grand bien \u00e0 la saga<\/strong>, qui a probablement souffert de son arriv\u00e9e \u00e0 New York \u2014 trop de monde, trop d\u2019enjeux, une cr\u00e9dibilit\u00e9 franchement remise en question.<\/p>\n<p>Quant \u00e0 la d\u00e9cision d\u2019\u00e9pargner la final girl, c\u2019est un choix certes sage, mais surtout tr\u00e8s logique : personne ne pensait sinc\u00e8rement que Sidney serait r\u00e9ellement en danger dans le prochain opus. <strong>Scream 7 est pr\u00e9vu pour le 25 f\u00e9vrier 2026, et on esp\u00e8re fortement qu\u2019il parviendra \u00e0 nous surprendre de nouveau.<\/strong><\/p>\n","protected":false},"excerpt":{"rendered":"La production de Scream 7 a tr\u00e8s mal commenc\u00e9, mais le film devrait bien se finir selon Kevin&hellip;\n","protected":false},"author":2,"featured_media":335520,"comment_status":"","ping_status":"","sticky":false,"template":"","format":"standard","meta":{"footnotes":""},"categories":[1354],"tags":[58,59,1346,1011,27,1360],"class_list":{"0":"post-335519","1":"post","2":"type-post","3":"status-publish","4":"format-standard","5":"has-post-thumbnail","7":"category-films","8":"tag-divertissement","9":"tag-entertainment","10":"tag-films","11":"tag-fr","12":"tag-france","13":"tag-movies"},"share_on_mastodon":{"url":"https:\/\/pubeurope.com\/@fr\/115070884348614683","error":""},"_links":{"self":[{"href":"https:\/\/www.europesays.com\/fr\/wp-json\/wp\/v2\/posts\/335519","targetHints":{"allow":["GET"]}}],"collection":[{"href":"https:\/\/www.europesays.com\/fr\/wp-json\/wp\/v2\/posts"}],"about":[{"href":"https:\/\/www.europesays.com\/fr\/wp-json\/wp\/v2\/types\/post"}],"author":[{"embeddable":true,"href":"https:\/\/www.europesays.com\/fr\/wp-json\/wp\/v2\/users\/2"}],"replies":[{"embeddable":true,"href":"https:\/\/www.europesays.com\/fr\/wp-json\/wp\/v2\/comments?post=335519"}],"version-history":[{"count":0,"href":"https:\/\/www.europesays.com\/fr\/wp-json\/wp\/v2\/posts\/335519\/revisions"}],"wp:featuredmedia":[{"embeddable":true,"href":"https:\/\/www.europesays.com\/fr\/wp-json\/wp\/v2\/media\/335520"}],"wp:attachment":[{"href":"https:\/\/www.europesays.com\/fr\/wp-json\/wp\/v2\/media?parent=335519"}],"wp:term":[{"taxonomy":"category","embeddable":true,"href":"https:\/\/www.europesays.com\/fr\/wp-json\/wp\/v2\/categories?post=335519"},{"taxonomy":"post_tag","embeddable":true,"href":"https:\/\/www.europesays.com\/fr\/wp-json\/wp\/v2\/tags?post=335519"}],"curies":[{"name":"wp","href":"https:\/\/api.w.org\/{rel}","templated":true}]}}