{"id":335521,"date":"2025-08-22T05:58:11","date_gmt":"2025-08-22T05:58:11","guid":{"rendered":"https:\/\/www.europesays.com\/fr\/335521\/"},"modified":"2025-08-22T05:58:11","modified_gmt":"2025-08-22T05:58:11","slug":"chikungunya-comment-echapper-au-moustique-tigre-de-plus-en-plus-doutils-sont-a-la-disposition-des-particuliers","status":"publish","type":"post","link":"https:\/\/www.europesays.com\/fr\/335521\/","title":{"rendered":"Chikungunya\u00a0: comment \u00e9chapper au moustique tigre\u00a0? \u00ab\u00a0De plus en plus d\u2019outils sont \u00e0 la disposition des particuliers\u00a0\u00bb"},"content":{"rendered":"<p>\n                                                                Guillaume Lacour, responsable scientifique de la soci\u00e9t\u00e9 Altopictus, entreprise de Bayonne missionn\u00e9e par l\u2019ARS Occitanie et les collectivit\u00e9s pour effectuer des traitements de zones infest\u00e9es, explique les cl\u00e9s de la lutte antivectorielle, et les outils \u00e0 disposition.\n                            <\/p>\n<p>Comment limiter la population de moustiques tigres dans son int\u00e9rieur\u00a0? Responsable scientifique de la soci\u00e9t\u00e9 Altopictus (Bayonne), missionn\u00e9e lorsque des cas de dengue ou de chikungunya n\u00e9cessitent la d\u00e9moustication d\u2019une zone infest\u00e9e, Guillaume Lacour, donne des cl\u00e9s utiles aux particuliers.<\/p>\n<p>En pr\u00e9cisant d\u2019entr\u00e9e que l\u2019entreprise ne r\u00e9pond pas aux demandes individuelles, elle est un interlocuteur unique de l\u2019ARS et des collectivit\u00e9s d\u2019Occitanie, par d\u00e9l\u00e9gation de march\u00e9 public.<\/p>\n<p>\u00ab\u00a0Y\u2019en a marre d\u2019\u00eatre piqu\u00e9. Il faut faire quelque chose\u00a0!\u00a0\u00bb Ce discours, Guillaume Lacour \u00ab\u00a0l\u2019entend tous les jours\u00a0\u00bb. Mais une d\u00e9moustication pr\u00e9ventive massive n\u2019a pas de sens, et pourrait \u00eatre contre-productive, rappelle le scientifique\u00a0: \u00ab\u00a0Une seule substance active efficace est aujourd\u2019hui homologu\u00e9e, dans la classe des pyr\u00e9thrino\u00efdes. Si, \u00e0 force de traitements, le moustique devenait r\u00e9sistant, ce serait tr\u00e8s difficile d\u2019agir\u00a0\u00bb, rappelle-t-il.<\/p>\n<p>Inqui\u00e9tant alors que \u00e9tudes montrent d\u00e9j\u00e0 la pr\u00e9sence \u00ab\u00a0d\u2019all\u00e8les de r\u00e9sistance\u00a0\u00bb (un all\u00e8le \u00e9tant une s\u00e9quence ADN d\u2019un g\u00e8ne) sur des populations de moustiques tigres captur\u00e9s en r\u00e9gion Paca, la plus expos\u00e9e aux cas autochtones de chikungunya, avec l\u2019Occitanie.<\/p>\n<p>Bien choisir les pi\u00e8ges \u00e0 moustiques<\/p>\n<p>\u00ab\u00a0De plus en plus d\u2019outils sont \u00e0 la disposition des particuliers\u00a0\u00bb d\u00e9taille Guillaume Lacour. Mais si \u00ab\u00a0une abondance de pi\u00e8ges \u00e0 moustiques\u00a0sont en vente\u00a0\u00bb, beaucoup sont toutefois \u00ab\u00a0inefficaces\u00a0\u00bb. Sachant qu'\u00a0\u00bbil n\u2019y a pas de label de qualit\u00e9\u00a0\u00bb.<\/p>\n<p>Ceux qui \u00ab\u00a0marchent\u00a0\u00bb, et qu\u2019on trouve dans le commerce\u00a0: Biogents et Mosquito Magnet.<\/p>\n<p>\u00c0 installer \u00ab\u00a0\u00e0 l\u2019ext\u00e9rieur des maisons\u00a0\u00bb, ils ont un double int\u00e9r\u00eat\u00a0: ils neutralisent les moustiques et sont d\u2019autant plus efficaces qu\u2019il n\u2019y a pas de point d\u2019eau \u00e0 proximit\u00e9, c\u2019est-\u00e0-dire qu\u2019ils incitent \u00e0 vider coupelles et r\u00e9serves d\u2019eau stagnante, un des gestes r\u00e9flexes du quotidien pour limiter les populations d\u2019insectes. \u00ab\u00a0S\u2019il n\u2019y a qu\u2019un point d\u2019eau, les moustiques iront vers lui\u00a0\u00bb, pr\u00e9cise Guillaume Lacour. L\u2019op\u00e9ration a un co\u00fbt\u00a0: de 25\u00a0euros \u00e0 2000 euros le pi\u00e8ge.<\/p>\n<p>Des l\u00e2chers d\u2019insectes st\u00e9riles<\/p>\n<p>C\u2019est, aujourd\u2019hui, la seule \u00ab\u00a0arme\u00a0\u00bb \u00e0 disposition de tous, avec le port de v\u00eatements couvrants, les moustiquaires et le recours aux r\u00e9pulsifs, explique Altopictus, qui consid\u00e8re que chaque traitement, 171 depuis le mois de mai, d\u00e9clench\u00e9s apr\u00e8s une enqu\u00eate sur 240 points chauds de pr\u00e9sence d\u2019aedes albopictus, part d\u2019un \u00ab\u00a0constat d\u2019\u00e9chec collectif\u00a0\u00bb\u00a0: \u00ab\u00a0Cela\u00a0signifie que la pr\u00e9vention n\u2019a pas fonctionn\u00e9. Mais on est toujours parvenu \u00e0 neutraliser les d\u00e9parts d\u2019\u00e9pid\u00e9mie\u00a0\u00bb, constate-t-il, soulag\u00e9, et satisfait de la collaboration de la population\u00a0: \u00ab\u00a0C\u2019est indispensable car une action choc, lorsqu\u2019on intervient, perd de son efficacit\u00e9 en quelques jours\u00a0\u00bb.<\/p>\n<p>Pour les collectivit\u00e9s, une autre option est amen\u00e9e \u00e0 se d\u00e9velopper\u00a0: les l\u00e2chers d\u2019insectes st\u00e9riles, ils peuvent \u00ab\u00a0faire baisser la population de moustiques de 60\u00a0% \u00e0 90\u00a0%\u00a0\u00bb, indique Atopictus, sollicit\u00e9e pour la premi\u00e8re fois cet \u00e9t\u00e9 par la commune de Brives-la-Gaillarde, dans le Sud-Ouest.<\/p>\n","protected":false},"excerpt":{"rendered":"Guillaume Lacour, responsable scientifique de la soci\u00e9t\u00e9 Altopictus, entreprise de Bayonne missionn\u00e9e par l\u2019ARS Occitanie et les collectivit\u00e9s&hellip;\n","protected":false},"author":2,"featured_media":335522,"comment_status":"","ping_status":"","sticky":false,"template":"","format":"standard","meta":{"footnotes":""},"categories":[10],"tags":[1011,27,72,71],"class_list":{"0":"post-335521","1":"post","2":"type-post","3":"status-publish","4":"format-standard","5":"has-post-thumbnail","7":"category-sante","8":"tag-fr","9":"tag-france","10":"tag-health","11":"tag-sante"},"share_on_mastodon":{"url":"https:\/\/pubeurope.com\/@fr\/115070887773991984","error":""},"_links":{"self":[{"href":"https:\/\/www.europesays.com\/fr\/wp-json\/wp\/v2\/posts\/335521","targetHints":{"allow":["GET"]}}],"collection":[{"href":"https:\/\/www.europesays.com\/fr\/wp-json\/wp\/v2\/posts"}],"about":[{"href":"https:\/\/www.europesays.com\/fr\/wp-json\/wp\/v2\/types\/post"}],"author":[{"embeddable":true,"href":"https:\/\/www.europesays.com\/fr\/wp-json\/wp\/v2\/users\/2"}],"replies":[{"embeddable":true,"href":"https:\/\/www.europesays.com\/fr\/wp-json\/wp\/v2\/comments?post=335521"}],"version-history":[{"count":0,"href":"https:\/\/www.europesays.com\/fr\/wp-json\/wp\/v2\/posts\/335521\/revisions"}],"wp:featuredmedia":[{"embeddable":true,"href":"https:\/\/www.europesays.com\/fr\/wp-json\/wp\/v2\/media\/335522"}],"wp:attachment":[{"href":"https:\/\/www.europesays.com\/fr\/wp-json\/wp\/v2\/media?parent=335521"}],"wp:term":[{"taxonomy":"category","embeddable":true,"href":"https:\/\/www.europesays.com\/fr\/wp-json\/wp\/v2\/categories?post=335521"},{"taxonomy":"post_tag","embeddable":true,"href":"https:\/\/www.europesays.com\/fr\/wp-json\/wp\/v2\/tags?post=335521"}],"curies":[{"name":"wp","href":"https:\/\/api.w.org\/{rel}","templated":true}]}}