{"id":335525,"date":"2025-08-22T06:00:14","date_gmt":"2025-08-22T06:00:14","guid":{"rendered":"https:\/\/www.europesays.com\/fr\/335525\/"},"modified":"2025-08-22T06:00:14","modified_gmt":"2025-08-22T06:00:14","slug":"ce-demenagement-de-william-et-kate-fait-craindre-pour-lavenir-de-buckingham-voici-pourquoi","status":"publish","type":"post","link":"https:\/\/www.europesays.com\/fr\/335525\/","title":{"rendered":"Ce d\u00e9m\u00e9nagement de William et Kate fait craindre pour l\u2019avenir de Buckingham, voici pourquoi"},"content":{"rendered":"<p>        <img decoding=\"async\" loading=\"lazy\" src=\"https:\/\/www.europesays.com\/fr\/wp-content\/uploads\/2025\/08\/51493b2_upload-1-sde6zbhsdmc0-000-34wu6wu.jpg\"  width=\"728\" height=\"409\" alt=\"George, le prince William, Louis, Kate et Charlotte se tiennent sur le balcon du palais de Buckingham, le 15\u00a0juin 2024. (Photo d\u2019illustration)\"\/>  <\/p>\n<p>HENRY NICHOLLS \/ AFP<\/p>\n<p>George, le prince William, Louis, Kate et Charlotte se tiennent sur le balcon du palais de Buckingham, le 15\u00a0juin 2024. (Photo d\u2019illustration)<\/p>\n<p class=\"asset asset-text\">ROYAUME-UNI &#8211; Ce b\u00e2timent historique et connu dans le monde entier pourrait-il tomber aux oubliettes\u00a0? Le <a href=\"https:\/\/www.huffingtonpost.fr\/international\/article\/charles-iii-et-williams-accuses-d-arnarquer-le-public-apres-une-enquete-sur-leur-patrimoine_242051.html\" target=\"_blank\" rel=\"noopener\">prince h\u00e9ritier William <\/a>et sa<a href=\"https:\/\/www.huffingtonpost.fr\/international\/article\/la-famille-royale-britannique-abandonne-son-train-historique-mais-pas-ses-helicos-pour-faire-des-economies_252038.html\" target=\"_blank\" rel=\"noopener\"> famille<\/a> ont pr\u00e9vu de s\u2019installer dans une nouvelle propri\u00e9t\u00e9 sur le domaine de Windsor, suscitant de fait des interrogations sur l\u2019avenir du <a href=\"https:\/\/www.huffingtonpost.fr\/politique\/video\/l-entente-cordiale-a-120-ans-l-elysee-et-buckingham-palace-la-celebrent-avec-une-releve-de-la-garde-inedite_232332.html\" target=\"_blank\" rel=\"noopener\">palais de Buckingham<\/a>, actuellement r\u00e9nov\u00e9 \u00e0 grands frais.<\/p>\n<p class=\"asset asset-text\">Selon le tablo\u00efd The Sun, le couple princier et ses trois enfants ont trouv\u00e9 en Forest Lodge, manoir de huit chambres \u00e0 Windsor, \u00e0 l\u2019ouest de Londres, leur \u00ab\u00a0maison pour toujours\u00a0\u00bb.<\/p>\n<p class=\"asset asset-text\">Le palais de Kensington, qui g\u00e8re la communication de William et\u00a0Kate, a confirm\u00e9 \u00e0 l\u2019AFP que la famille allait d\u00e9m\u00e9nager \u00ab\u00a0plus tard cette ann\u00e9e\u00a0\u00bb. Elle vivait d\u00e9j\u00e0 sur le domaine royal, dans un logement plus petit.<\/p>\n<p>    \u00ab\u00a0Comparable \u00e0 la Maison Blanche\u00a0\u00bb    <\/p>\n<p class=\"asset asset-text\">Si le futur roi et sa famille s\u2019installent d\u00e9finitivement \u00e0 Windsor, le palais de Buckingham, en r\u00e9fection au centre de Londres, cessera d\u2019\u00eatre la r\u00e9sidence officielle du monarque britannique comme elle l\u2019\u00e9tait depuis 1837.<\/p>\n<p class=\"asset asset-text\">Pour le commentateur royal Richard Fitzwilliams, ce \u00ab\u00a0serait une catastrophe si Buckingham \u00e9tait mis \u00e0 l\u2019\u00e9cart\u00a0\u00bb. \u00ab\u00a0C\u2019est un b\u00e2timent embl\u00e9matique, comparable \u00e0 la Maison Blanche et connu dans le monde entier\u00a0\u00bb, dit-il \u00e0 l\u2019AFP.<\/p>\n<p class=\"asset asset-text\">Situ\u00e9 au c\u0153ur de la capitale, le palais aux 755 pi\u00e8ces est une attraction tr\u00e8s pris\u00e9e des touristes. Environ 500\u00a0000 le visitent chaque ann\u00e9e durant les mois d\u2019\u00e9t\u00e9.<\/p>\n<p>    Le roi Charles III n\u2019y habite pas    <\/p>\n<p class=\"asset asset-text\">D\u2019un point de vue institutionnel, c\u2019est le c\u0153ur battant de la monarchie britannique, avec ses nombreuses c\u00e9r\u00e9monies officielles, garden-parties estivales et son c\u00e9l\u00e8bre balcon, d\u2019o\u00f9 la famille royale salue le public lors de c\u00e9r\u00e9monies comme l\u2019anniversaire du roi (Trooping the Colour).<\/p>\n<p class=\"asset asset-text\">Le roi Charles III, 76\u00a0ans, n\u2019y habite cependant pas, car d\u2019importants travaux de r\u00e9novation y sont en cours. Un chantier \u00e9valu\u00e9 \u00e0 369\u00a0millions de livres (425\u00a0millions d\u2019euros) et qui doit durer jusqu\u2019en 2027.<\/p>\n<p class=\"asset asset-text\">Charles, qui a annonc\u00e9 d\u00e9but 2024 souffrir d\u2019un cancer dont la nature n\u2019a jamais \u00e9t\u00e9 d\u00e9voil\u00e9e, a assur\u00e9 qu\u2019il comptait faire du palais de Buckingham sa base londonienne une fois les travaux achev\u00e9s. Reste que \u00ab\u00a0compte tenu de son combat contre le cancer, cela pourrait ne pas arriver\u00a0\u00bb, souligne Richard Fitzwilliams.<\/p>\n<p class=\"asset asset-text\">Le monarque n\u2019a d\u2019ailleurs jamais cach\u00e9 pr\u00e9f\u00e9rer sa r\u00e9sidence de Clarence House, \u00e0 Londres, o\u00f9 il vit depuis 2003.<\/p>\n<p>                     Nombreuses r\u00e9sidences    <\/p>\n<p class=\"asset asset-text\">Buckingham palace n\u2019est qu\u2019une des nombreuses propri\u00e9t\u00e9s utilis\u00e9es par la famille royale, qu\u2019elles soient priv\u00e9es ou appartenant \u00e0 la Couronne.<\/p>\n<p class=\"asset asset-text\">Les r\u00e9sidences pr\u00e9f\u00e9r\u00e9es de la d\u00e9funte reine Elizabeth II \u00e9taient le ch\u00e2teau de Windsor et le ch\u00e2teau de Balmoral, en \u00c9cosse, o\u00f9 elle se retirait chaque \u00e9t\u00e9. Les No\u00ebls \u00e9taient eux pass\u00e9s \u00e0 Sandringham House, dans l\u2019est de l\u2019Angleterre.<\/p>\n<p class=\"asset asset-text\">Charles, lui, s\u2019est beaucoup investi dans sa r\u00e9sidence\u00a0de Highgrove House dans l\u2019ouest de l\u2019Angleterre, o\u00f9 il a con\u00e7u des jardins et une ferme enti\u00e8rement biologique.<\/p>\n<p class=\"asset asset-text\">Quant \u00e0 William et\u00a0Kate, ils disposent \u00e9galement de plusieurs r\u00e9sidences, \u00e0 Londres et dans la campagne anglaise. William n\u2019a jamais abord\u00e9 la question de l\u2019avenir du palais de Buckingham. Selon le Daily Mail, il pourrait, une fois devenu roi, s\u2019inscrire dans les pas de son p\u00e8re en ouvrant davantage l\u2019institution au public.<\/p>\n<p class=\"asset asset-text\">Pour Richard Fitzwilliams, Buckingham \u00ab\u00a0doit absolument rester le centre de la monarchie, que William et Catherine y vivent ou non\u00a0\u00bb. \u00ab\u00a0Je crains qu\u2019un futur roi \u00e0 temps partiel cach\u00e9 \u00e0 Forest Lodge&#8230; puisse entra\u00eener une baisse du soutien de ses sujets\u00a0\u00bb, a pour sa part \u00e9crit la chroniqueuse du Daily Mail, Amanda Platell.<\/p>\n<p class=\"asset asset-text\">Un sondage YouGov publi\u00e9 en 2024 r\u00e9v\u00e9lait que seulement un tiers (35\u00a0%) des 18-24\u00a0ans se disaient favorable au maintien de la monarchie, contre un soutien \u00ab\u00a0assez large\u00a0\u00bb dans la population en g\u00e9n\u00e9ral.<\/p>\n","protected":false},"excerpt":{"rendered":"HENRY NICHOLLS \/ AFP George, le prince William, Louis, Kate et Charlotte se tiennent sur le balcon du&hellip;\n","protected":false},"author":2,"featured_media":335526,"comment_status":"","ping_status":"","sticky":false,"template":"","format":"standard","meta":{"footnotes":""},"categories":[8],"tags":[29983,58,59,9048,1011,27,5858,973,3936,473],"class_list":{"0":"post-335525","1":"post","2":"type-post","3":"status-publish","4":"format-standard","5":"has-post-thumbnail","7":"category-divertissement","8":"tag-buckingham-palace","9":"tag-divertissement","10":"tag-entertainment","11":"tag-famille-royale","12":"tag-fr","13":"tag-france","14":"tag-kate-middleton","15":"tag-people","16":"tag-prince-william","17":"tag-royaume-uni"},"share_on_mastodon":{"url":"https:\/\/pubeurope.com\/@fr\/115070895855900371","error":""},"_links":{"self":[{"href":"https:\/\/www.europesays.com\/fr\/wp-json\/wp\/v2\/posts\/335525","targetHints":{"allow":["GET"]}}],"collection":[{"href":"https:\/\/www.europesays.com\/fr\/wp-json\/wp\/v2\/posts"}],"about":[{"href":"https:\/\/www.europesays.com\/fr\/wp-json\/wp\/v2\/types\/post"}],"author":[{"embeddable":true,"href":"https:\/\/www.europesays.com\/fr\/wp-json\/wp\/v2\/users\/2"}],"replies":[{"embeddable":true,"href":"https:\/\/www.europesays.com\/fr\/wp-json\/wp\/v2\/comments?post=335525"}],"version-history":[{"count":0,"href":"https:\/\/www.europesays.com\/fr\/wp-json\/wp\/v2\/posts\/335525\/revisions"}],"wp:featuredmedia":[{"embeddable":true,"href":"https:\/\/www.europesays.com\/fr\/wp-json\/wp\/v2\/media\/335526"}],"wp:attachment":[{"href":"https:\/\/www.europesays.com\/fr\/wp-json\/wp\/v2\/media?parent=335525"}],"wp:term":[{"taxonomy":"category","embeddable":true,"href":"https:\/\/www.europesays.com\/fr\/wp-json\/wp\/v2\/categories?post=335525"},{"taxonomy":"post_tag","embeddable":true,"href":"https:\/\/www.europesays.com\/fr\/wp-json\/wp\/v2\/tags?post=335525"}],"curies":[{"name":"wp","href":"https:\/\/api.w.org\/{rel}","templated":true}]}}