{"id":335527,"date":"2025-08-22T06:01:16","date_gmt":"2025-08-22T06:01:16","guid":{"rendered":"https:\/\/www.europesays.com\/fr\/335527\/"},"modified":"2025-08-22T06:01:16","modified_gmt":"2025-08-22T06:01:16","slug":"apple-tv-mauvaise-nouvelle-le-prix-du-service-de-streaming-a-nouveau-revu-a-la-hausse","status":"publish","type":"post","link":"https:\/\/www.europesays.com\/fr\/335527\/","title":{"rendered":"Apple TV+ : mauvaise nouvelle, le prix du service de streaming \u00e0 nouveau revu \u00e0 la hausse"},"content":{"rendered":"<p class=\"ed__a-p ed__bdy__l\">Du c\u00f4t\u00e9 de chez Apple, s&rsquo;il y a des affaires qui roulent plut\u00f4t bien, notamment du c\u00f4t\u00e9 du hardware, on ne peut pas toujours autant en dire dans d&rsquo;autres domaines. C&rsquo;est le cas de l&rsquo;intelligence artificielle par exemple, mais aussi du sujet qui nous int\u00e9resse ici : le streaming. Aux derni\u00e8res nouvelles, malgr\u00e9 de nombreuses <a href=\"https:\/\/www.lesnumeriques.com\/cine-svod\/apple-tv-notre-top-10-des-meilleures-series-de-la-plateforme-de-streaming-n238149.html\" title=\"Apple TV+ : notre top 10 des meilleures s\u00e9ries de la plateforme de streaming\" rel=\"nofollow noopener\" target=\"_blank\">s\u00e9ries de haute qualit\u00e9<\/a>, <a href=\"https:\/\/www.lesnumeriques.com\/cine-svod\/apple-perd-1-milliard-de-dollars-par-an-a-cause-de-sa-plateforme-apple-tv-n234478.html\" title=\"Apple perd 1 milliard de dollars par an \u00e0 cause de sa plateforme Apple TV+\" rel=\"nofollow noopener\" target=\"_blank\">Apple perd \u00e9norm\u00e9ment d&rsquo;argent \u00e0 cause d&rsquo;Apple TV+<\/a>. Ainsi, outre r\u00e9duire ses co\u00fbts, la firme \u00e0 la pomme a d\u00e9cid\u00e9 d&rsquo;augmenter \u00e0 nouveau ses tarifs.<\/p>\n<p>Apple TV+ augmente nettement son prix aux \u00c9tats-Unis, et en France ?<\/p>\n<p class=\"ed__a-p ed__bdy__l\">Apple vient d&rsquo;annoncer que d\u00e8s aujourd&rsquo;hui, jeudi 21 ao\u00fbt 2025, le prix d&rsquo;Apple TV+ allait augmenter pour les nouveaux abonn\u00e9s. Ceux l&rsquo;\u00e9tant d\u00e9j\u00e0 verront le changement arriver 30 jours apr\u00e8s la fin de leur cycle de paiement actuel.<\/p>\n<p>            Publicit\u00e9, votre contenu continue ci-dessous<\/p>\n<p>        Publicit\u00e9<\/p>\n<p class=\"ed__a-p ed__bdy__l\">Cette troisi\u00e8me augmentation est de l&rsquo;ordre de 30 %, puisque l&rsquo;abonnement passe ainsi de 9,99 $\/mois \u00e0 12,99 $\/mois. Si nous parlons en dollars, c&rsquo;est que cette augmentation est pour le moment contenue outre Atlantique. Cependant, d&rsquo;autres march\u00e9s seront bient\u00f4t concern\u00e9s, et nul doute que la France \u00e0 9,99 \u20ac\/mois actuellement sera concern\u00e9e.<\/p>\n<p class=\"ed__a-p ed__bdy__l\">Apple indique en revanche que le prix de l&rsquo;abonnement annuel \u00e0 99\u20ac n&rsquo;allait pas bouger, de m\u00eame que les packs Apple One. Pour m\u00e9moire, le service \u00e9tait lanc\u00e9 en 2019 \u00e0 4,99 \u20ac\/mois. Son prix, qui doublait en 2023, a donc quasiment tripl\u00e9 en 6 ans.<\/p>\n<p class=\"ed__a-p ed__bdy__l\"><img loading=\"lazy\" decoding=\"async\" src=\"data:image\/svg+xml,%3Csvg xmlns='http:\/\/www.w3.org\/2000\/svg'%3E%3C\/svg%3E\" draggable=\"false\" width=\"1030\" height=\"422\" class=\"ed__title-xxs\" alt=\"Les nouveaux prix ne sont pas encore affich\u00e9s en France.\" style=\"background-color: #f2f2f2; aspect-ratio:1030\/422;\"\/><\/p>\n<p>Les nouveaux prix ne sont pas encore affich\u00e9s en France.<\/p>\n<p>\u00a9 Capture d&rsquo;\u00e9cran Les Num\u00e9riques<\/p>\n<\/p>\n<p class=\"ed__a-p ed__bdy__l\">Signalons qu&rsquo;en dehors des nombreux programmes ajout\u00e9s r\u00e9guli\u00e8rement au catalogue pour justifier cette hausse de prix, Apple TV+ est l&rsquo;une des derni\u00e8res plateformes de streaming \u00e0 ne pas contenir de publicit\u00e9s et \u00e0 proposer les technologies 4K, HDR et Dolby Atmos sans surco\u00fbt.<\/p>\n<p class=\"ed__a-p ed__bdy__l\">Rappelons enfin qu&rsquo;en France Apple TV+ est int\u00e9gr\u00e9 sans surco\u00fbt aux offres de Canal+, permettant ainsi de compenser en partie les hausses op\u00e9r\u00e9es par Apple.<\/p>\n<p>                    <a aria-label=\"Canal+\" href=\"https:\/\/www.lesnumeriques.com\/canal-plus.html\" rel=\"nofollow noopener\" target=\"_blank\">Canal+<\/a><\/p>\n<p>                                                <a href=\"https:\/\/www.lesnumeriques.com\/canal-plus.html\" title=\"Canal+\" rel=\"nofollow noopener\" target=\"_blank\"><\/p>\n<p>            <img loading=\"lazy\" decoding=\"async\" src=\"data:image\/svg+xml,%3Csvg xmlns='http:\/\/www.w3.org\/2000\/svg'%3E%3C\/svg%3E\" draggable=\"false\" width=\"452\" height=\"254\" class=\"ed__title-xxs\" alt=\"Canal+\"\/><\/p>\n<p>                <\/a><\/p>\n<ul class=\"pr__m-pt__lst is--active\" data-table-content=\"0\">\n<li class=\"pr__m-pt__lst__itm is--dropdown-open \" role=\"listitem\">\n<p>            <a href=\"https:\/\/prix.lesnums.com\/offer\/eyJwcmljZUlkIjo0MTQzNjEsInNpdGVJZCI6MSwib2ZmZXJJZCI6IjE2Mjc3IiwiZmVlZElkIjpudWxsfQ==\" class=\"pr__m-pt__lst__itm__lnk js-price-lead js-track-price-url\" data-source=\"TP\" data-track-action=\"Canal Plus\" data-track-label=\"Canal+\" data-track-brand=\"\" data-track-price=\"19.99\" data-variant=\"Clic prix sortant variant merged_offers_new_refurbished\" target=\"_blank\" rel=\"nofollow noopener\" aria-label=\"Voir l&#039;offre\" title=\"\"><\/p>\n<p>                    <img decoding=\"async\" src=\"https:\/\/www.europesays.com\/fr\/wp-content\/uploads\/2025\/04\/fav-canal_553bc13a.jpg\" alt=\"Canal Plus\" loading=\"lazy\" intrinsicsize=\"16x16\" width=\"16\" height=\"16\"\/><br \/>\n                    Canal Plus<\/p>\n<p>\n                19,99\u00a0\u20ac<\/p>\n<\/li>\n<ul>\n<li class=\"pr__m-pt__lst__itm is--in-dropdown\">\n<p>                        <a href=\"https:\/\/prix.lesnums.com\/offer\/eyJwcmljZUlkIjo0MTQzNjEsInNpdGVJZCI6MSwib2ZmZXJJZCI6IjE2Mjc3IiwiZmVlZElkIjpudWxsfQ==\" class=\"pr__m-pt__lst__itm__lnk js-price-lead js-track-price-url\" data-source=\"TP\" data-track-action=\"Canal Plus\" data-track-label=\"Canal+\" data-track-brand=\"\" data-track-price=\"19.99\" data-variant=\"Clic prix sortant variant merged_offers_new_refurbished\" target=\"_blank\" rel=\"nofollow noopener\" aria-label=\"Voir l&#039;offre\" title=\"\"><\/p>\n<p>                                                                            Canal Plus\u00a0Canal+<\/p>\n<p>\n                            19,99\u00a0\u20ac                        <\/p>\n<\/li>\n<li class=\"pr__m-pt__lst__itm is--in-dropdown\">\n<p>                            <a href=\"https:\/\/prix.lesnums.com\/offer\/eyJwcmljZUlkIjo0MTQzNjksInNpdGVJZCI6MSwib2ZmZXJJZCI6IjE2Mjc5IiwiZmVlZElkIjpudWxsfQ==\" class=\"pr__m-pt__lst__itm__lnk js-price-lead js-track-price-url\" data-source=\"TP\" data-track-action=\"Canal Plus\" data-track-label=\"Canal+\" data-track-brand=\"\" data-track-price=\"29.99\" data-variant=\"Clic prix sortant variant merged_offers_new_refurbished\" target=\"_blank\" rel=\"nofollow noopener\" aria-label=\"Voir l&#039;offre\" title=\"\"><\/p>\n<p>                                                                                    Canal Plus\u00a0Canal+ Cin\u00e9 S\u00e9ries<\/p>\n<p>\n                                29,99\u00a0\u20ac                            <\/p>\n<\/li>\n<li class=\"pr__m-pt__lst__itm is--in-dropdown\">\n<p>                            <a href=\"https:\/\/prix.lesnums.com\/offer\/eyJwcmljZUlkIjo0MTQzNzEsInNpdGVJZCI6MSwib2ZmZXJJZCI6IjE2MjgxIiwiZmVlZElkIjpudWxsfQ==\" class=\"pr__m-pt__lst__itm__lnk js-price-lead js-track-price-url\" data-source=\"TP\" data-track-action=\"Canal Plus\" data-track-label=\"Canal+\" data-track-brand=\"\" data-track-price=\"34.99\" data-variant=\"Clic prix sortant variant merged_offers_new_refurbished\" target=\"_blank\" rel=\"nofollow noopener\" aria-label=\"Voir l&#039;offre\" title=\"\"><\/p>\n<p>                                                                                    Canal Plus\u00a0Canal+ Sport<\/p>\n<p>\n                                34,99\u00a0\u20ac                            <\/p>\n<\/li>\n<\/ul>\n<\/ul>\n<ul class=\"pr__m-pt__lst\" data-table-content=\"138329\" role=\"list\">\n<li class=\"pr__m-pt__lst__itm is--dropdown-open \" role=\"listitem\">\n<p>            <a href=\"https:\/\/prix.lesnums.com\/offer\/eyJwcmljZUlkIjo0MTQzNjEsInNpdGVJZCI6MSwib2ZmZXJJZCI6IjE2Mjc3IiwiZmVlZElkIjpudWxsfQ==\" class=\"pr__m-pt__lst__itm__lnk js-price-lead js-track-price-url\" data-source=\"TP\" data-track-action=\"Canal Plus\" data-track-label=\"Canal+\" data-track-brand=\"\" data-track-price=\"19.99\" data-variant=\"Clic prix sortant variant merged_offers_new_refurbished\" target=\"_blank\" rel=\"nofollow noopener\" aria-label=\"Voir l&#039;offre\" title=\"\"><\/p>\n<p>                    <img decoding=\"async\" src=\"https:\/\/www.europesays.com\/fr\/wp-content\/uploads\/2025\/04\/fav-canal_553bc13a.jpg\" alt=\"Canal Plus\" loading=\"lazy\" intrinsicsize=\"16x16\" width=\"16\" height=\"16\"\/><br \/>\n                    Canal Plus<\/p>\n<p>\n                19,99\u00a0\u20ac<\/p>\n<\/li>\n<\/ul>\n<ul class=\"pr__m-pt__lst\" data-table-content=\"138333\" role=\"list\">\n<li class=\"pr__m-pt__lst__itm is--dropdown-open \" role=\"listitem\">\n<p>            <a href=\"https:\/\/prix.lesnums.com\/offer\/eyJwcmljZUlkIjo0MTQzNjksInNpdGVJZCI6MSwib2ZmZXJJZCI6IjE2Mjc5IiwiZmVlZElkIjpudWxsfQ==\" class=\"pr__m-pt__lst__itm__lnk js-price-lead js-track-price-url\" data-source=\"TP\" data-track-action=\"Canal Plus\" data-track-label=\"Canal+\" data-track-brand=\"\" data-track-price=\"29.99\" data-variant=\"Clic prix sortant variant merged_offers_new_refurbished\" target=\"_blank\" rel=\"nofollow noopener\" aria-label=\"Voir l&#039;offre\" title=\"\"><\/p>\n<p>                    <img decoding=\"async\" src=\"https:\/\/www.europesays.com\/fr\/wp-content\/uploads\/2025\/04\/fav-canal_553bc13a.jpg\" alt=\"Canal Plus\" loading=\"lazy\" intrinsicsize=\"16x16\" width=\"16\" height=\"16\"\/><br \/>\n                    Canal Plus<\/p>\n<p>\n                29,99\u00a0\u20ac<\/p>\n<\/li>\n<\/ul>\n<ul class=\"pr__m-pt__lst\" data-table-content=\"138335\" role=\"list\">\n<li class=\"pr__m-pt__lst__itm is--dropdown-open \" role=\"listitem\">\n<p>            <a href=\"https:\/\/prix.lesnums.com\/offer\/eyJwcmljZUlkIjo0MTQzNzEsInNpdGVJZCI6MSwib2ZmZXJJZCI6IjE2MjgxIiwiZmVlZElkIjpudWxsfQ==\" class=\"pr__m-pt__lst__itm__lnk js-price-lead js-track-price-url\" data-source=\"TP\" data-track-action=\"Canal Plus\" data-track-label=\"Canal+\" data-track-brand=\"\" data-track-price=\"34.99\" data-variant=\"Clic prix sortant variant merged_offers_new_refurbished\" target=\"_blank\" rel=\"nofollow noopener\" aria-label=\"Voir l&#039;offre\" title=\"\"><\/p>\n<p>                    <img decoding=\"async\" src=\"https:\/\/www.europesays.com\/fr\/wp-content\/uploads\/2025\/04\/fav-canal_553bc13a.jpg\" alt=\"Canal Plus\" loading=\"lazy\" intrinsicsize=\"16x16\" width=\"16\" height=\"16\"\/><br \/>\n                    Canal Plus<\/p>\n<p>\n                34,99\u00a0\u20ac<\/p>\n<\/li>\n<\/ul>\n<p>\n            Fonctionnement du tableau de prix\n        <\/p>\n<p>\n\tD\u00e9sactivez votre bloqueur de publicit\u00e9s pour acc\u00e9der \u00e0 tous les liens ci-dessus.\n<\/p>\n<p>            Publicit\u00e9, votre contenu continue ci-dessous<\/p>\n<p>        Publicit\u00e9<\/p>\n<p class=\"ed__a-p ed__bdy__l\">Envie de faire encore plus d&rsquo;\u00e9conomies ? D\u00e9couvrez <a href=\"https:\/\/www.lesnumeriques.com\/codes-promo.html\" rel=\"nofollow noopener\" target=\"_blank\">nos codes promo<\/a> s\u00e9lectionn\u00e9s pour vous.<\/p>\n","protected":false},"excerpt":{"rendered":"Du c\u00f4t\u00e9 de chez Apple, s&rsquo;il y a des affaires qui roulent plut\u00f4t bien, notamment du c\u00f4t\u00e9 du&hellip;\n","protected":false},"author":2,"featured_media":335528,"comment_status":"","ping_status":"","sticky":false,"template":"","format":"standard","meta":{"footnotes":""},"categories":[7],"tags":[1011,27,43,40,41,39,42,44],"class_list":{"0":"post-335527","1":"post","2":"type-post","3":"status-publish","4":"format-standard","5":"has-post-thumbnail","7":"category-sciences-et-technologies","8":"tag-fr","9":"tag-france","10":"tag-science","11":"tag-science-and-technology","12":"tag-sciences","13":"tag-sciences-et-technologies","14":"tag-technologies","15":"tag-technology"},"share_on_mastodon":{"url":"https:\/\/pubeurope.com\/@fr\/115070899748720743","error":""},"_links":{"self":[{"href":"https:\/\/www.europesays.com\/fr\/wp-json\/wp\/v2\/posts\/335527","targetHints":{"allow":["GET"]}}],"collection":[{"href":"https:\/\/www.europesays.com\/fr\/wp-json\/wp\/v2\/posts"}],"about":[{"href":"https:\/\/www.europesays.com\/fr\/wp-json\/wp\/v2\/types\/post"}],"author":[{"embeddable":true,"href":"https:\/\/www.europesays.com\/fr\/wp-json\/wp\/v2\/users\/2"}],"replies":[{"embeddable":true,"href":"https:\/\/www.europesays.com\/fr\/wp-json\/wp\/v2\/comments?post=335527"}],"version-history":[{"count":0,"href":"https:\/\/www.europesays.com\/fr\/wp-json\/wp\/v2\/posts\/335527\/revisions"}],"wp:featuredmedia":[{"embeddable":true,"href":"https:\/\/www.europesays.com\/fr\/wp-json\/wp\/v2\/media\/335528"}],"wp:attachment":[{"href":"https:\/\/www.europesays.com\/fr\/wp-json\/wp\/v2\/media?parent=335527"}],"wp:term":[{"taxonomy":"category","embeddable":true,"href":"https:\/\/www.europesays.com\/fr\/wp-json\/wp\/v2\/categories?post=335527"},{"taxonomy":"post_tag","embeddable":true,"href":"https:\/\/www.europesays.com\/fr\/wp-json\/wp\/v2\/tags?post=335527"}],"curies":[{"name":"wp","href":"https:\/\/api.w.org\/{rel}","templated":true}]}}