{"id":335531,"date":"2025-08-22T06:03:11","date_gmt":"2025-08-22T06:03:11","guid":{"rendered":"https:\/\/www.europesays.com\/fr\/335531\/"},"modified":"2025-08-22T06:03:11","modified_gmt":"2025-08-22T06:03:11","slug":"trump-parle-dun-delai-de-deux-semaines-pour-juger-les-chances-de-paix","status":"publish","type":"post","link":"https:\/\/www.europesays.com\/fr\/335531\/","title":{"rendered":"Trump parle d\u2019un \u00ab\u00a0d\u00e9lai de deux semaines\u00a0\u00bb pour juger les chances de paix\u2026"},"content":{"rendered":"<p>Kim Jong Un d\u00e9core ses soldats d\u00e9ploy\u00e9s en soutien de la Russie contre l&rsquo;Ukraine<\/p>\n<p>Des images diffus\u00e9es vendredi par les m\u00e9dias d&rsquo;Etat nord-cor\u00e9ens ont montr\u00e9 Kim Jong Un agenouill\u00e9 devant les portraits de soldats morts au combat pour la Russie contre l&rsquo;Ukraine, et embrassant un survivant du conflit.<\/p>\n<p>Lors d&rsquo;une c\u00e9r\u00e9monie qui est tenue au si\u00e8ge du Parti des travailleurs de Cor\u00e9e \u00e0 Pyongyang, Kim Jong Un a salu\u00e9 les soldats \u00ab h\u00e9ro\u00efques \u00bb et \u00ab admirables \u00bb, revenus apr\u00e8s avoir endur\u00e9 \u00ab les rafales de balles et les bombes \u00bb. Les images montrent le dirigeant nord-cor\u00e9en, apparemment sous le coup de l&rsquo;\u00e9motion, embrassant un soldat qui semble boulevers\u00e9, le visage contre le torse de son chef.<\/p>\n<p>Les services secrets de la Cor\u00e9e du Sud et de pays occidentaux ont affirm\u00e9 que Pyongyang avait envoy\u00e9 plus de 10.000 soldats dans la r\u00e9gion de Koursk en 2024, ainsi que avec des obus d&rsquo;artillerie, des missiles et des syst\u00e8mes de roquettes \u00e0 longue port\u00e9e. Environ 600 soldats nord-cor\u00e9ens ont \u00e9t\u00e9 tu\u00e9s et des milliers ont \u00e9t\u00e9 bless\u00e9s en combattant pour la Russie, selon S\u00e9oul.<\/p>\n<p>Zelensky accuse Poutine de vouloir \u00ab\u00a0se soustraire\u00a0\u00bb \u00e0 une rencontre pour la paix<\/p>\n<p>Le pr\u00e9sident ukrainien Volodymyr Zelensky a accus\u00e9 jeudi son homologue russe Vladimir Poutine de chercher \u00e0 \u00ab se soustraire \u00bb \u00e0 une rencontre destin\u00e9e \u00e0 trouver une issue \u00e0 la guerre provoqu\u00e9e par l&rsquo;invasion russe, Donald Trump lui-m\u00eame temp\u00e9rant son enthousiasme.<\/p>\n<p>\u00ab A l&rsquo;heure actuelle, les signaux envoy\u00e9s par la Russie sont tout simplement ind\u00e9cents. Ils essaient de se soustraire \u00e0 la n\u00e9cessit\u00e9 d&rsquo;organiser une r\u00e9union. \u00bb A la place, les Russes \u00ab poursuivent leurs attaques massives contre l&rsquo;Ukraine et leurs assauts f\u00e9roces le long de la ligne de front \u00bb, a-t-il d\u00e9nonc\u00e9.<\/p>\n<p>Donald Trump \u00e9voque un d\u00e9lai de \u00ab\u00a0deux semaines\u00a0\u00bb pour juger les chances de paix<\/p>\n<p>Donald Trump a d\u00e9clar\u00e9 jeudi, lors d\u2019une interview t\u00e9l\u00e9phonique avec l\u2019animateur conservateur Todd Starnes, qu\u2019il esp\u00e9rait r\u00e9unir les pr\u00e9sidents russe et ukrainien autour d\u2019une m\u00eame table. Selon lui, \u00ab\u00a0dans les deux prochaines semaines\u00a0\u00bb, il sera possible de savoir si des perspectives de paix existent r\u00e9ellement en Ukraine. Pass\u00e9 ce d\u00e9lai, a-t-il ajout\u00e9, il faudra peut-\u00eatre envisager \u00ab\u00a0une approche diff\u00e9rente\u00a0\u00bb, sans donner davantage de d\u00e9tails sur ses intentions.<\/p>\n<p>Quand les premi\u00e8res dames s\u2019invitent dans la diplomatie<\/p>\n<p>Pour tenter de rapprocher Moscou et Kiev, la diplomatie explore d\u00e9sormais des chemins inattendus. En Alaska, Donald Trump a remis \u00e0 Vladimir Poutine un \u00ab\u00a0message de paix\u00a0\u00bb r\u00e9dig\u00e9 par son \u00e9pouse Melania Trump et destin\u00e9 \u00e0 l\u2019Ukraine. En retour, la premi\u00e8re dame ukrainienne Olena Zelenska a adress\u00e9 une lettre de remerciement \u00e0 Melania Trump. Une initiative symbolique qui soul\u00e8ve une question\u00a0: l\u2019influence des \u00e9pouses de dirigeants pourrait-elle peser sur les n\u00e9gociations de paix\u00a0?<\/p>\n<p>Bonjour, bienvenue sur ce nouveau Live<\/p>\n<p>Bonjour \u00e0 toutes et \u00e0 tous. Comme chaque jour, la r\u00e9daction de 20 Minutes est mobilis\u00e9e pour vous donner l\u2019ensemble des informations sur la guerre entre Kiev et Moscou.<\/p>\n<p>Alors que se poursuivent les discussions internationales sur un \u00e9ventuel plan de paix en Ukraine, des experts de l\u2019ONU accusent Moscou d\u2019avoir soumis dix civils ukrainiens \u00e0 des tortures sexuelles \u00ab\u00a0horribles\u00a0\u00bb dans les r\u00e9gions occup\u00e9es de Kherson, Kharkiv et Zaporijjia, d\u00e9crivant viols, menaces de viol et autres violences extr\u00eames.<\/p>\n","protected":false},"excerpt":{"rendered":"Kim Jong Un d\u00e9core ses soldats d\u00e9ploy\u00e9s en soutien de la Russie contre l&rsquo;Ukraine Des images diffus\u00e9es vendredi&hellip;\n","protected":false},"author":2,"featured_media":335532,"comment_status":"","ping_status":"","sticky":false,"template":"","format":"standard","meta":{"footnotes":""},"categories":[5],"tags":[47,11,75,73,1011,27,131,14,74,12,136,132,555,135,134,28],"class_list":{"0":"post-335531","1":"post","2":"type-post","3":"status-publish","4":"format-standard","5":"has-post-thumbnail","7":"category-international","8":"tag-actualite","9":"tag-actualites","10":"tag-donald-trump","11":"tag-etats-unis","12":"tag-fr","13":"tag-france","14":"tag-guerre-en-ukraine","15":"tag-international","16":"tag-monde","17":"tag-news","18":"tag-otan","19":"tag-russie","20":"tag-union-europeenne-ue","21":"tag-vladimir-poutine","22":"tag-volodymyr-zelensky","23":"tag-world"},"share_on_mastodon":{"url":"https:\/\/pubeurope.com\/@fr\/115070907445652506","error":""},"_links":{"self":[{"href":"https:\/\/www.europesays.com\/fr\/wp-json\/wp\/v2\/posts\/335531","targetHints":{"allow":["GET"]}}],"collection":[{"href":"https:\/\/www.europesays.com\/fr\/wp-json\/wp\/v2\/posts"}],"about":[{"href":"https:\/\/www.europesays.com\/fr\/wp-json\/wp\/v2\/types\/post"}],"author":[{"embeddable":true,"href":"https:\/\/www.europesays.com\/fr\/wp-json\/wp\/v2\/users\/2"}],"replies":[{"embeddable":true,"href":"https:\/\/www.europesays.com\/fr\/wp-json\/wp\/v2\/comments?post=335531"}],"version-history":[{"count":0,"href":"https:\/\/www.europesays.com\/fr\/wp-json\/wp\/v2\/posts\/335531\/revisions"}],"wp:featuredmedia":[{"embeddable":true,"href":"https:\/\/www.europesays.com\/fr\/wp-json\/wp\/v2\/media\/335532"}],"wp:attachment":[{"href":"https:\/\/www.europesays.com\/fr\/wp-json\/wp\/v2\/media?parent=335531"}],"wp:term":[{"taxonomy":"category","embeddable":true,"href":"https:\/\/www.europesays.com\/fr\/wp-json\/wp\/v2\/categories?post=335531"},{"taxonomy":"post_tag","embeddable":true,"href":"https:\/\/www.europesays.com\/fr\/wp-json\/wp\/v2\/tags?post=335531"}],"curies":[{"name":"wp","href":"https:\/\/api.w.org\/{rel}","templated":true}]}}