{"id":335537,"date":"2025-08-22T06:06:39","date_gmt":"2025-08-22T06:06:39","guid":{"rendered":"https:\/\/www.europesays.com\/fr\/335537\/"},"modified":"2025-08-22T06:06:39","modified_gmt":"2025-08-22T06:06:39","slug":"spectacle-stephanie-agrain-dans-paroles-de-clitoris-a-saint-etienne-le-triomphe-billets-reservations-dates","status":"publish","type":"post","link":"https:\/\/www.europesays.com\/fr\/335537\/","title":{"rendered":"Spectacle St\u00e9phanie Agrain dans Paroles de clitoris \u00e0 Saint-\u00c9tienne, Le Triomphe : billets, r\u00e9servations, dates"},"content":{"rendered":"<p class=\"fw-bold font-size-16 my-1\"> Le 13\/04\/2024<\/p>\n<p class=\"fw-bold font-size-16 my-1\"> <a class=\"mr-2\" href=\"https:\/\/www.jds.fr\/saint-etienne\/salle-de-concert-et-de-spectacle\/le-triomphe-16839_L\" target=\"_blank\" rel=\"noopener\">Le Triomphe<\/a> | <a href=\"https:\/\/www.jds.fr\/saint-etienne\/\" target=\"_blank\" rel=\"noopener\">Saint-\u00c9tienne<\/a><\/p>\n<p class=\"fw-bold font-size-16 my-1\"> <a href=\"https:\/\/www.jds.fr\/artistes\/stephanie-agrain-12041_N\" target=\"_blank\" rel=\"noopener\">St\u00e9phanie Agrain : dates de la tourn\u00e9e<\/a><\/p>\n<p class=\"fw-bold font-size-16 my-1\"> A partir de 24 \u20ac <\/p>\n<p class=\"intro\">St\u00e9phanie Agrain dans Paroles de clitoris, un spectacle \u00e0 voir \u00e0 Saint-\u00c9tienne (Le Triomphe ), le 13 avril 2024. Toutes les informations pratiques (tarifs, billetterie, plan de salle) pour ce spectacle sont \u00e0 retrouver sur cette page. R\u00e9servez d\u00e8s maintenant vos places pour assister \u00e0 ce <a href=\"https:\/\/www.jds.fr\/saint-etienne\/agenda\/sorties-culturelles-spectacles-expositions-cinema-470_B\" target=\"_blank\" rel=\"noopener\">spectacle \u00e0 Saint-\u00c9tienne<\/a>\u00a0!<\/p>\n<p>Et si les clitoris pouvaient parler, que nous diraient-ils\u00a0? Ce one woman show est un plaisir pour les yeux, les oreilles, les zygomatiques, un reboosteur de libido, un titilleur de plaisir dr\u00f4le et d\u00e9licat. Mesdames et Messieurs,\u00a0\u00ab\u00a0Paroles de Clitoris\u00a0\u00bb s&rsquo;adressent \u00e0 vous toutes et tous\u00a0! Venez d\u00e9couvrir en riant les onguents d&rsquo;Hippocrate, les secrets clitoridiens des femmes du Monde depuis la nuit des temps. Ce one-woman-show teint\u00e9 d&rsquo;humour vous emm\u00e8nera au fil des anecdotes \u00e0 ces moments de solitudes, ces moments de joies, d&rsquo;extases, de recherches intenses autour de l&rsquo;incroyable clitoris. Bref, un show hyper-instructif et sans tabous qui d\u00e9lie les langues et suscite l&rsquo;envie. Un d\u00e9lice de dr\u00f4leries qui fait du bien. Venez vivre votre premier cours humoristique de\u00a0\u00ab\u00a0Clito&rsquo;Logique\u00a0\u00bb avec <strong>St\u00e9phanie Agrain<\/strong>, Sexoth\u00e9rapeute et Humoriste.<\/p>\n<p>Dans la m\u00eame rubrique<\/p>\n<ul class=\"mt-3 list-unstyled list-articles-v2\">\n<li class=\"col-12 pt-4\" data-view-id-type=\"1\" data-view-id=\"922191\" data-view-bc=\"0\"><a class=\"d-block titre text-black mb-1 mb-md-2\" href=\"https:\/\/www.jds.fr\/saint-etienne\/spectacles\/humour\/les-apollons-et-si-c-etait-vrai-922191_A\" target=\"_blank\" rel=\"noopener\">Les Apollons &#8211; et Si c&rsquo;\u00e9tait Vrai\u00a0!<\/a>Le 11\/09\/2025<a href=\"https:\/\/www.jds.fr\/saint-etienne\/salle-de-concert-et-de-spectacle\/le-triomphe-16839_L\" class=\"lieu font-size-14 text-gray-700 d-block lh-sm my-1\" target=\"_blank\" rel=\"noopener\"> Le Triomphe &#8211; Saint-\u00c9tienne<\/a>Les Apollons &#8211; et Si c&rsquo;\u00e9tait Vrai\u00a0!, un spectacle \u00e0 voir \u00e0 Saint-\u00c9tienne (Le Triomphe ), le 11 septembre 2025. Toutes les informations pratiques (tarifs, billetterie, plan [\u2026]<a class=\"image\" href=\"https:\/\/www.jds.fr\/saint-etienne\/spectacles\/humour\/les-apollons-et-si-c-etait-vrai-922191_A\" target=\"_blank\" rel=\"noopener\"><img decoding=\"async\" loading=\"lazy\" src=\"https:\/\/www.europesays.com\/fr\/wp-content\/uploads\/2025\/08\/1755842791_671_\" width=\"180\" height=\"180\" alt=\"Les Apollons - et Si c'\u00e9tait Vrai !\"\/><\/a><\/li>\n<li class=\"col-12 pt-4\" data-view-id-type=\"1\" data-view-id=\"945513\" data-view-bc=\"0\"><a class=\"d-block titre text-black mb-1 mb-md-2\" href=\"https:\/\/www.jds.fr\/saint-etienne\/spectacles\/humour\/les-adoleschiants-comedie-triomphe-saint-etienne-945513_A\" target=\"_blank\" rel=\"noopener\">Les Adoleschiants &#8211; Com\u00e9die Triomphe, Saint-Etienne<\/a>Du 13\/09\/2025 au 16\/05\/2026<a href=\"https:\/\/www.jds.fr\/saint-etienne\/salle-de-concert-et-de-spectacle\/le-triomphe-16839_L\" class=\"lieu font-size-14 text-gray-700 d-block lh-sm my-1\" target=\"_blank\" rel=\"noopener\"> Le Triomphe &#8211; Saint-\u00c9tienne<\/a>Les Adoleschiants &#8211; Com\u00e9die Triomphe, Saint-Etienne, un spectacle \u00e0 voir \u00e0 Saint-\u00c9tienne (Le Triomphe ), du 13 septembre 2025 au 16 mai 2026. Toutes les informations pratiques [\u2026]<a class=\"image\" href=\"https:\/\/www.jds.fr\/saint-etienne\/spectacles\/humour\/les-adoleschiants-comedie-triomphe-saint-etienne-945513_A\" target=\"_blank\" rel=\"noopener\"><img decoding=\"async\" loading=\"lazy\" src=\"https:\/\/www.europesays.com\/fr\/wp-content\/uploads\/2025\/08\/1755842791_482_\" width=\"180\" height=\"180\" alt=\"Les Adoleschiants - Com\u00e9die Triomphe, Saint-Etienne\"\/><\/a><\/li>\n<li class=\"li_gp_div\">\n<\/li>\n<li class=\"col-12 pt-4\" data-view-id-type=\"1\" data-view-id=\"363627\" data-view-bc=\"0\"><a class=\"d-block titre text-black mb-1 mb-md-2\" href=\"https:\/\/www.jds.fr\/saint-etienne\/spectacles\/humour\/adopte-un-ex-com-363627_A\" target=\"_blank\" rel=\"noopener\">Adopte Un Ex. Com<\/a>Du 19\/09\/2025 au 21\/09\/2025<a href=\"https:\/\/www.jds.fr\/saint-etienne\/salle-de-concert-et-de-spectacle\/le-triomphe-16839_L\" class=\"lieu font-size-14 text-gray-700 d-block lh-sm my-1\" target=\"_blank\" rel=\"noopener\"> Le Triomphe &#8211; Saint-\u00c9tienne<\/a>Adopte Un Ex. Com, un spectacle \u00e0 voir \u00e0 Saint-\u00c9tienne (Le Triomphe ), du 19 septembre 2025 au 21 septembre 2025. Toutes les informations pratiques (tarifs, billetterie, plan de [\u2026]<a class=\"image\" href=\"https:\/\/www.jds.fr\/saint-etienne\/spectacles\/humour\/adopte-un-ex-com-363627_A\" target=\"_blank\" rel=\"noopener\"><img decoding=\"async\" loading=\"lazy\" src=\"https:\/\/www.europesays.com\/fr\/wp-content\/uploads\/2025\/08\/1755842792_977_\" width=\"180\" height=\"180\" alt=\"Adopte Un Ex. Com\"\/><\/a><\/li>\n<li class=\"col-12 pt-4\" data-view-id-type=\"1\" data-view-id=\"946137\" data-view-bc=\"0\"><a class=\"d-block titre text-black mb-1 mb-md-2\" href=\"https:\/\/www.jds.fr\/saint-etienne\/spectacles\/humour\/l-amour-est-dans-le-presque-946137_A\" target=\"_blank\" rel=\"noopener\">L&rsquo;Amour Est dans le Presque<\/a>Du 26\/09\/2025 au 28\/09\/2025<a href=\"https:\/\/www.jds.fr\/saint-etienne\/salle-de-concert-et-de-spectacle\/le-triomphe-16839_L\" class=\"lieu font-size-14 text-gray-700 d-block lh-sm my-1\" target=\"_blank\" rel=\"noopener\"> Le Triomphe &#8211; Saint-\u00c9tienne<\/a>L&rsquo;Amour Est dans le Presque, un spectacle \u00e0 voir \u00e0 Saint-\u00c9tienne (Le Triomphe ), du 26 septembre 2025 au 28 septembre 2025. Toutes les informations pratiques (tarifs, [\u2026]<a class=\"image\" href=\"https:\/\/www.jds.fr\/saint-etienne\/spectacles\/humour\/l-amour-est-dans-le-presque-946137_A\" target=\"_blank\" rel=\"noopener\"><img decoding=\"async\" loading=\"lazy\" src=\"https:\/\/www.europesays.com\/fr\/wp-content\/uploads\/2025\/08\/1755842793_994_\" width=\"180\" height=\"180\" alt=\"L'Amour Est dans le Presque\"\/><\/a><\/li>\n<li class=\"col-12 pt-4\" data-view-id-type=\"1\" data-view-id=\"933574\" data-view-bc=\"0\"><a class=\"d-block titre text-black mb-1 mb-md-2\" href=\"https:\/\/www.jds.fr\/saint-etienne\/spectacles\/humour\/le-gang-des-chieuses-tournee-933574_A\" target=\"_blank\" rel=\"noopener\">Le Gang des Chieuses &#8211; Tourn\u00e9e<\/a>Le 02\/10\/2025<a href=\"https:\/\/www.jds.fr\/saint-etienne\/salle-de-concert-et-de-spectacle\/la-comete-16595_L\" class=\"lieu font-size-14 text-gray-700 d-block lh-sm my-1\" target=\"_blank\" rel=\"noopener\"> La Com\u00e8te &#8211; Saint-\u00c9tienne<\/a>Le Gang des Chieuses &#8211; Tourn\u00e9e, un spectacle \u00e0 voir \u00e0 Saint-\u00c9tienne (La Com\u00e8te ), le 2 octobre 2025. Toutes les informations pratiques (tarifs, billetterie, plan de salle) [\u2026]<a class=\"image\" href=\"https:\/\/www.jds.fr\/saint-etienne\/spectacles\/humour\/le-gang-des-chieuses-tournee-933574_A\" target=\"_blank\" rel=\"noopener\"><img decoding=\"async\" loading=\"lazy\" src=\"https:\/\/www.europesays.com\/fr\/wp-content\/uploads\/2025\/08\/1755842793_841_\" width=\"180\" height=\"180\" alt=\"Le Gang des Chieuses - Tourn\u00e9e\"\/><\/a><\/li>\n<li class=\"li_gp_div li_gp_div_infeed\"\/>\n<li class=\"col-12 pt-4\" data-view-id-type=\"1\" data-view-id=\"974959\" data-view-bc=\"0\"><a class=\"d-block titre text-black mb-1 mb-md-2\" href=\"https:\/\/www.jds.fr\/saint-etienne\/spectacles\/humour\/au-secours-mon-heritage-974959_A\" target=\"_blank\" rel=\"noopener\">Au Secours\u00a0! Mon H\u00e9ritage<\/a>Du 03\/10\/2025 au 05\/10\/2025<a href=\"https:\/\/www.jds.fr\/saint-etienne\/salle-de-concert-et-de-spectacle\/le-triomphe-16839_L\" class=\"lieu font-size-14 text-gray-700 d-block lh-sm my-1\" target=\"_blank\" rel=\"noopener\"> Le Triomphe &#8211; Saint-\u00c9tienne<\/a>Au Secours\u00a0! Mon H\u00e9ritage, un spectacle \u00e0 voir \u00e0 Saint-\u00c9tienne (Le Triomphe ), du 3 octobre 2025 au 5 octobre 2025. Toutes les informations pratiques (tarifs, billetterie, [\u2026]<a class=\"image\" href=\"https:\/\/www.jds.fr\/saint-etienne\/spectacles\/humour\/au-secours-mon-heritage-974959_A\" target=\"_blank\" rel=\"noopener\"><img decoding=\"async\" loading=\"lazy\" src=\"https:\/\/www.europesays.com\/fr\/wp-content\/uploads\/2025\/08\/1755842793_12_\" width=\"180\" height=\"180\" alt=\"Au Secours ! Mon H\u00e9ritage\"\/><\/a><\/li>\n<li class=\"col-12 pt-4\" data-view-id-type=\"1\" data-view-id=\"1123927\" data-view-bc=\"0\"><a class=\"d-block titre text-black mb-1 mb-md-2\" href=\"https:\/\/www.jds.fr\/saint-etienne\/spectacles\/humour\/gaga-des-stephanois-le-triomphe-saint-etienne-1123927_A\" target=\"_blank\" rel=\"noopener\">Gaga des St\u00e9phanois &#8211; le Triomphe, Saint- Etienne<\/a>Du 05\/10\/2025 au 06\/06\/2026<a href=\"https:\/\/www.jds.fr\/saint-etienne\/salle-de-concert-et-de-spectacle\/le-triomphe-16839_L\" class=\"lieu font-size-14 text-gray-700 d-block lh-sm my-1\" target=\"_blank\" rel=\"noopener\"> Le Triomphe &#8211; Saint-\u00c9tienne<\/a>Gaga des St\u00e9phanois &#8211; le Triomphe, Saint- Etienne, un spectacle \u00e0 voir \u00e0 Saint-\u00c9tienne (Le Triomphe ), du 5 octobre 2025 au 6 juin 2026. Toutes les informations pratiques [\u2026]<a class=\"image\" href=\"https:\/\/www.jds.fr\/saint-etienne\/spectacles\/humour\/gaga-des-stephanois-le-triomphe-saint-etienne-1123927_A\" target=\"_blank\" rel=\"noopener\"><img decoding=\"async\" loading=\"lazy\" src=\"https:\/\/www.europesays.com\/fr\/wp-content\/uploads\/2025\/08\/1755842794_69_\" width=\"180\" height=\"180\" alt=\"Gaga des St\u00e9phanois - le Triomphe, Saint- Etienne\"\/><\/a><\/li>\n<li class=\"col-12 pt-4\" data-view-id-type=\"1\" data-view-id=\"322467\" data-view-bc=\"0\"><a class=\"d-block titre text-black mb-1 mb-md-2\" href=\"https:\/\/www.jds.fr\/saint-etienne\/spectacles\/humour\/process-comedy-322467_A\" target=\"_blank\" rel=\"noopener\">Process Comedy<\/a>Du 09\/10\/2025 au 19\/03\/2026<a href=\"https:\/\/www.jds.fr\/saint-etienne\/salle-de-concert-et-de-spectacle\/le-triomphe-16839_L\" class=\"lieu font-size-14 text-gray-700 d-block lh-sm my-1\" target=\"_blank\" rel=\"noopener\"> Le Triomphe &#8211; Saint-\u00c9tienne<\/a>Process Comedy, un spectacle \u00e0 voir \u00e0 Saint-\u00c9tienne (Le Triomphe ), les 9 octobre 2025 et 19 mars 2026. Toutes les informations pratiques (tarifs, billetterie, plan de salle) [\u2026]<a class=\"image\" href=\"https:\/\/www.jds.fr\/saint-etienne\/spectacles\/humour\/process-comedy-322467_A\" target=\"_blank\" rel=\"noopener\"><img decoding=\"async\" loading=\"lazy\" src=\"https:\/\/www.europesays.com\/fr\/wp-content\/uploads\/2025\/08\/1755842794_627_\" width=\"180\" height=\"180\" alt=\"Process Comedy\"\/><\/a><\/li>\n<li class=\"col-12 pt-4\" data-view-id-type=\"1\" data-view-id=\"980920\" data-view-bc=\"0\"><a class=\"d-block titre text-black mb-1 mb-md-2\" href=\"https:\/\/www.jds.fr\/saint-etienne\/spectacles\/humour\/crise-en-quarantaine-980920_A\" target=\"_blank\" rel=\"noopener\">Crise en Quarantaine<\/a>Du 10\/10\/2025 au 12\/10\/2025<a href=\"https:\/\/www.jds.fr\/saint-etienne\/salle-de-concert-et-de-spectacle\/le-triomphe-16839_L\" class=\"lieu font-size-14 text-gray-700 d-block lh-sm my-1\" target=\"_blank\" rel=\"noopener\"> Le Triomphe &#8211; Saint-\u00c9tienne<\/a>Crise en Quarantaine, un spectacle \u00e0 voir \u00e0 Saint-\u00c9tienne (Le Triomphe ), du 10 octobre 2025 au 12 octobre 2025. Toutes les informations pratiques (tarifs, billetterie, plan de [\u2026]<a class=\"image\" href=\"https:\/\/www.jds.fr\/saint-etienne\/spectacles\/humour\/crise-en-quarantaine-980920_A\" target=\"_blank\" rel=\"noopener\"><img decoding=\"async\" loading=\"lazy\" src=\"https:\/\/www.europesays.com\/fr\/wp-content\/uploads\/2025\/08\/1755842795_698_\" width=\"180\" height=\"180\" alt=\"Crise en Quarantaine\"\/><\/a><\/li>\n<li class=\"li_gp_div li_gp_div_infeed\"\/>\n<li class=\"col-12 pt-4\" data-view-id-type=\"1\" data-view-id=\"1123936\" data-view-bc=\"0\"><a class=\"d-block titre text-black mb-1 mb-md-2\" href=\"https:\/\/www.jds.fr\/saint-etienne\/spectacles\/humour\/fou-des-verts-le-triomphe-saint-etienne-1123936_A\" target=\"_blank\" rel=\"noopener\">Fou des Verts &#8211; le Triomphe, Saint-Etienne<\/a>Du 11\/10\/2025 au 13\/06\/2026<a href=\"https:\/\/www.jds.fr\/saint-etienne\/salle-de-concert-et-de-spectacle\/le-triomphe-16839_L\" class=\"lieu font-size-14 text-gray-700 d-block lh-sm my-1\" target=\"_blank\" rel=\"noopener\"> Le Triomphe &#8211; Saint-\u00c9tienne<\/a>Fou des Verts &#8211; le Triomphe, Saint-Etienne, un spectacle \u00e0 voir \u00e0 Saint-\u00c9tienne (Le Triomphe ), du 11 octobre 2025 au 13 juin 2026. Toutes les informations pratiques (tarifs, [\u2026]<a class=\"image\" href=\"https:\/\/www.jds.fr\/saint-etienne\/spectacles\/humour\/fou-des-verts-le-triomphe-saint-etienne-1123936_A\" target=\"_blank\" rel=\"noopener\"><img decoding=\"async\" loading=\"lazy\" src=\"https:\/\/www.europesays.com\/fr\/wp-content\/uploads\/2025\/08\/1755842795_274_\" width=\"180\" height=\"180\" alt=\"Fou des Verts - le Triomphe, Saint-Etienne\"\/><\/a><\/li>\n<li class=\"col-12 pt-4\" data-view-id-type=\"1\" data-view-id=\"974911\" data-view-bc=\"0\"><a class=\"d-block titre text-black mb-1 mb-md-2\" href=\"https:\/\/www.jds.fr\/saint-etienne\/spectacles\/humour\/le-duplex-tournee-974911_A\" target=\"_blank\" rel=\"noopener\">Le Duplex (tourn\u00e9e)<\/a>Le 13\/10\/2025<a href=\"https:\/\/www.jds.fr\/saint-etienne\/opera-ballet\/opera-de-saint-etienne-16978_L\" class=\"lieu font-size-14 text-gray-700 d-block lh-sm my-1\" target=\"_blank\" rel=\"noopener\"> Op\u00e9ra de Saint-Etienne &#8211; Saint-\u00c9tienne<\/a>Le Duplex (tourn\u00e9e), un spectacle \u00e0 voir \u00e0 Saint-\u00c9tienne (Op\u00e9ra de Saint-Etienne ), le 13 octobre 2025. Toutes les informations pratiques (tarifs, billetterie, plan de salle) [\u2026]<a class=\"image\" href=\"https:\/\/www.jds.fr\/saint-etienne\/spectacles\/humour\/le-duplex-tournee-974911_A\" target=\"_blank\" rel=\"noopener\"><img decoding=\"async\" loading=\"lazy\" src=\"https:\/\/www.europesays.com\/fr\/wp-content\/uploads\/2025\/08\/1755842796_453_\" width=\"180\" height=\"180\" alt=\"Le Duplex (tourn\u00e9e)\"\/><\/a><\/li>\n<li class=\"col-12 pt-4\" data-view-id-type=\"1\" data-view-id=\"388936\" data-view-bc=\"0\"><a class=\"d-block titre text-black mb-1 mb-md-2\" href=\"https:\/\/www.jds.fr\/saint-etienne\/spectacles\/humour\/nordine-ganso-violet-tournee-388936_A\" target=\"_blank\" rel=\"noopener\">Nordine Ganso &#8211; Violet &#8211; Tourn\u00e9e<\/a>Le 17\/10\/2025<a href=\"https:\/\/www.jds.fr\/saint-etienne\/salle-de-concert-et-de-spectacle\/la-comete-16595_L\" class=\"lieu font-size-14 text-gray-700 d-block lh-sm my-1\" target=\"_blank\" rel=\"noopener\"> La Com\u00e8te &#8211; Saint-\u00c9tienne<\/a>Nordine Ganso &#8211; Violet &#8211; Tourn\u00e9e, un spectacle \u00e0 voir \u00e0 Saint-\u00c9tienne (La Com\u00e8te ), le 17 octobre 2025. Toutes les informations pratiques (tarifs, billetterie, plan de salle) [\u2026]<a class=\"image\" href=\"https:\/\/www.jds.fr\/saint-etienne\/spectacles\/humour\/nordine-ganso-violet-tournee-388936_A\" target=\"_blank\" rel=\"noopener\"><img decoding=\"async\" loading=\"lazy\" src=\"https:\/\/www.europesays.com\/fr\/wp-content\/uploads\/2025\/08\/1755842796_589_\" width=\"180\" height=\"180\" alt=\"Nordine Ganso - Violet - Tourn\u00e9e\"\/><\/a><\/li>\n<li class=\"col-12 pt-4\" data-view-id-type=\"1\" data-view-id=\"731714\" data-view-bc=\"0\"><a class=\"d-block titre text-black mb-1 mb-md-2\" href=\"https:\/\/www.jds.fr\/saint-etienne\/spectacles\/humour\/oldelaf-et-arnaud-joyet-operation-bretzel-tournee-731714_A\" target=\"_blank\" rel=\"noopener\">Oldelaf et Arnaud Joyet &#8211; Op\u00e9ration Bretzel ( Tourn\u00e9e\u00a0)<\/a>Le 18\/10\/2025<a href=\"https:\/\/www.jds.fr\/saint-etienne\/salle-de-concert-et-de-spectacle\/la-comete-16595_L\" class=\"lieu font-size-14 text-gray-700 d-block lh-sm my-1\" target=\"_blank\" rel=\"noopener\"> La Com\u00e8te &#8211; Saint-\u00c9tienne<\/a>Oldelaf et Arnaud Joyet &#8211; Op\u00e9ration Bretzel ( Tourn\u00e9e ), un spectacle \u00e0 voir \u00e0 Saint-\u00c9tienne (La Com\u00e8te ), le 18 octobre 2025. Toutes les informations pratiques (tarifs, [\u2026]<a class=\"image\" href=\"https:\/\/www.jds.fr\/saint-etienne\/spectacles\/humour\/oldelaf-et-arnaud-joyet-operation-bretzel-tournee-731714_A\" target=\"_blank\" rel=\"noopener\"><img decoding=\"async\" loading=\"lazy\" src=\"https:\/\/www.europesays.com\/fr\/wp-content\/uploads\/2025\/08\/1755842797_745_\" width=\"180\" height=\"180\" alt=\"Oldelaf et Arnaud Joyet - Op\u00e9ration Bretzel ( Tourn\u00e9e )\"\/><\/a><\/li>\n<li class=\"li_gp_div li_gp_div_infeed\"\/>\n<li class=\"col-12 pt-4\" data-view-id-type=\"1\" data-view-id=\"1123928\" data-view-bc=\"0\"><a class=\"d-block titre text-black mb-1 mb-md-2\" href=\"https:\/\/www.jds.fr\/saint-etienne\/spectacles\/humour\/les-lundis-de-l-impro-le-triomphe-saint-etienne-1123928_A\" target=\"_blank\" rel=\"noopener\">Les Lundis de l&rsquo;Impro &#8211; le Triomphe &#8211; Saint-Etienne<\/a>Du 20\/10\/2025 au 15\/06\/2026<a href=\"https:\/\/www.jds.fr\/saint-etienne\/salle-de-concert-et-de-spectacle\/le-triomphe-16839_L\" class=\"lieu font-size-14 text-gray-700 d-block lh-sm my-1\" target=\"_blank\" rel=\"noopener\"> Le Triomphe &#8211; Saint-\u00c9tienne<\/a>Les Lundis de l&rsquo;Impro &#8211; le Triomphe &#8211; Saint-Etienne, un spectacle \u00e0 voir \u00e0 Saint-\u00c9tienne (Le Triomphe ), du 20 octobre 2025 au 15 juin 2026. Toutes les informations pratiques [\u2026]<a class=\"image\" href=\"https:\/\/www.jds.fr\/saint-etienne\/spectacles\/humour\/les-lundis-de-l-impro-le-triomphe-saint-etienne-1123928_A\" target=\"_blank\" rel=\"noopener\"><img decoding=\"async\" loading=\"lazy\" src=\"https:\/\/www.europesays.com\/fr\/wp-content\/uploads\/2025\/08\/1755842797_973_\" width=\"180\" height=\"180\" alt=\"Les Lundis de l'Impro - le Triomphe - Saint-Etienne\"\/><\/a><\/li>\n<li class=\"col-12 pt-4\" data-view-id-type=\"1\" data-view-id=\"988924\" data-view-bc=\"0\"><a class=\"d-block titre text-black mb-1 mb-md-2\" href=\"https:\/\/www.jds.fr\/saint-etienne\/spectacles\/humour\/action-et-verite-988924_A\" target=\"_blank\" rel=\"noopener\">Action et V\u00e9rit\u00e9<\/a>Du 23\/10\/2025 au 26\/10\/2025<a href=\"https:\/\/www.jds.fr\/saint-etienne\/salle-de-concert-et-de-spectacle\/le-triomphe-16839_L\" class=\"lieu font-size-14 text-gray-700 d-block lh-sm my-1\" target=\"_blank\" rel=\"noopener\"> Le Triomphe &#8211; Saint-\u00c9tienne<\/a>Action et V\u00e9rit\u00e9, un spectacle \u00e0 voir \u00e0 Saint-\u00c9tienne (Le Triomphe ), du 23 octobre 2025 au 26 octobre 2025. Toutes les informations pratiques (tarifs, billetterie, plan de [\u2026]<a class=\"image\" href=\"https:\/\/www.jds.fr\/saint-etienne\/spectacles\/humour\/action-et-verite-988924_A\" target=\"_blank\" rel=\"noopener\"><img decoding=\"async\" loading=\"lazy\" src=\"https:\/\/www.europesays.com\/fr\/wp-content\/uploads\/2025\/08\/1755842798_456_\" width=\"180\" height=\"180\" alt=\"Action et V\u00e9rit\u00e9\"\/><\/a><\/li>\n<li class=\"col-12 pt-4\" data-view-id-type=\"1\" data-view-id=\"1123926\" data-view-bc=\"0\"><a class=\"d-block titre text-black mb-1 mb-md-2\" href=\"https:\/\/www.jds.fr\/saint-etienne\/spectacles\/humour\/gaga-de-saint-etienne-1123926_A\" target=\"_blank\" rel=\"noopener\">Gaga de Saint-Etienne<\/a>Du 26\/10\/2025 au 27\/06\/2026<a href=\"https:\/\/www.jds.fr\/saint-etienne\/salle-de-concert-et-de-spectacle\/le-triomphe-16839_L\" class=\"lieu font-size-14 text-gray-700 d-block lh-sm my-1\" target=\"_blank\" rel=\"noopener\"> Le Triomphe &#8211; Saint-\u00c9tienne<\/a>Gaga de Saint-Etienne, un spectacle \u00e0 voir \u00e0 Saint-\u00c9tienne (Le Triomphe ), du 26 octobre 2025 au 27 juin 2026. Toutes les informations pratiques (tarifs, billetterie, plan de [\u2026]<a class=\"image\" href=\"https:\/\/www.jds.fr\/saint-etienne\/spectacles\/humour\/gaga-de-saint-etienne-1123926_A\" target=\"_blank\" rel=\"noopener\"><img decoding=\"async\" loading=\"lazy\" src=\"https:\/\/www.europesays.com\/fr\/wp-content\/uploads\/2025\/08\/1755842798_508_\" width=\"180\" height=\"180\" alt=\"Gaga de Saint-Etienne\"\/><\/a><\/li>\n<li class=\"col-12 pt-4\" data-view-id-type=\"1\" data-view-id=\"1005133\" data-view-bc=\"0\"><a class=\"d-block titre text-black mb-1 mb-md-2\" href=\"https:\/\/www.jds.fr\/saint-etienne\/spectacles\/humour\/un-ado-peut-en-cacher-un-autre-tournee-1005133_A\" target=\"_blank\" rel=\"noopener\">Un Ado Peut en Cacher Un Autre &#8211; Tourn\u00e9e<\/a>Du 28\/10\/2025 au 30\/10\/2025<a href=\"https:\/\/www.jds.fr\/saint-etienne\/salle-de-concert-et-de-spectacle\/le-triomphe-16839_L\" class=\"lieu font-size-14 text-gray-700 d-block lh-sm my-1\" target=\"_blank\" rel=\"noopener\"> Le Triomphe &#8211; Saint-\u00c9tienne<\/a>Un Ado Peut en Cacher Un Autre &#8211; Tourn\u00e9e, un spectacle \u00e0 voir \u00e0 Saint-\u00c9tienne (Le Triomphe ), du 28 octobre 2025 au 30 octobre 2025. Toutes les informations pratiques (tarifs, [\u2026]<a class=\"image\" href=\"https:\/\/www.jds.fr\/saint-etienne\/spectacles\/humour\/un-ado-peut-en-cacher-un-autre-tournee-1005133_A\" target=\"_blank\" rel=\"noopener\"><img decoding=\"async\" loading=\"lazy\" src=\"https:\/\/www.europesays.com\/fr\/wp-content\/uploads\/2025\/08\/1755842799_611_\" width=\"180\" height=\"180\" alt=\"Un Ado Peut en Cacher Un Autre - Tourn\u00e9e\"\/><\/a><\/li>\n<li class=\"li_gp_div li_gp_div_infeed\"\/>\n<li class=\"col-12 pt-4\" data-view-id-type=\"1\" data-view-id=\"1092063\" data-view-bc=\"0\"><a class=\"d-block titre text-black mb-1 mb-md-2\" href=\"https:\/\/www.jds.fr\/saint-etienne\/spectacles\/humour\/marine-leonardi-mauvaise-graine-tournee-1092063_A\" target=\"_blank\" rel=\"noopener\">Marine Leonardi &#8211; Mauvaise Graine &#8211; Tourn\u00e9e<\/a>Le 06\/11\/2025<a href=\"https:\/\/www.jds.fr\/saint-etienne\/salle-de-concert-et-de-spectacle\/centre-de-congres-16169_L\" class=\"lieu font-size-14 text-gray-700 d-block lh-sm my-1\" target=\"_blank\" rel=\"noopener\"> Centre de Congr\u00e8s &#8211; Saint-\u00c9tienne<\/a>Marine Leonardi &#8211; Mauvaise Graine &#8211; Tourn\u00e9e, un spectacle \u00e0 voir \u00e0 Saint-\u00c9tienne (Centre de Congr\u00e8s ), le 6 novembre 2025. Toutes les informations pratiques (tarifs, [\u2026]<a class=\"image\" href=\"https:\/\/www.jds.fr\/saint-etienne\/spectacles\/humour\/marine-leonardi-mauvaise-graine-tournee-1092063_A\" target=\"_blank\" rel=\"noopener\"><img decoding=\"async\" loading=\"lazy\" src=\"https:\/\/www.europesays.com\/fr\/wp-content\/uploads\/2025\/08\/1755842799_21_\" width=\"180\" height=\"180\" alt=\"Marine Leonardi - Mauvaise Graine - Tourn\u00e9e\"\/><\/a><\/li>\n<\/ul>\n<p class=\"font-size-30 fw-bold lh-1 mt-0 mb-4\">Je trouve les meilleures sorties dans ma ville<\/p>\n<p>Les actualit\u00e9s \u00e0  Saint-\u00c9tienne<\/p>\n<ul class=\"mt-3 list-unstyled list-articles-v2\">\n<li class=\"col-12 pt-4\" data-view-id-type=\"1\" data-view-id=\"1131306\" data-view-bc=\"0\"\/>\n<\/ul>\n<p><a href=\"https:\/\/www.jds.fr\/saint-etienne\/magazine\/\" class=\"btn btn-outline-primary py-2 px-4\" target=\"_blank\" rel=\"noopener\">Voir toutes les actualit\u00e9s \u00e0  Saint-\u00c9tienne<\/a><\/p>\n<p class=\"mt-0 mb-3 h2\">Newsletter JDS Saint-\u00c9tienne<\/p>\n<p class=\"font-size-18 fw-normal lh-sm\">Pr\u00eat pour un week-end de folie\u00a0? Chaque jeudi tous les bons plans sorties<\/p>\n","protected":false},"excerpt":{"rendered":"Le 13\/04\/2024 Le Triomphe | Saint-\u00c9tienne St\u00e9phanie Agrain : dates de la tourn\u00e9e A partir de 24 \u20ac&hellip;\n","protected":false},"author":2,"featured_media":40537,"comment_status":"","ping_status":"","sticky":false,"template":"","format":"standard","meta":{"footnotes":""},"categories":[9653],"tags":[1111,11,2430,1777,674,1011,27,12,25,4001],"class_list":{"0":"post-335537","1":"post","2":"type-post","3":"status-publish","4":"format-standard","5":"has-post-thumbnail","7":"category-saint-etienne","8":"tag-actu","9":"tag-actualites","10":"tag-auvergne-rhone-alpes","11":"tag-eu","12":"tag-europe","13":"tag-fr","14":"tag-france","15":"tag-news","16":"tag-republique-francaise","17":"tag-saint-etienne"},"share_on_mastodon":{"url":"https:\/\/pubeurope.com\/@fr\/115070920008211330","error":""},"_links":{"self":[{"href":"https:\/\/www.europesays.com\/fr\/wp-json\/wp\/v2\/posts\/335537","targetHints":{"allow":["GET"]}}],"collection":[{"href":"https:\/\/www.europesays.com\/fr\/wp-json\/wp\/v2\/posts"}],"about":[{"href":"https:\/\/www.europesays.com\/fr\/wp-json\/wp\/v2\/types\/post"}],"author":[{"embeddable":true,"href":"https:\/\/www.europesays.com\/fr\/wp-json\/wp\/v2\/users\/2"}],"replies":[{"embeddable":true,"href":"https:\/\/www.europesays.com\/fr\/wp-json\/wp\/v2\/comments?post=335537"}],"version-history":[{"count":0,"href":"https:\/\/www.europesays.com\/fr\/wp-json\/wp\/v2\/posts\/335537\/revisions"}],"wp:featuredmedia":[{"embeddable":true,"href":"https:\/\/www.europesays.com\/fr\/wp-json\/wp\/v2\/media\/40537"}],"wp:attachment":[{"href":"https:\/\/www.europesays.com\/fr\/wp-json\/wp\/v2\/media?parent=335537"}],"wp:term":[{"taxonomy":"category","embeddable":true,"href":"https:\/\/www.europesays.com\/fr\/wp-json\/wp\/v2\/categories?post=335537"},{"taxonomy":"post_tag","embeddable":true,"href":"https:\/\/www.europesays.com\/fr\/wp-json\/wp\/v2\/tags?post=335537"}],"curies":[{"name":"wp","href":"https:\/\/api.w.org\/{rel}","templated":true}]}}