{"id":335540,"date":"2025-08-22T06:08:09","date_gmt":"2025-08-22T06:08:09","guid":{"rendered":"https:\/\/www.europesays.com\/fr\/335540\/"},"modified":"2025-08-22T06:08:09","modified_gmt":"2025-08-22T06:08:09","slug":"nancy-trous-dans-les-murs-meubles-vendus-en-rentrant-de-vacances-elle-retrouve-son-appartement-saccage","status":"publish","type":"post","link":"https:\/\/www.europesays.com\/fr\/335540\/","title":{"rendered":"Nancy. Trous dans les murs, meubles vendus&#8230; en rentrant de vacances, elle retrouve son appartement saccag\u00e9"},"content":{"rendered":"<p>            Par<br \/>\n        <strong><br \/>\n            <a href=\"https:\/\/actu.fr\/auteur\/emil-vautrin\" title=\"Consulter tous les articles de Emil Vautrin\" rel=\"nofollow noopener\" target=\"_blank\">Emil Vautrin<\/a><br \/>\n        <\/strong><\/p>\n<p>        Publi\u00e9 le<\/p>\n<p>            22 ao\u00fbt 2025 \u00e0 7h02        <\/p>\n<p>Samedi 16 ao\u00fbt, une habitante de la rue du Maure-qui-Trompe, \u00e0 <strong>Nancy<\/strong>, <strong>rentre de vacances<\/strong> en d\u00e9but d\u2019apr\u00e8s-midi. Voyant que sa porte a <strong>subi une effraction<\/strong>, elle entre dans l\u2019appartement et <strong>d\u00e9couvre des chaussures<\/strong>.<\/p>\n<p class=\" wall-content\">Imm\u00e9diatement, elle appelle la <a href=\"https:\/\/actu.fr\/tag\/police\" rel=\"nofollow noopener\" target=\"_blank\">police<\/a>, qui d\u00e9couvre l\u2019appartement saccag\u00e9 par des squatteurs.<\/p>\n<p>Quatre SDF squattaient le logement<\/p>\n<p class=\" wall-content\">L\u2019appartement \u00e9tait en effet<strong> occup\u00e9 ill\u00e9galement<\/strong> par quatre personnes, \u00e2g\u00e9es de <strong>17 \u00e0 33 ans et sans domicile fixe<\/strong>.<\/p>\n<p class=\" wall-content\">L\u2019un d\u2019eux, en situation irr\u00e9guli\u00e8re, a \u00e9t\u00e9 plac\u00e9 en centre de r\u00e9tention. Les trois autres ont \u00e9t\u00e9 laiss\u00e9s libres et seront pr\u00e9sent\u00e9s plus tard \u00e0 la justice.<\/p>\n<p>De nombreux d\u00e9g\u00e2ts dans l\u2019appartement<\/p>\n<p class=\" wall-content\">Les squatteurs ont caus\u00e9 de <strong>nombreux d\u00e9g\u00e2ts<\/strong> dans l\u2019appartement : \u00ab\u00a0Il y avait des<strong> trous dans les murs, un peu partout sur le parquet<\/strong>. Les murs ont \u00e9galement \u00e9t\u00e9 <strong>tagu\u00e9s<\/strong>\u00ab\u00a0, d\u00e9clare la police, contact\u00e9e par Lorraine Actu.<\/p>\n<p class=\" wall-content\">Mais ce n\u2019est pas tout : l\u2019appartement a aussi \u00e9t\u00e9 presque<strong> int\u00e9gralement vid\u00e9<\/strong> par les squatteurs : \u00ab\u00a0Globalement, tout ce qui pouvait \u00eatre vendu l\u2019a \u00e9t\u00e9\u00a0\u00bb, conclut la police.<\/p>\n<p class=\" wall-content\">Personnalisez votre actualit\u00e9 en ajoutant vos villes et m\u00e9dias en favori avec <a href=\"https:\/\/moncompte.actu.fr\" title=\"D\u00e9couvez Mon Actu\" rel=\"nofollow noopener\" data-trk=\"{&quot;cta&quot;:{&quot;action&quot;:&quot;https:\\\/\\\/moncompte.actu.fr&quot;,&quot;category&quot;:&quot;mon compte&quot;,&quot;from&quot;:&quot;article footer&quot;,&quot;name&quot;:&quot;Mon actu&quot;,&quot;type&quot;:&quot;cta&quot;}}\" target=\"_blank\">Mon Actu<\/a>.<\/p>\n","protected":false},"excerpt":{"rendered":"Par Emil Vautrin Publi\u00e9 le 22 ao\u00fbt 2025 \u00e0 7h02 Samedi 16 ao\u00fbt, une habitante de la rue&hellip;\n","protected":false},"author":2,"featured_media":335541,"comment_status":"","ping_status":"","sticky":false,"template":"","format":"standard","meta":{"footnotes":""},"categories":[9635],"tags":[1111,11,1777,674,118,1011,27,775,303,1702,12,1072,25],"class_list":{"0":"post-335540","1":"post","2":"type-post","3":"status-publish","4":"format-standard","5":"has-post-thumbnail","7":"category-nancy","8":"tag-actu","9":"tag-actualites","10":"tag-eu","11":"tag-europe","12":"tag-faits-divers","13":"tag-fr","14":"tag-france","15":"tag-grand-est","16":"tag-justice","17":"tag-nancy","18":"tag-news","19":"tag-police","20":"tag-republique-francaise"},"share_on_mastodon":{"url":"https:\/\/pubeurope.com\/@fr\/115070927014798193","error":""},"_links":{"self":[{"href":"https:\/\/www.europesays.com\/fr\/wp-json\/wp\/v2\/posts\/335540","targetHints":{"allow":["GET"]}}],"collection":[{"href":"https:\/\/www.europesays.com\/fr\/wp-json\/wp\/v2\/posts"}],"about":[{"href":"https:\/\/www.europesays.com\/fr\/wp-json\/wp\/v2\/types\/post"}],"author":[{"embeddable":true,"href":"https:\/\/www.europesays.com\/fr\/wp-json\/wp\/v2\/users\/2"}],"replies":[{"embeddable":true,"href":"https:\/\/www.europesays.com\/fr\/wp-json\/wp\/v2\/comments?post=335540"}],"version-history":[{"count":0,"href":"https:\/\/www.europesays.com\/fr\/wp-json\/wp\/v2\/posts\/335540\/revisions"}],"wp:featuredmedia":[{"embeddable":true,"href":"https:\/\/www.europesays.com\/fr\/wp-json\/wp\/v2\/media\/335541"}],"wp:attachment":[{"href":"https:\/\/www.europesays.com\/fr\/wp-json\/wp\/v2\/media?parent=335540"}],"wp:term":[{"taxonomy":"category","embeddable":true,"href":"https:\/\/www.europesays.com\/fr\/wp-json\/wp\/v2\/categories?post=335540"},{"taxonomy":"post_tag","embeddable":true,"href":"https:\/\/www.europesays.com\/fr\/wp-json\/wp\/v2\/tags?post=335540"}],"curies":[{"name":"wp","href":"https:\/\/api.w.org\/{rel}","templated":true}]}}