{"id":335543,"date":"2025-08-22T06:12:12","date_gmt":"2025-08-22T06:12:12","guid":{"rendered":"https:\/\/www.europesays.com\/fr\/335543\/"},"modified":"2025-08-22T06:12:12","modified_gmt":"2025-08-22T06:12:12","slug":"1-500-enfants-accueillis-durant-les-vacances-dete","status":"publish","type":"post","link":"https:\/\/www.europesays.com\/fr\/335543\/","title":{"rendered":"1 500 enfants accueillis durant les vacances d\u2019\u00e9t\u00e9"},"content":{"rendered":"\n<p>Ouille\u00a0! \u00c7a sent la rentr\u00e9e. C\u2019est annonc\u00e9\u00a0: les centres a\u00e9r\u00e9s toulonnais fermeront leurs portes ce vendredi. L\u2019occasion pour la maire de Toulon Jos\u00e9e Massi, venue hier apr\u00e8s-midi \u00e0 la rencontre des enfants et des familles \u00e0 Saint-Dominique, de dresser un bilan.<\/p>\n<p>Depuis le 7\u00a0juillet, ce sont en effet 1\u00a0500 enfants \u00e2g\u00e9s de 3 \u00e0 12\u00a0ans qui ont \u00e9t\u00e9 accueillis durant l\u2019\u00e9t\u00e9, encadr\u00e9s par plus de 200\u00a0animateurs et une dizaine de surveillants de baignade. \u00ab\u00a0Les \u00e9quipes sont au top\u00a0!\u00a0\u00bb, souligne pour commencer la premi\u00e8re magistrate qui passe de salle en salle mais aussi sous la pin\u00e8de, pour les saluer et recevoir les confidences imag\u00e9es des minots. Elle confirme ce faisant la volont\u00e9 de la Ville d\u2019\u00e9tendre les structures permanentes comme celle-ci, mais aussi comme le Clos-Olives, Strassel&#8230; Et le petit dernier\u00a0: le bien nomm\u00e9 centre de loisirs de la Mer, sur la 3e\u00a0anse du Mourillon. Il a fait le bonheur tous les jours depuis ce mois de juillet de 48\u00a0enfants \u00ab\u00a0mains dans le sable et pieds dans l\u2019eau\u00a0\u00bb. Une situation exceptionnelle qui en fait un choix tr\u00e8s pris\u00e9 des parents. \u00ab\u00a0On essaie de faire tourner pour que ce ne soit pas toujours les m\u00eames qui en profitent\u00a0\u00bb, rassure Jos\u00e9e Massi.<\/p>\n<p>De toute fa\u00e7on de tr\u00e8s nombreuses activit\u00e9s ont \u00e9t\u00e9 propos\u00e9es aux petits Toulonnais dans les 19\u00a0centres de loisirs de la Ville. De quoi les faire se d\u00e9penser et utiliser leur imagination. Ils en ont tous aujourd\u2019hui les yeux qui brillent.<\/p>\n<p>Un bilan donc des plus satisfaisant. D\u2019autant que la Ville de Toulon n\u2019oublie personne et met un point d\u2019honneur \u00e0 faire de l\u2019inclusion un imp\u00e9ratif. Et ce \u00ab\u00a0dans tous les centres, afin de faire changer les regards et tomber les tabous li\u00e9s au handicap\u00a0\u00bb, a insist\u00e9 la maire de Toulon.<\/p>\n","protected":false},"excerpt":{"rendered":"Ouille\u00a0! \u00c7a sent la rentr\u00e9e. C\u2019est annonc\u00e9\u00a0: les centres a\u00e9r\u00e9s toulonnais fermeront leurs portes ce vendredi. L\u2019occasion pour&hellip;\n","protected":false},"author":2,"featured_media":335544,"comment_status":"","ping_status":"","sticky":false,"template":"","format":"standard","meta":{"footnotes":""},"categories":[9619],"tags":[1111,11,41472,1777,674,1011,27,12,882,25,2310],"class_list":{"0":"post-335543","1":"post","2":"type-post","3":"status-publish","4":"format-standard","5":"has-post-thumbnail","7":"category-toulon","8":"tag-actu","9":"tag-actualites","10":"tag-centre-de-loisirs","11":"tag-eu","12":"tag-europe","13":"tag-fr","14":"tag-france","15":"tag-news","16":"tag-provence-alpes-cote-dazur","17":"tag-republique-francaise","18":"tag-toulon"},"share_on_mastodon":{"url":"https:\/\/pubeurope.com\/@fr\/115070942851967553","error":""},"_links":{"self":[{"href":"https:\/\/www.europesays.com\/fr\/wp-json\/wp\/v2\/posts\/335543","targetHints":{"allow":["GET"]}}],"collection":[{"href":"https:\/\/www.europesays.com\/fr\/wp-json\/wp\/v2\/posts"}],"about":[{"href":"https:\/\/www.europesays.com\/fr\/wp-json\/wp\/v2\/types\/post"}],"author":[{"embeddable":true,"href":"https:\/\/www.europesays.com\/fr\/wp-json\/wp\/v2\/users\/2"}],"replies":[{"embeddable":true,"href":"https:\/\/www.europesays.com\/fr\/wp-json\/wp\/v2\/comments?post=335543"}],"version-history":[{"count":0,"href":"https:\/\/www.europesays.com\/fr\/wp-json\/wp\/v2\/posts\/335543\/revisions"}],"wp:featuredmedia":[{"embeddable":true,"href":"https:\/\/www.europesays.com\/fr\/wp-json\/wp\/v2\/media\/335544"}],"wp:attachment":[{"href":"https:\/\/www.europesays.com\/fr\/wp-json\/wp\/v2\/media?parent=335543"}],"wp:term":[{"taxonomy":"category","embeddable":true,"href":"https:\/\/www.europesays.com\/fr\/wp-json\/wp\/v2\/categories?post=335543"},{"taxonomy":"post_tag","embeddable":true,"href":"https:\/\/www.europesays.com\/fr\/wp-json\/wp\/v2\/tags?post=335543"}],"curies":[{"name":"wp","href":"https:\/\/api.w.org\/{rel}","templated":true}]}}