{"id":335549,"date":"2025-08-22T06:15:11","date_gmt":"2025-08-22T06:15:11","guid":{"rendered":"https:\/\/www.europesays.com\/fr\/335549\/"},"modified":"2025-08-22T06:15:11","modified_gmt":"2025-08-22T06:15:11","slug":"troyes-mhsc-en-ligue-2-ca-se-rend-coup-pour-coup-explique-alexandre-mendy-le-nouveau-buteur-montpellierain","status":"publish","type":"post","link":"https:\/\/www.europesays.com\/fr\/335549\/","title":{"rendered":"Troyes \u2013 MHSC\u00a0: \u00ab\u00a0En Ligue 2, \u00e7a se rend coup pour coup\u00a0\u00bb, explique Alexandre Mendy, le nouveau buteur montpelli\u00e9rain"},"content":{"rendered":"<p>\n                                                                Avant le match \u00e0 Troyes, samedi 23\u00a0ao\u00fbt, \u00e0 14\u00a0h, l\u2019attaquant de Montpellier a \u00e9voqu\u00e9 son r\u00f4le avec une aspiration plus collective qu\u2019individuelle.\n                            <\/p>\n<p class=\"txt-question\">Est-ce que vous pouvez nous expliquer votre arriv\u00e9e \u00e0 Montpellier et qu\u2019est ce qui l\u2019a motiv\u00e9e\u00a0?<\/p>\n<p>J\u2019avais discut\u00e9 avec le coach, il y a un moment d\u00e9j\u00e0, avant la reprise et je pense que c\u2019\u00e9tait un bon projet pour moi d\u2019arriver dans ce club-l\u00e0. Son discours m\u2019a confort\u00e9 dans mon choix. J\u2019avais des options plus exotiques ou plus financi\u00e8res, mais j\u2019ai pr\u00e9f\u00e9r\u00e9 rejoindre ce projet-l\u00e0 et je suis content.<\/p>\n<p>Il m\u2019a expliqu\u00e9 un peu sa philosophie de jeu, j\u2019ai bien aim\u00e9, et aussi le feeling que j\u2019ai eu avec lui, c\u2019est surtout la premi\u00e8re impression qu\u2019il m\u2019a donn\u00e9e, qui m\u2019a plu.<\/p>\n<p class=\"txt-question\">Comment se passe votre adaptation\u00a0?<\/p>\n<p>Elle se passe bien. Au d\u00e9but c\u2019\u00e9tait un peu compliqu\u00e9 avec la chaleur mais il fallait passer par cette \u00e9tape-l\u00e0. Les gars sont cool dans l\u2019\u00e9quipe, il y a des joueurs d\u2019exp\u00e9rience et de tr\u00e8s bons \u00e9l\u00e9ments, c\u2019est assez facile de s\u2019adapter.<\/p>\n<p class=\"txt-question\">Avec Caen, vous n\u2019\u00eates jamais arriv\u00e9 \u00e0 monter en Ligue 1, est-ce quelque chose que vous venez chercher ici\u00a0?<\/p>\n<p>Dans un premier temps, je viens dans le club, dans l\u2019\u00e9quipe, pour essayer d\u2019apporter tout ce que j\u2019ai pu vivre dans ce championnat-l\u00e0. Apr\u00e8s, parler de mont\u00e9e aujourd\u2019hui\u2026 On verra l\u00e0 o\u00f9 on se situe \u00e0 deux ou trois mois de la fin.<\/p>\n<p class=\"txt-question\">Comment vous servez-vous de votre exp\u00e9rience en Ligue 2 au quotidien vis-\u00e0-vis du groupe\u00a0?<\/p>\n<p>J\u2019essaye juste d\u2019aider les gars \u00e0 appr\u00e9hender les matches. On est plusieurs dans ce cas-l\u00e0, il y a Julien Laporte aussi, qui a l\u2019exp\u00e9rience de la Ligue 2. C\u2019est un tout autre championnat que la Ligue 1 dans l\u2019impact et dans l\u2019intensit\u00e9. Il y a moins de temps et c\u2019est beaucoup de duels. \u00c7a attaque beaucoup en fait, il n\u2019y a pas trop de pauses dans les matches, \u00e7a se rend coup pour coup et c\u2019est \u00e7a le plus compliqu\u00e9.<\/p>\n<p class=\"txt-question\">Vous \u00eates le meilleur buteur en activit\u00e9 en Ligue 2, le saviez-vous\u00a0?<\/p>\n<p>J\u2019en ai entendu parler \u00e0 deux ou trois jours de la reprise, mais ce n\u2019est pas des trucs que je regarde forc\u00e9ment. Apr\u00e8s, il faut bosser tous les jours et les 72 buts c\u2019est d\u00e9j\u00e0 du pass\u00e9. Il faut que je me concentre sur le futur et sur les buts que je peux encore mettre.<\/p>\n<p>\u00ab\u00a0Je me concentre plus \u00e0 \u00eatre bon dans le jeu\u00a0\u00bb<\/p>\n<p class=\"txt-question\">Vous n\u2019avez pas marqu\u00e9 depuis d\u00e9but janvier, est-ce que cela vous p\u00e8se\u00a0?<\/p>\n<p>\u00c7a me manque. C\u2019est toujours mieux de marquer des buts. Apr\u00e8s, je me concentre plus \u00e0 \u00eatre bon dans le jeu, utile pour mon \u00e9quipe et les buts viendront par la suite.<\/p>\n<p>Le fait d\u2019aider l\u2019\u00e9quipe, surtout dans mon registre, aider l\u2019\u00e9quipe \u00e0 ressortir, \u00e0 garder des ballons plus haut, \u00e7a me donne plus d\u2019opportunit\u00e9s pour avoir des situations et marquer des buts.<\/p>\n<p class=\"txt-question\">Qu\u2019est-ce que le coach vous demande dans le jeu\u00a0?<\/p>\n<p>Il me demande de rester plus dans l\u2019axe pour fixer les d\u00e9fenses. Mais sinon, dans mon jeu dos au but, \u00e7a reste la m\u00eame chose.<\/p>\n<p class=\"txt-question\">Est-ce que la victoire au\u00a0Mans a fait du bien au groupe\u00a0?<\/p>\n<p>Oui, \u00e7a a fait du bien surtout avec le sc\u00e9nario du match o\u00f9 on marque comme \u00e7a, sur une fin de match et sur l\u2019une des derni\u00e8res actions. \u00c7a a cr\u00e9\u00e9 des \u00e9motions et tout le monde avait le sourire.<\/p>\n<p class=\"txt-question\">D\u00e9taillez-nous votre action qui am\u00e8ne au but vainqueur<\/p>\n<p>C\u2019est mon r\u00f4le d\u2019y croire jusqu\u2019au bout. Quand on est attaquant, on doit jouer les situations jusqu\u2019au bout. J\u2019y crois et surtout Junior (Ndiaye, NDLR) aussi de l\u2019autre c\u00f4t\u00e9 qui part de loin, y croit aussi. Il a confiance en moi et se dit que je peux peut-\u00eatre faire la diff\u00e9rence pour le servir et c\u2019est ce qui s\u2019est pass\u00e9.<\/p>\n","protected":false},"excerpt":{"rendered":"Avant le match \u00e0 Troyes, samedi 23\u00a0ao\u00fbt, \u00e0 14\u00a0h, l\u2019attaquant de Montpellier a \u00e9voqu\u00e9 son r\u00f4le avec une&hellip;\n","protected":false},"author":2,"featured_media":335550,"comment_status":"","ping_status":"","sticky":false,"template":"","format":"standard","meta":{"footnotes":""},"categories":[9599],"tags":[1111,11,1777,674,1011,27,2208,12,2680,25],"class_list":{"0":"post-335549","1":"post","2":"type-post","3":"status-publish","4":"format-standard","5":"has-post-thumbnail","7":"category-montpellier","8":"tag-actu","9":"tag-actualites","10":"tag-eu","11":"tag-europe","12":"tag-fr","13":"tag-france","14":"tag-montpellier","15":"tag-news","16":"tag-occitanie","17":"tag-republique-francaise"},"share_on_mastodon":{"url":"https:\/\/pubeurope.com\/@fr\/115070954553472073","error":""},"_links":{"self":[{"href":"https:\/\/www.europesays.com\/fr\/wp-json\/wp\/v2\/posts\/335549","targetHints":{"allow":["GET"]}}],"collection":[{"href":"https:\/\/www.europesays.com\/fr\/wp-json\/wp\/v2\/posts"}],"about":[{"href":"https:\/\/www.europesays.com\/fr\/wp-json\/wp\/v2\/types\/post"}],"author":[{"embeddable":true,"href":"https:\/\/www.europesays.com\/fr\/wp-json\/wp\/v2\/users\/2"}],"replies":[{"embeddable":true,"href":"https:\/\/www.europesays.com\/fr\/wp-json\/wp\/v2\/comments?post=335549"}],"version-history":[{"count":0,"href":"https:\/\/www.europesays.com\/fr\/wp-json\/wp\/v2\/posts\/335549\/revisions"}],"wp:featuredmedia":[{"embeddable":true,"href":"https:\/\/www.europesays.com\/fr\/wp-json\/wp\/v2\/media\/335550"}],"wp:attachment":[{"href":"https:\/\/www.europesays.com\/fr\/wp-json\/wp\/v2\/media?parent=335549"}],"wp:term":[{"taxonomy":"category","embeddable":true,"href":"https:\/\/www.europesays.com\/fr\/wp-json\/wp\/v2\/categories?post=335549"},{"taxonomy":"post_tag","embeddable":true,"href":"https:\/\/www.europesays.com\/fr\/wp-json\/wp\/v2\/tags?post=335549"}],"curies":[{"name":"wp","href":"https:\/\/api.w.org\/{rel}","templated":true}]}}