{"id":335557,"date":"2025-08-22T06:23:10","date_gmt":"2025-08-22T06:23:10","guid":{"rendered":"https:\/\/www.europesays.com\/fr\/335557\/"},"modified":"2025-08-22T06:23:10","modified_gmt":"2025-08-22T06:23:10","slug":"rennes-serait-proche-dun-accord-avec-le-sporting-pour-lattaquant-conrad-harder","status":"publish","type":"post","link":"https:\/\/www.europesays.com\/fr\/335557\/","title":{"rendered":"Rennes serait proche d&rsquo;un accord avec le Sporting pour l&rsquo;attaquant Conrad Harder"},"content":{"rendered":"<p>D&rsquo;apr\u00e8s Ouest-France, Rennes aurait trouv\u00e9 un accord avec Conrad Harder, l&rsquo;attaquant danois (20 ans) du Sporting CP. Le club portugais pourrait c\u00e9der son joueur pour 20 millions d&rsquo;euros.<\/p>\n<p>Rennes semble avoir trouv\u00e9 le rempla\u00e7ant d&rsquo;<a href=\"https:\/\/rmcsport.bfmtv.com\/football\/transferts\/mercato-accord-de-principe-rennes-nottingham-pour-kalimuendo-un-beau-cheque-attendu_AV-202508140307.html\" title=\"Mercato: n\u00e9gociations avanc\u00e9es Rennes-Nottingham pour Kalimuendo, un beau ch\u00e8que attendu\" class=\"internal_link\" rel=\"nofollow noopener\" target=\"_blank\">Arnaud Kalimuendo<\/a>. Selon <a href=\"https:\/\/www.ouest-france.fr\/sport\/football\/stade-rennais\/mercato-stade-rennais-ca-pousse-pour-conrad-harder-esteban-lepaul-en-salle-dattente-b5fb7a9a-7e82-11f0-9fd5-0266873c7a0d\" target=\"_blank\" class=\"external_link\" rel=\"nofollow noopener\">Ouest-France<\/a>, le club breton est proche d&rsquo;un accord avec le Sporting CP pour le transfert de l&rsquo;attaquant danois Conrad Harder. Les n\u00e9gociations tourneraient autour de 20 millions d&rsquo;euros.<\/p>\n<p>La doublure de Gy\u00f6kores au Sporting<\/p>\n<p>Le joueur de 20 ans aurait lui d\u00e9j\u00e0 donn\u00e9 son accord \u00e0 Rennes. Depuis plusieurs jours, la direction travaille aussi sur le dossier <a href=\"https:\/\/rmcsport.bfmtv.com\/football\/transferts\/video-bade-maupay-lepaul-les-5-infos-mercato-du-mardi-19-aout-a-12h_VN-202508190280.html\" title=\"Bad\u00e9, Maupay, Lepaul... Les 5 infos mercato du mardi 19 ao\u00fbt \u00e0 12h\" class=\"internal_link\" rel=\"nofollow noopener\" target=\"_blank\">Esteban Lepaul<\/a>, l&rsquo;attaquant d&rsquo;Angers. Toutefois, ce sera l&rsquo;un ou l&rsquo;autre et Angers serait un peu trop gourmand pour son joueur selon les Rennais, qui ne voudraient pas d\u00e9passer les 15 millions d&rsquo;euros pour le Fran\u00e7ais.<\/p>\n<p>Recrut\u00e9 par le Sporting en provenance de Nordsjaelland contre 19 millions d&rsquo;euros l&rsquo;\u00e9t\u00e9 dernier, Conrad Harder a disput\u00e9 54 matchs toutes comp\u00e9titions confondues la saison derni\u00e8re &#8211; en comptant les sept matchs avec le club danois &#8211; pour 13 buts et dix passes d\u00e9cisives. Il \u00e9tait la doublure de <a href=\"https:\/\/rmcsport.bfmtv.com\/football\/premier-league\/il-a-eu-du-mal-aucun-tir-la-premiere-tres-contrastee-de-gyokeres-avec-arsenal-en-premier-league_AV-202508180278.html\" title=\"&quot;Il a eu du mal&quot;, aucun tir\u2026 La premi\u00e8re tr\u00e8s contrast\u00e9e de Gy\u00f6keres avec Arsenal en Premier League\" class=\"internal_link\" rel=\"nofollow noopener\" target=\"_blank\">Viktor Gy\u00f6keres<\/a>, parti cet \u00e9t\u00e9 \u00e0 Arsenal. Luis Suarez, l&rsquo;ancien de l&rsquo;OM, semble toutefois parti pour occuper le poste cette saison.<\/p>\n<p>Ces derniers jours, Arnaud Kalimuendo s&rsquo;est lui engag\u00e9 en Premier League, avec Nottingham Forest, contre 30 millions d&rsquo;euros. L&rsquo;attaquant s\u2019\u00e9tait impos\u00e9 comme une valeur s\u00fbre du championnat de France. La saison derni\u00e8re, il avait inscrit 17 buts en 33 matchs de Ligue Il \u00e9tait tout simplement le troisi\u00e8me meilleur buteur de l&rsquo;\u00e9lite, derri\u00e8re Ousmane Demb\u00e9l\u00e9 et Mason Greenwood, 21 buts chacun.<\/p>\n","protected":false},"excerpt":{"rendered":"D&rsquo;apr\u00e8s Ouest-France, Rennes aurait trouv\u00e9 un accord avec Conrad Harder, l&rsquo;attaquant danois (20 ans) du Sporting CP. Le&hellip;\n","protected":false},"author":2,"featured_media":335558,"comment_status":"","ping_status":"","sticky":false,"template":"","format":"standard","meta":{"footnotes":""},"categories":[2821],"tags":[1111,11,829,1777,674,1011,27,12,584,25],"class_list":{"0":"post-335557","1":"post","2":"type-post","3":"status-publish","4":"format-standard","5":"has-post-thumbnail","7":"category-rennes","8":"tag-actu","9":"tag-actualites","10":"tag-bretagne","11":"tag-eu","12":"tag-europe","13":"tag-fr","14":"tag-france","15":"tag-news","16":"tag-rennes","17":"tag-republique-francaise"},"share_on_mastodon":{"url":"https:\/\/pubeurope.com\/@fr\/115070986094202101","error":""},"_links":{"self":[{"href":"https:\/\/www.europesays.com\/fr\/wp-json\/wp\/v2\/posts\/335557","targetHints":{"allow":["GET"]}}],"collection":[{"href":"https:\/\/www.europesays.com\/fr\/wp-json\/wp\/v2\/posts"}],"about":[{"href":"https:\/\/www.europesays.com\/fr\/wp-json\/wp\/v2\/types\/post"}],"author":[{"embeddable":true,"href":"https:\/\/www.europesays.com\/fr\/wp-json\/wp\/v2\/users\/2"}],"replies":[{"embeddable":true,"href":"https:\/\/www.europesays.com\/fr\/wp-json\/wp\/v2\/comments?post=335557"}],"version-history":[{"count":0,"href":"https:\/\/www.europesays.com\/fr\/wp-json\/wp\/v2\/posts\/335557\/revisions"}],"wp:featuredmedia":[{"embeddable":true,"href":"https:\/\/www.europesays.com\/fr\/wp-json\/wp\/v2\/media\/335558"}],"wp:attachment":[{"href":"https:\/\/www.europesays.com\/fr\/wp-json\/wp\/v2\/media?parent=335557"}],"wp:term":[{"taxonomy":"category","embeddable":true,"href":"https:\/\/www.europesays.com\/fr\/wp-json\/wp\/v2\/categories?post=335557"},{"taxonomy":"post_tag","embeddable":true,"href":"https:\/\/www.europesays.com\/fr\/wp-json\/wp\/v2\/tags?post=335557"}],"curies":[{"name":"wp","href":"https:\/\/api.w.org\/{rel}","templated":true}]}}