{"id":335559,"date":"2025-08-22T06:24:14","date_gmt":"2025-08-22T06:24:14","guid":{"rendered":"https:\/\/www.europesays.com\/fr\/335559\/"},"modified":"2025-08-22T06:24:14","modified_gmt":"2025-08-22T06:24:14","slug":"ils-racontent-la-fin-de-la-cite-des-brasseurs-4-4","status":"publish","type":"post","link":"https:\/\/www.europesays.com\/fr\/335559\/","title":{"rendered":"Ils racontent la fin de la Cit\u00e9 des brasseurs (4\/4)"},"content":{"rendered":"<p>\u00ab\u00a0Je suis \u00e9lectricien de m\u00e9tier. J\u2019ai travaill\u00e9 42 ans chez le m\u00eame employeur \u00e0 Schiltigheim et j\u2019ai pass\u00e9 plus de 25 ans dans les diff\u00e9rentes brasseries pour les travaux neufs et l\u2019entretien. <a href=\"https:\/\/www.dna.fr\/economie\/2025\/08\/17\/kronenbourg-l-histoire-d-une-dynastie-datant-de-1664-qui-a-fonde-un-monument-de-la-biere\" target=\"_blank\" rel=\"noopener\">La brasserie Kronenbourg<\/a> d\u2019abord, pendant plus de 20 ans, puis <a href=\"https:\/\/www.dna.fr\/economie\/2025\/08\/01\/quand-j-ai-quitte-fischer-j-ai-lache-une-larme-ils-racontent-la-fin-de-la-cite-des-brasseurs-(1-4)\" target=\"_blank\" rel=\"noopener\">Fischer<\/a> et Heineken.<\/p>\n<p>Du cor d\u2019harmonie au baryton<\/p>\n<p>En 1969, j\u2019ai appris \u00e0 jouer de la musique \u00e0 l\u2019harmonie Sainte-C\u00e9cile \u00e0 Schiltigheim. Au d\u00e9part, je voulais faire la trompette. Un ami m\u2019a dit\u00a0: \u201cOn a assez de trompettes. Toi, tu vas faire du cor d\u2019harmonie.\u201d Alors j\u2019ai re\u00e7u mon cor d\u2019harmonie. J\u2019avais 11 ans et j\u2019\u00e9tais content, je pouvais enfin faire de la musique avec l\u2019orchestre.<\/p>\n<p>Un copain de classe, Guy Fischer, m\u2019a ensuite emmen\u00e9 au groupe folklorique de Truchtersheim. C\u2019\u00e9tait en 1981. Un copain du groupe m\u2019a vendu son baryton. J\u2019ai appris \u00e0 en jouer l\u2019ann\u00e9e d\u2019apr\u00e8s. Pour un gars qui joue de la musique, c\u2019est facile d\u2019aller d\u2019un instrument \u00e0 un autre. \u00c7a me plaisait&#8230;<\/p>\n","protected":false},"excerpt":{"rendered":"\u00ab\u00a0Je suis \u00e9lectricien de m\u00e9tier. J\u2019ai travaill\u00e9 42 ans chez le m\u00eame employeur \u00e0 Schiltigheim et j\u2019ai pass\u00e9&hellip;\n","protected":false},"author":2,"featured_media":335560,"comment_status":"","ping_status":"","sticky":false,"template":"","format":"standard","meta":{"footnotes":""},"categories":[2820],"tags":[1111,11,1687,33,2880,1777,674,107,1011,27,775,693,873,12,25,5512,640,3265],"class_list":{"0":"post-335559","1":"post","2":"type-post","3":"status-publish","4":"format-standard","5":"has-post-thumbnail","7":"category-strasbourg","8":"tag-actu","9":"tag-actualites","10":"tag-culture-loisirs","11":"tag-economie","12":"tag-edition-strasbourg","13":"tag-eu","14":"tag-europe","15":"tag-fil-info","16":"tag-fr","17":"tag-france","18":"tag-grand-est","19":"tag-industrie","20":"tag-musique","21":"tag-news","22":"tag-republique-francaise","23":"tag-schiltigheim","24":"tag-strasbourg","25":"tag-strasbourg-nord"},"share_on_mastodon":{"url":"https:\/\/pubeurope.com\/@fr\/115070989970382246","error":""},"_links":{"self":[{"href":"https:\/\/www.europesays.com\/fr\/wp-json\/wp\/v2\/posts\/335559","targetHints":{"allow":["GET"]}}],"collection":[{"href":"https:\/\/www.europesays.com\/fr\/wp-json\/wp\/v2\/posts"}],"about":[{"href":"https:\/\/www.europesays.com\/fr\/wp-json\/wp\/v2\/types\/post"}],"author":[{"embeddable":true,"href":"https:\/\/www.europesays.com\/fr\/wp-json\/wp\/v2\/users\/2"}],"replies":[{"embeddable":true,"href":"https:\/\/www.europesays.com\/fr\/wp-json\/wp\/v2\/comments?post=335559"}],"version-history":[{"count":0,"href":"https:\/\/www.europesays.com\/fr\/wp-json\/wp\/v2\/posts\/335559\/revisions"}],"wp:featuredmedia":[{"embeddable":true,"href":"https:\/\/www.europesays.com\/fr\/wp-json\/wp\/v2\/media\/335560"}],"wp:attachment":[{"href":"https:\/\/www.europesays.com\/fr\/wp-json\/wp\/v2\/media?parent=335559"}],"wp:term":[{"taxonomy":"category","embeddable":true,"href":"https:\/\/www.europesays.com\/fr\/wp-json\/wp\/v2\/categories?post=335559"},{"taxonomy":"post_tag","embeddable":true,"href":"https:\/\/www.europesays.com\/fr\/wp-json\/wp\/v2\/tags?post=335559"}],"curies":[{"name":"wp","href":"https:\/\/api.w.org\/{rel}","templated":true}]}}