{"id":335561,"date":"2025-08-22T06:25:10","date_gmt":"2025-08-22T06:25:10","guid":{"rendered":"https:\/\/www.europesays.com\/fr\/335561\/"},"modified":"2025-08-22T06:25:10","modified_gmt":"2025-08-22T06:25:10","slug":"europa-cup-de-strasbourg-le-mhb-en-mode-competition-a-huit-jours-du-trophee-des-champions","status":"publish","type":"post","link":"https:\/\/www.europesays.com\/fr\/335561\/","title":{"rendered":"Europ\u2019A Cup de Strasbourg\u00a0: le MHB en mode \u00ab\u00a0comp\u00e9tition\u00a0\u00bb \u00e0 huit jours du Troph\u00e9e des champions"},"content":{"rendered":"<p>\n                                                                Un mois apr\u00e8s la reprise de l\u2019entra\u00eenement, les handballeurs montpelli\u00e9rains vont se jauger face \u00e0 Gyor, Nantes ou Zagreb.\n                            <\/p>\n<p>Un mois apr\u00e8s la reprise de l\u2019entra\u00eenement et \u00e0 huit jours de l\u2019ouverture officielle de la saison lors du Troph\u00e9e des champions face au Paris Saint-Germain, le Montpellier Handball entre dans le vif du sujet, tout le week-end \u00e0 Strasbourg, \u00e0 l\u2019occasion de l\u2019Europ\u2019A Cup.<\/p>\n<p>Outre Gyor (1er div hongroise) que les H\u00e9raultais d\u00e9fieront ce vendredi \u00e0 21\u00a0h, ils pourraient\u00a0retrouver Nantes, dimanche, si le \u00ab\u00a0H\u00a0\u00bb fait le boulot face \u00e0 Zagreb, samedi. Et cette fois, plus question de faire tourner l\u2019effectif outre mesure.<\/p>\n<p>\u00ab\u00a0Je ne vais pas manager au chrono\u00a0\u00bb<\/p>\n<p>\u00ab\u00a0Je ne vais pas manager au chrono, promet le coach Erick Math\u00e9. On entre en mode comp\u00e9tition.\u00a0\u00bb Hormis Lucas Pellas, toujours en convalescence apr\u00e8s sa rupture du tendon d\u2019Achille, tout l\u2019effectif a fait le d\u00e9placement ce jeudi 21\u00a0ao\u00fbt, le jeune Baptiste Dubois rempla\u00e7ant poste pour poste l\u2019ailier\u00a0su\u00e9dois.<\/p>\n<p>\u00ab\u00a0Tout le monde est en forme\u00a0\u00bb, ajoute\u00a0le technicien qui consent toutefois une petite alerte au sujet de\u00a0Benjamin Richert. \u00ab\u00a0Il a souffert des ischios cette semaine mais il est avec nous \u00e0 Strasbourg.\u00a0\u00bb<\/p>\n<p>Villeminot en avance<\/p>\n<p>M\u00eame s\u2019il avoue ne pas avoir encore son \u00ab\u00a07\u00a0majeur\u00a0\u00bb en t\u00eate, Erick Math\u00e9 devrait en d\u00e9voiler les\u00a0contours \u00e0 l\u2019occasion de ce\u00a0tournoi estival. D\u00e9j\u00e0 tr\u00e8s en vue lors des premi\u00e8res rencontres de pr\u00e9paration (face \u00e0 Saint-Rapha\u00ebl et Limoges), les sept recrues semblent s\u2019int\u00e9grer plus vite encore que les relances de R\u00e9mi Desbonnet traversent le terrain.<\/p>\n<p>Kyllian Villeminot est, lui aussi, sur le tr\u00e8s bon chemin. Apr\u00e8s une ann\u00e9e sans jouer ou presque, le demi-centre international fran\u00e7ais est en avance sur ses temps de passage. \u00ab\u00a0Physiquement, il est de mieux en mieux. Et \u00e0 la musculation, il est au-dessus des performances d\u2019avant la blessure\u00a0\u00bb, se f\u00e9licite l\u2019entra\u00eeneur du MHB qui r\u00eave d\u2019une saison enfin pleine pour son meneur.<\/p>\n<p>A Strasbourg, tout (re) commence\u00a0!<\/p>\n<p><strong>Le groupe\u00a0:<\/strong> Bolzinger, Desbonnet. Balaguer, Richert, Dubois, Plantin, Moraes, Lenne, Caille, Casado, Simonet, Villeminot, Porte, Thurin, Guigon, Monte, Srna, Prat.<\/p>\n<p><strong>Programme\u00a0: <\/strong>vendredi\u00a022 \u00e0 21\u00a0h, Montpellier \u2013 Gyor\u00a0; dimanche\u00a024 \u00e0 19\u00a0h\u00a030\u00a0: Montpellier \u2013 Nantes ou Zagreb.<\/p>\n","protected":false},"excerpt":{"rendered":"Un mois apr\u00e8s la reprise de l\u2019entra\u00eenement, les handballeurs montpelli\u00e9rains vont se jauger face \u00e0 Gyor, Nantes ou&hellip;\n","protected":false},"author":2,"featured_media":335562,"comment_status":"","ping_status":"","sticky":false,"template":"","format":"standard","meta":{"footnotes":""},"categories":[2820],"tags":[1111,11,1777,674,1011,27,775,12,25,640],"class_list":{"0":"post-335561","1":"post","2":"type-post","3":"status-publish","4":"format-standard","5":"has-post-thumbnail","7":"category-strasbourg","8":"tag-actu","9":"tag-actualites","10":"tag-eu","11":"tag-europe","12":"tag-fr","13":"tag-france","14":"tag-grand-est","15":"tag-news","16":"tag-republique-francaise","17":"tag-strasbourg"},"share_on_mastodon":{"url":"https:\/\/pubeurope.com\/@fr\/115070993909867849","error":""},"_links":{"self":[{"href":"https:\/\/www.europesays.com\/fr\/wp-json\/wp\/v2\/posts\/335561","targetHints":{"allow":["GET"]}}],"collection":[{"href":"https:\/\/www.europesays.com\/fr\/wp-json\/wp\/v2\/posts"}],"about":[{"href":"https:\/\/www.europesays.com\/fr\/wp-json\/wp\/v2\/types\/post"}],"author":[{"embeddable":true,"href":"https:\/\/www.europesays.com\/fr\/wp-json\/wp\/v2\/users\/2"}],"replies":[{"embeddable":true,"href":"https:\/\/www.europesays.com\/fr\/wp-json\/wp\/v2\/comments?post=335561"}],"version-history":[{"count":0,"href":"https:\/\/www.europesays.com\/fr\/wp-json\/wp\/v2\/posts\/335561\/revisions"}],"wp:featuredmedia":[{"embeddable":true,"href":"https:\/\/www.europesays.com\/fr\/wp-json\/wp\/v2\/media\/335562"}],"wp:attachment":[{"href":"https:\/\/www.europesays.com\/fr\/wp-json\/wp\/v2\/media?parent=335561"}],"wp:term":[{"taxonomy":"category","embeddable":true,"href":"https:\/\/www.europesays.com\/fr\/wp-json\/wp\/v2\/categories?post=335561"},{"taxonomy":"post_tag","embeddable":true,"href":"https:\/\/www.europesays.com\/fr\/wp-json\/wp\/v2\/tags?post=335561"}],"curies":[{"name":"wp","href":"https:\/\/api.w.org\/{rel}","templated":true}]}}