{"id":335563,"date":"2025-08-22T06:26:12","date_gmt":"2025-08-22T06:26:12","guid":{"rendered":"https:\/\/www.europesays.com\/fr\/335563\/"},"modified":"2025-08-22T06:26:12","modified_gmt":"2025-08-22T06:26:12","slug":"evenement-de-la-rentree-litteraire-sorj-chalandon-presente-son-livre-de-kells-a-draguignan-et-cagnes-sur-mer","status":"publish","type":"post","link":"https:\/\/www.europesays.com\/fr\/335563\/","title":{"rendered":"Ev\u00e9nement de la rentr\u00e9e litt\u00e9raire, Sorj Chalandon pr\u00e9sente son \u00ab\u00a0Livre de Kells\u00a0\u00bb \u00e0 Draguignan et Cagnes-sur-Mer"},"content":{"rendered":"<p>C\u2019est l\u2019un des titres les plus attendus de cette rentr\u00e9e litt\u00e9raire: apr\u00e8s L\u2019Enrag\u00e9 en 2023, l\u2019ancien grand reporter devenu \u00e9crivain multi-r\u00e9compens\u00e9 Sorj Chalandon publie chez Grasset Le Livre de Kells. Un r\u00e9cit que l\u2019on d\u00e9vore d\u2019une traite, en proie \u00e0 une constante \u00e9motion. Tant il est impossible de rester insensible \u00e0 la terrifiante exp\u00e9rience de la rue v\u00e9cue dans les ann\u00e9es soixante-dix par Kells, \u00ab\u00a0gamin enfui de Lyon \u00e0 dix-sept ans pour ne pas \u00eatre d\u00e9vor\u00e9\u00a0\u00bb, dixit l\u2019auteur, \u00ab\u00a0par son Minotaure de p\u00e8re, raciste et antis\u00e9mite\u00a0\u00bb.<\/p>\n<p>En finir avec le p\u00e8re-Minotaure<\/p>\n<p>Un p\u00e8re d\u00e9j\u00e0 \u00e9voqu\u00e9 en 2021 dans Enfant de salaud, mais avec lequel l\u2019auteur du Quatri\u00e8me mur n\u2019en avait manifestement pas termin\u00e9: \u00ab\u00a0J\u2019ai \u00e9crit maintenant Le Livre de Kells [le nom que s\u2019approprie le h\u00e9ros de ce r\u00e9cit en r\u00e9f\u00e9rence \u00e0 un Evang\u00e9liaire irlandais (livre liturgique) du IXe si\u00e8cle, une merveille celtique, ndlr] parce que j\u2019ai \u00e9crit L\u2019Enrag\u00e9\u00a0\u00bb, rembobine l\u2019auteur au t\u00e9l\u00e9phone. \u00ab\u00a0Il me fallait d\u2019abord acurer toute l\u2019histoire de mon p\u00e8re. De \u2018\u2018l\u2019Autre\u2019\u2019. <\/p>\n<p>Il fallait que je le nomme, que je le montre dans toute sa brutalit\u00e9. Passer par l\u2019enfant martyr avant de raconter l\u2019enfant qui essaie de se lib\u00e9rer. Tous les livres que j\u2019ai \u00e9crits jusqu\u2019\u00e0 pr\u00e9sent, \u00e0 part peut-\u00eatre Une promesse, mon deuxi\u00e8me roman, ont \u00e9t\u00e9 \u00e9crits par un enfant battu. Pas pour me plaindre, ni pour gu\u00e9rir, encore moins pour me venger. Juste pour toucher celles et ceux qui ressentiront une r\u00e9sonance dans mes \u00e9crits avec leur chemin de vie.\u00a0\u00bb<\/p>\n<p>Et d\u2019\u00e9voquer son g\u00e9niteur qui l\u2019obligeait \u00e0 faire sa valise en pleine nuit, en pr\u00e9tendant l\u2019emmener au Centre d\u2019\u00e9ducation surveill\u00e9e de Belle-\u00cele-en-Mer, une colonie p\u00e9nitentiaire pour mineurs ferm\u00e9e en 1977. En lui ass\u00e9nant que, l\u00e0-bas: \u00ab\u00a0On ne revoyait jamais les gens qui avait sa gueule.\u00a0\u00bb Un traumatisme qui lui a inspir\u00e9 son pr\u00e9c\u00e9dent ouvrage, l\u2019Enrag\u00e9. <\/p>\n<p>Volubile, il ajoute: \u00ab\u00a0Apr\u00e8s cela je me suis dit: ce d\u00e9sarroi de claquer la porte de chez soi, de se retrouver absolument seul, les mois de rue, tu ne l\u2019as jamais \u00e9crit. Je n\u2019avais jamais os\u00e9 le faire parce que j\u2019en avais honte encore, tout comme du fait d\u2019avoir pris de la drogue, d\u2019avoir eu froid, d\u2019avoir eu faim, d\u2019avoir eu peur. Je n\u2019avais jamais non plus os\u00e9 \u00e9crire que j\u2019avais \u00e9t\u00e9 dans un groupe violent [le mouvement mao\u00efste La Gauche Prol\u00e9tarienne, ndlr], car la violence, je n\u2019arrivais pas \u00e0 la regarder en face. A expliquer comment on y rentrait et comment on en sortait.\u00a0\u00bb<\/p>\n<p>\u00ab\u00a0Je n\u2019\u00e9tais plus un homme, mais une d\u00e9faite\u00a0\u00bb<\/p>\n<p>De caves d\u2019immeubles en paillassons des derniers \u00e9tages, l\u2019enfant fragile qu\u2019il \u00e9tait, devient, selon sa propre expression: \u00ab\u00a0chien des rues\u00a0\u00bb. Avec pour seul tr\u00e9sor un \u00ab\u00a0Corneille\u00a0\u00bb, un billet de 100 francs pli\u00e9s en quatre, soustrait par sa m\u00e8re \u00e0 l\u2019attention de l\u2019Autre, des r\u00eaves de Katmandou et d\u2019Ibiza plein la t\u00eate, et un sac empli de menus objets et souvenirs.<\/p>\n<p>Comme la carte postale envoy\u00e9e d\u2019Irlande par son ami Jacques, sur laquelle figure Le livre de Kells. Kells, qui deviendra son nom de bataille. Un nom d\u2019emprunt, comme s\u2019en inventent tous ceux de la rue. Et un trousseau de cl\u00e9, des \u00ab\u00a0cl\u00e9s de nulle part\u00a0\u00bb, pour donner le change, \u00e9viter de se faire arr\u00eater, lui qui n\u2019a jamais \u00e9t\u00e9 autoris\u00e9 \u00e0 en poss\u00e9der chez ses parents.<\/p>\n<p>Pr\u00eat \u00e0 suivre n\u2019importe qui<\/p>\n<p>Mais apr\u00e8s avoir d\u00fb se r\u00e9soudre \u00e0 quitter la Camargue pour Paris, Kells va de d\u00e9sillusion en d\u00e9sillusion, de faux amis en compagnons d\u2019infortune toujours prompts \u00e0 le d\u00e9pouiller, en passant par des gendarmes qui le ran\u00e7onnent et un patron qui lui vole son maigre salaire. Jusqu\u2019\u00e0 faire ce constat terrible et amer: \u00ab\u00a0Je n\u2019\u00e9tais plus un homme, mais une d\u00e9faite.\u00a0\u00bb Lui qui aurait tant voulu conna\u00eetre la main d\u2019un p\u00e8re dans la sienne, et non uniquement les poings. Ou cette autre douceur: \u00ab\u00a0L\u2019odeur d\u2019une m\u00e8re aurait suffi \u00e0 me rassurer. Je n\u2019ai pas connu l\u2019odeur du bonheur.\u00a0\u00bb<\/p>\n<p>Ce jeune homme \u00e0 vif et \u00e0 bout b\u00e9n\u00e9ficiera cependant d\u2019une chance inou\u00efe: celle de tomber sur \u00ab\u00a0les Maos\u00a0\u00bb: \u00ab\u00a0A ce moment-l\u00e0, j\u2019\u00e9tais pr\u00eat \u00e0 suivre n\u2019importe qui. J\u2019aurais pu tomber sur des Scientologues \u00e0 l\u2019apparence rassurante, propres sur eux, qui m\u2019auraient affirm\u00e9 que je comptais pour quelque chose, et me laisser embarquer. Au lieu de \u00e7a, j\u2019ai rencontr\u00e9 les Maos, ces intellos, pour la plupart enfants de parents ais\u00e9s, mais qui d\u00e9fendaient pr\u00e9cis\u00e9ment ce que j\u2019incarnais: le peuple. Ils m\u2019ont offert un toit, sorti de la rue. O\u00f9 encore aujourd\u2019hui, je tremble toujours \u00e0 l\u2019id\u00e9e de me retrouver \u00e0 nouveau. On rencontre autant de gens immondes ailleurs, dans les entreprises par exemple, mais la rue, c\u2019est vraiment la vie en plus dur. Et ce qui m\u2019a fait le plus mal, c\u2019\u00e9tait les regards qui se d\u00e9tournaient, ce sentiment d\u2019invisibilit\u00e9.\u00a0\u00bb<\/p>\n<p>Rencontres litt\u00e9raires avec Sorj Chalandon: <b>vendredi 29 ao\u00fbt <\/b>\u00e0 19h. P\u00f4le Culturel Chabran, 660 boulevard John Kennedy \u00e0 Draguignan. Entr\u00e9e libre. <b>Samedi 30 ao\u00fbt <\/b>\u00e0 19h30 \u00e0 la librairie La Pl\u00e9iade \u00e0 Cagnes-sur-Mer &#8211; R\u00e9servation obligatoire: 04.93.73.23.25. www.librairesdusud.com<\/p>\n<p>            Ses trois r\u00e9miniscences et coups de c\u0153ur azur\u00e9ens<br \/>\n            Le pan-bagnat:\u00a0 \u00ab\u00a0La d\u00e9couverte de tous ces go\u00fbts m\u00e9ridionaux\u00a0\u00bb<\/p>\n<p>\u00ab\u00a0Ils co\u00fbtaient seulement un franc \u00e0 l\u2019\u00e9poque. Lorsque j\u2019\u00e9tais dans la rue, \u00e0 partir du moment o\u00f9 j\u2019ai \u00e9t\u00e9 un peu plus riche qu\u2019au tout d\u00e9but, c\u2019\u00e9tait l\u2019un des seuls trucs que je pouvais acheter. Il y avait un petit magasin tunisien dans le quartier Saint-Michel, \u00e0 Paris, o\u00f9 ils en vendaient. C\u2019\u00e9tait gorg\u00e9 de thon, de tomates, garni d\u2019olives, l\u2019huile qui coule sur le menton, c\u2019\u00e9tait mon d\u00e9lice quotidien ! Mon unique repas de la journ\u00e9e. Et le pan-bagnat, pour moi, c\u2019\u00e9tait la d\u00e9couverte de tous ces go\u00fbts m\u00e9ridionaux que je ne connaissais pas. J\u2019ai aussi le souvenir de ma premi\u00e8re fugue aux Saintes-Maries-de-la-Mer, l\u00e0 aussi il y avait un marchand qui en vendait, j\u2019\u00e9tais le plus heureux des hommes. Je serais ravi de venir en go\u00fbter un \u00e0 Nice!\u00a0\u00bb<\/p>\n<p>Biot et Grasse, lieux de p\u00e8lerinage avec l\u2019une de ses filles<\/p>\n<p>\u00ab\u00a0Jusqu\u2019\u00e0 ce qu\u2019elle s\u2019aper\u00e7oive qu\u2019il fallait pour \u00e7a \u00eatre bonne en chimie, l\u2019une de mes trois filles voulait \u00eatre nez. Elle a un nez absolument hallucinant. En marchant dans la rue, elle est capable de reconna\u00eetre n\u2019importe quel parfum, ou de percevoir par exemple que sa grand-m\u00e8re a chang\u00e9 de blush. Pour moi qui ai grandi dans un univers sans odeur ni saveur, j\u2019observe avec \u00e9merveillement ma fille qui \u00e9volue dans un monde qui respire la vie. Et chaque ann\u00e9e nous venons ensemble \u00e0 Grasse chez Galimard, o\u00f9 elle suit un atelier de cr\u00e9ation de parfum et, ensuite, on va \u00e0 Biot, o\u00f9 elle adore choisir des petites bouteilles! Et qu\u2019il s\u2019agisse de M\u00e9lin\u00e9e, de Sarah ou de Valentine, je voue un amour inconditionnel \u00e0 mes filles. Pour moi, lorsque l\u2019enfant para\u00eet, c\u2019est le moment o\u00f9 l\u2019on ressent de l\u2019affection dans toute sa pl\u00e9nitude.\u00a0\u00bb<\/p>\n<p>L\u2019association Les libraires du Sud, \u00e0 qui il offre la primeur d\u2019un \u00e9change avec le public autour du \u00ab\u00a0Livre de Kells\u00a0\u00bb<\/p>\n<p>\u00ab\u00a0Les libraires du Sud, ce sont trois filles qui font un travail absolument somptueux, qui f\u00e9d\u00e8rent plein de librairies ind\u00e9pendantes. Pour chaque livre que je sors, je tiens absolument \u00e0 mettre ma destin\u00e9e entre leurs mains, car il y a un rapport entre l\u2019association, les libraires et les lecteurs que je n\u2019ai vu nulle part ailleurs. C\u2019est \u00e0 ces libraires du Sud que je vais offrir la primeur d\u2019un \u00e9change avec le public autour du Livre de Kells, \u00e0 Draguignan et \u00e0 Cagnes. Avant de le faire \u00e0 Paris. Parce que je sais que je ne serai pas trahi, que tout est toujours mis en \u0153uvre pour bien recevoir les auteurs.\u00a0\u00bb<\/p>\n<p>              <img ci-src=\"https:\/\/www.nicematin.com\/litterature\/protec\/DATA_ART_16108394-eRKH4m8p.jpg?vh=454783&amp;ci_seal=d6bea84d62\" alt=\"\"\/><br \/>\n        Sorj Chalandon \u00e0 15 ans. photo dr <\/p>\n","protected":false},"excerpt":{"rendered":"C\u2019est l\u2019un des titres les plus attendus de cette rentr\u00e9e litt\u00e9raire: apr\u00e8s L\u2019Enrag\u00e9 en 2023, l\u2019ancien grand reporter&hellip;\n","protected":false},"author":2,"featured_media":335564,"comment_status":"","ping_status":"","sticky":false,"template":"","format":"standard","meta":{"footnotes":""},"categories":[2819],"tags":[1111,11,251,1777,674,1011,27,1351,12,2401,882,25],"class_list":{"0":"post-335563","1":"post","2":"type-post","3":"status-publish","4":"format-standard","5":"has-post-thumbnail","7":"category-nice","8":"tag-actu","9":"tag-actualites","10":"tag-culture","11":"tag-eu","12":"tag-europe","13":"tag-fr","14":"tag-france","15":"tag-litterature","16":"tag-news","17":"tag-nice","18":"tag-provence-alpes-cote-dazur","19":"tag-republique-francaise"},"share_on_mastodon":{"url":"https:\/\/pubeurope.com\/@fr\/115070997845408005","error":""},"_links":{"self":[{"href":"https:\/\/www.europesays.com\/fr\/wp-json\/wp\/v2\/posts\/335563","targetHints":{"allow":["GET"]}}],"collection":[{"href":"https:\/\/www.europesays.com\/fr\/wp-json\/wp\/v2\/posts"}],"about":[{"href":"https:\/\/www.europesays.com\/fr\/wp-json\/wp\/v2\/types\/post"}],"author":[{"embeddable":true,"href":"https:\/\/www.europesays.com\/fr\/wp-json\/wp\/v2\/users\/2"}],"replies":[{"embeddable":true,"href":"https:\/\/www.europesays.com\/fr\/wp-json\/wp\/v2\/comments?post=335563"}],"version-history":[{"count":0,"href":"https:\/\/www.europesays.com\/fr\/wp-json\/wp\/v2\/posts\/335563\/revisions"}],"wp:featuredmedia":[{"embeddable":true,"href":"https:\/\/www.europesays.com\/fr\/wp-json\/wp\/v2\/media\/335564"}],"wp:attachment":[{"href":"https:\/\/www.europesays.com\/fr\/wp-json\/wp\/v2\/media?parent=335563"}],"wp:term":[{"taxonomy":"category","embeddable":true,"href":"https:\/\/www.europesays.com\/fr\/wp-json\/wp\/v2\/categories?post=335563"},{"taxonomy":"post_tag","embeddable":true,"href":"https:\/\/www.europesays.com\/fr\/wp-json\/wp\/v2\/tags?post=335563"}],"curies":[{"name":"wp","href":"https:\/\/api.w.org\/{rel}","templated":true}]}}