{"id":335567,"date":"2025-08-22T06:28:17","date_gmt":"2025-08-22T06:28:17","guid":{"rendered":"https:\/\/www.europesays.com\/fr\/335567\/"},"modified":"2025-08-22T06:28:17","modified_gmt":"2025-08-22T06:28:17","slug":"un-nouveau-primeur-vient-douvrir-pres-de-la-cathedrale-de-nantes","status":"publish","type":"post","link":"https:\/\/www.europesays.com\/fr\/335567\/","title":{"rendered":"un nouveau primeur vient d&rsquo;ouvrir pr\u00e8s de la cath\u00e9drale de Nantes"},"content":{"rendered":"<p>            Par<br \/>\n        <strong><br \/>\n            <a href=\"https:\/\/actu.fr\/auteur\/emma-derome\" title=\"Consulter tous les articles de Emma Derome\" target=\"_blank\" rel=\"noopener\">Emma Derome<\/a><br \/>\n        <\/strong><\/p>\n<p>        Publi\u00e9 le<\/p>\n<p>            22 ao\u00fbt 2025 \u00e0 7h32        <\/p>\n<p>Elles viennent tout juste d\u2019ouvrir leur petite boutique, ce jeudi 21\u00a0ao\u00fbt 2025, dans le quartier de la <a href=\"https:\/\/actu.fr\/pays-de-la-loire\/nantes_44109\/photos-cathedrale-de-nantes-derniere-ligne-droite-du-chantier-avant-la-reouverture_62634615.html\" target=\"_blank\" rel=\"noopener\">cath\u00e9drale de Nantes<\/a>. H\u00e9l\u00e8ne et Zo\u00e9 ont le sourire\u2009: \u00ab\u2009On se demande bien qui sera notre premier client ou notre premi\u00e8re cliente.\u2009\u00bb Les deux anciennes de l\u2019\u00e9picerie de vrac <strong>Chez la voisine<\/strong> de Chantenay tiennent d\u00e9sormais <strong>un primeur doubl\u00e9 d\u2019une mini-\u00e9picerie bio<\/strong> au 13 rue Saint-Pierre, o\u00f9 \u00e9tait auparavant install\u00e9 un fleuriste.<\/p>\n<p>Des fruits et l\u00e9gumes ultra-frais, livr\u00e9s chaque jour<\/p>\n<p class=\" wall-content\">L\u2019ouverture de ce primeur de proximit\u00e9, H\u00e9l\u00e8ne l\u2019attendait depuis un an. La patronne a vendu son ancienne affaire pour des raisons personnelles, et avait<strong> \u00ab\u2009h\u00e2te de revoir du monde\u2009\u00bb<\/strong>. \u00ab\u2009Le contact humain avec la client\u00e8le me manquait\u2009\u00bb, ajoute-t-elle. De son c\u00f4t\u00e9, Zo\u00e9, en bonne cuisini\u00e8re, va \u00e0 nouveau pouvoir donner aux futurs habitu\u00e9s <strong>ses conseils recettes<\/strong>.<\/p>\n<p class=\" wall-content\">Le c\u0153ur de ce nouveau commerce\u2009: <strong>les fruits et les l\u00e9gumes<\/strong>, uniquement en<strong> agriculture biologique<\/strong>, le plus possible <strong>local<\/strong> et en <strong>circuit court<\/strong>, ou en <strong>commerce \u00e9quitable<\/strong>. \u00ab\u2009L\u00e0, par exemple, j\u2019avais le choix entre des tomates de plusieurs r\u00e9gions, mais j\u2019ai choisi les Pays de la Loire, elles sont super bonnes\u2009!\u2009\u00bb, s\u2019enthousiasme H\u00e9l\u00e8ne, heureuse de pouvoir partager avec ses futurs clients de \u00ab\u2009beaux produits\u2009\u00bb auxquels elle \u00ab\u2009croit\u2009\u00bb.<\/p>\n<p class=\" wall-content\">Chez la voisine fonctionnera en <strong>flux tendu<\/strong>, avec des livraisons tous les jours. \u00ab\u2009Nos clients de Chantenay nous remerciaient r\u00e9guli\u00e8rement pour la fra\u00eecheur de nos produits, et on va continuer comme \u00e7a, \u00e0 \u00eatre exigeantes, et \u00e0 proposer uniquement <strong>du tr\u00e8s frais.<\/strong>\u2009\u00bb<\/p>\n<p class=\" wall-content\"><a href=\"https:\/\/www.instagram.com\/p\/DNnB5pIskFn\/embed\" title=\"Ouvrir le lien sur Instagram\" target=\"_blank\" rel=\"noopener\">Visualiser le contenu sur Instagram<\/a><\/p>\n<p class=\" wall-content\">D\u2019ailleurs, l\u2019arri\u00e8re-boutique ne dispose pas de frigo. Et pour valoriser les fruits et l\u00e9gumes les plus ab\u00eem\u00e9s, le duo a pens\u00e9 \u00e0 <strong>proposer des jus<\/strong> dans le futur, une fois bien install\u00e9.<\/p>\n<p>Des essentiels de tous les jours s\u00e9lectionn\u00e9s avec soin<\/p>\n<p class=\" wall-content\">Pr\u00e8s de l\u2019\u00e9tal qui sera cette semaine rempli de melons, p\u00eaches, raisins, prunes, bananes, mais aussi de l\u00e9gumes feuilles et de \u00ab\u2009l\u00e9gumes ratatouille\u2009\u00bb, des \u00e9tag\u00e8res sont consacr\u00e9es \u00e0 l\u2019\u00e9picerie bio avec<strong> le n\u00e9cessaire pour prendre un petit repas<\/strong> (\u0153ufs bio frais de Carquefou, mais aussi p\u00e2tes, riz, l\u00e9gumes travaill\u00e9s en bocal, tartinades, \u00e9pices) ou son <strong>petit d\u00e9jeuner<\/strong> (caf\u00e9s, th\u00e9s, p\u00e2tes \u00e0 tartiner en tout genre).<\/p>\n<p>Votre r\u00e9gion, votre actu !<\/p>\n<p>Recevez chaque jour les infos qui comptent pour vous.<\/p>\n<p>\t<a href=\"https:\/\/actu.fr\/newsletter\" class=\"ac-btn ac-btn--corner ac-btn--medium ac-btn--blue800\" target=\"_blank\" rel=\"noopener\">S&rsquo;incrire<\/a><\/p>\n<blockquote class=\"ac-article-quote wall-content\">\n<p>On travaille avec des copains donc on sait \u00e0 quel point leurs produits sont bons. Le<br \/>\nmiel de fleurs du printemps de Johana est divin, et on a une belle s\u00e9lection de La Prairie des Songes pour les infusions.<\/p>\n<p>    <strong>H\u00e9l\u00e8ne, g\u00e9rante de Chez la Voisine<\/strong>\n            <\/p><\/blockquote>\n<p class=\" wall-content\">L\u2019\u00e9choppe s\u2019installe au sein d\u2019un quartier particuli\u00e8rement vivant, dans lequel les commerces de bouche sont d\u00e9j\u00e0 bien pr\u00e9sents, et o\u00f9 il y a du passage, que ce soit de locaux ou de touristes. \u00ab\u2009\u00c7a me pla\u00eet de cr\u00e9er du lien, en r\u00e9alit\u00e9, s\u2019il n\u2019y a pas \u00e7a, \u00e7a ne m\u2019int\u00e9resse pas\u2009\u00bb, glisse H\u00e9l\u00e8ne, qui a mis du c\u0153ur \u00e0 chiner les meubles de la boutique pour y apporter une certaine chaleur.<\/p>\n<p><a href=\"https:\/\/www.instagram.com\/chez_la_voisine\/?hl=fr\" target=\"_blank\" rel=\"noopener\">Chez la voisine<\/a>, 13 rue Saint-Pierre \u00e0 Nantes. Ouverture les lundis de 14\u2009h\u200930 \u00e0 19\u2009h, du mardi au vendredi de 9\u2009h\u200930 \u00e0 13\u2009h et de 14\u2009h\u200930 \u00e0 19\u2009h, le samedi de 9\u2009h\u200930 \u00e0 14\u2009h.<\/p>\n<p class=\" wall-content\">Personnalisez votre actualit\u00e9 en ajoutant vos villes et m\u00e9dias en favori avec <a href=\"https:\/\/moncompte.actu.fr\" title=\"D\u00e9couvez Mon Actu\" rel=\"nofollow noopener\" data-trk=\"{&quot;cta&quot;:{&quot;action&quot;:&quot;https:\\\/\\\/moncompte.actu.fr&quot;,&quot;category&quot;:&quot;mon compte&quot;,&quot;from&quot;:&quot;article footer&quot;,&quot;name&quot;:&quot;Mon actu&quot;,&quot;type&quot;:&quot;cta&quot;}}\" target=\"_blank\">Mon Actu<\/a>.<\/p>\n<p>                    <script async src=\"\/\/www.instagram.com\/embed.js\"><\/script><\/p>\n","protected":false},"excerpt":{"rendered":"Par Emma Derome Publi\u00e9 le 22 ao\u00fbt 2025 \u00e0 7h32 Elles viennent tout juste d\u2019ouvrir leur petite boutique,&hellip;\n","protected":false},"author":2,"featured_media":335568,"comment_status":"","ping_status":"","sticky":false,"template":"","format":"standard","meta":{"footnotes":""},"categories":[2818],"tags":[1111,11,258,33,1777,674,1011,27,766,12,3147,2636,25],"class_list":{"0":"post-335567","1":"post","2":"type-post","3":"status-publish","4":"format-standard","5":"has-post-thumbnail","7":"category-nantes","8":"tag-actu","9":"tag-actualites","10":"tag-alimentation","11":"tag-economie","12":"tag-eu","13":"tag-europe","14":"tag-fr","15":"tag-france","16":"tag-nantes","17":"tag-news","18":"tag-nouveaux-commerces","19":"tag-pays-de-la-loire","20":"tag-republique-francaise"},"share_on_mastodon":{"url":"https:\/\/pubeurope.com\/@fr\/115071005722619925","error":""},"_links":{"self":[{"href":"https:\/\/www.europesays.com\/fr\/wp-json\/wp\/v2\/posts\/335567","targetHints":{"allow":["GET"]}}],"collection":[{"href":"https:\/\/www.europesays.com\/fr\/wp-json\/wp\/v2\/posts"}],"about":[{"href":"https:\/\/www.europesays.com\/fr\/wp-json\/wp\/v2\/types\/post"}],"author":[{"embeddable":true,"href":"https:\/\/www.europesays.com\/fr\/wp-json\/wp\/v2\/users\/2"}],"replies":[{"embeddable":true,"href":"https:\/\/www.europesays.com\/fr\/wp-json\/wp\/v2\/comments?post=335567"}],"version-history":[{"count":0,"href":"https:\/\/www.europesays.com\/fr\/wp-json\/wp\/v2\/posts\/335567\/revisions"}],"wp:featuredmedia":[{"embeddable":true,"href":"https:\/\/www.europesays.com\/fr\/wp-json\/wp\/v2\/media\/335568"}],"wp:attachment":[{"href":"https:\/\/www.europesays.com\/fr\/wp-json\/wp\/v2\/media?parent=335567"}],"wp:term":[{"taxonomy":"category","embeddable":true,"href":"https:\/\/www.europesays.com\/fr\/wp-json\/wp\/v2\/categories?post=335567"},{"taxonomy":"post_tag","embeddable":true,"href":"https:\/\/www.europesays.com\/fr\/wp-json\/wp\/v2\/tags?post=335567"}],"curies":[{"name":"wp","href":"https:\/\/api.w.org\/{rel}","templated":true}]}}