{"id":335571,"date":"2025-08-22T06:30:11","date_gmt":"2025-08-22T06:30:11","guid":{"rendered":"https:\/\/www.europesays.com\/fr\/335571\/"},"modified":"2025-08-22T06:30:11","modified_gmt":"2025-08-22T06:30:11","slug":"la-librairie-de-philippe-poutou-a-la-marge-de-la-rentree-litteraire","status":"publish","type":"post","link":"https:\/\/www.europesays.com\/fr\/335571\/","title":{"rendered":"la librairie de Philippe Poutou, \u00e0 la marge de la rentr\u00e9e litt\u00e9raire"},"content":{"rendered":"<p>Aux 400 coups, leur librairie, ouverte depuis le 3\u00a0mai dernier rue Mar\u00e9chal Joffre \u00e0 Bordeaux, Philippe Poutou et B\u00e9atrice Walylo apprennent encore le m\u00e9tier. Et d\u00e9couvrent les rouages de la rentr\u00e9e litt\u00e9raire\u00a0: \u00ab\u00a0On se fait inviter \u00e0 des rencontres par des \u00e9diteurs qui arrivent avec des poches remplies de bouquins\u2026\u00a0\u00bb Sans grande surprise, <a href=\"https:\/\/www.sudouest.fr\/politique\/philippe-poutou\/bordeaux-la-reconversion-de-poutou-a-la-tete-d-une-librairie-de-gauche-mais-pas-forcement-radicale-24264373.php\" rel=\"nofollow noopener\" target=\"_blank\">l\u2019ancien candidat du Nouveau Parti Anticapitaliste et sa compagne<\/a> n\u2019entendent pas se plier \u00e0 cette \u00ab\u00a0logique productiviste\u00a0\u00bb. D\u2019autant que leurs rayons pr\u00e9sentent aussi une bonne partie d\u2019essais, qui ne suivent pas le m\u00eame calendrier.<\/p>\n<p>Au d\u00e9but, ils ont pourtant bien essay\u00e9 de vendre quelques romans \u00e0 succ\u00e8s, comme on le leur avait conseill\u00e9. Mais \u00ab\u00a0La Femme de m\u00e9nage\u00a0\u00bb comme les seuls trois exemplaires des \u00ab\u00a0Vieux Fourneaux\u00a0\u00bb, \u00ab\u00a0\u00e7a ne part pas, confesse B\u00e9atrice Walylo. Idem pour la derni\u00e8re sortie de Vanessa Schneider, qu\u2019il fallait avoir absolument. Inutile d\u2019essayer de faire la concurrence \u00e0 Mollat ou \u00e0 La Machine \u00e0 Lire\u00a0\u00bb.<\/p>\n<p>Une rentr\u00e9e militante<\/p>\n<p>Le duo a donc d\u00e9cid\u00e9 de s\u2019en tenir \u00e0 son cr\u00e9neau \u00ab\u00a0woke\u00a0\u00bb \u2013 assum\u00e9, comme le terme \u2013 y compris durant la rentr\u00e9e litt\u00e9raire. \u00ab\u00a0On ne fait pas l\u2019impasse sur le dernier roman de Sorj Chalandon, qu\u2019on aime beaucoup, ni sur\u00a0\u2018\u2018L\u2019Application des peines\u2019\u2019\u00a0de Didier Castino qui tourne autour de la prison.\u00a0\u00bb D\u2019abord parce que ce genre de romans correspond \u00e0 l\u2019ambiance militante de la librairie, ensuite parce que cela donne une bonne raison pour inviter les auteurs \u00e0 Bordeaux.<\/p>\n<p>Pour autant, la rentr\u00e9e litt\u00e9raire charrie son lot de rencontres qui permettent de d\u00e9couvrir petits \u00e9diteurs et libraires ind\u00e9pendants. Et c\u2019est ainsi que la librairie renfloue son stock\u00a0: \u00ab\u00a0On avait choisi nos premiers livres sur nos connaissances. Maintenant, on s\u2019appuie sur notre r\u00e9seau\u00a0\u00bb, sourit Philippe Poutou. \u00c0 rebours de la plupart des librairies qui font le gros de leur chiffre d\u2019affaires avec la rentr\u00e9e, il faut avouer que les deux militants peuvent aussi surfer sur une certaine notori\u00e9t\u00e9 pour assurer leurs arri\u00e8res.<\/p>\n","protected":false},"excerpt":{"rendered":"Aux 400 coups, leur librairie, ouverte depuis le 3\u00a0mai dernier rue Mar\u00e9chal Joffre \u00e0 Bordeaux, Philippe Poutou et&hellip;\n","protected":false},"author":2,"featured_media":335572,"comment_status":"","ping_status":"","sticky":false,"template":"","format":"standard","meta":{"footnotes":""},"categories":[2817],"tags":[1111,11,1997,1777,674,1011,27,12,2219,25],"class_list":{"0":"post-335571","1":"post","2":"type-post","3":"status-publish","4":"format-standard","5":"has-post-thumbnail","7":"category-bordeaux","8":"tag-actu","9":"tag-actualites","10":"tag-bordeaux","11":"tag-eu","12":"tag-europe","13":"tag-fr","14":"tag-france","15":"tag-news","16":"tag-nouvelle-aquitaine","17":"tag-republique-francaise"},"share_on_mastodon":{"url":"https:\/\/pubeurope.com\/@fr\/115071013677503100","error":""},"_links":{"self":[{"href":"https:\/\/www.europesays.com\/fr\/wp-json\/wp\/v2\/posts\/335571","targetHints":{"allow":["GET"]}}],"collection":[{"href":"https:\/\/www.europesays.com\/fr\/wp-json\/wp\/v2\/posts"}],"about":[{"href":"https:\/\/www.europesays.com\/fr\/wp-json\/wp\/v2\/types\/post"}],"author":[{"embeddable":true,"href":"https:\/\/www.europesays.com\/fr\/wp-json\/wp\/v2\/users\/2"}],"replies":[{"embeddable":true,"href":"https:\/\/www.europesays.com\/fr\/wp-json\/wp\/v2\/comments?post=335571"}],"version-history":[{"count":0,"href":"https:\/\/www.europesays.com\/fr\/wp-json\/wp\/v2\/posts\/335571\/revisions"}],"wp:featuredmedia":[{"embeddable":true,"href":"https:\/\/www.europesays.com\/fr\/wp-json\/wp\/v2\/media\/335572"}],"wp:attachment":[{"href":"https:\/\/www.europesays.com\/fr\/wp-json\/wp\/v2\/media?parent=335571"}],"wp:term":[{"taxonomy":"category","embeddable":true,"href":"https:\/\/www.europesays.com\/fr\/wp-json\/wp\/v2\/categories?post=335571"},{"taxonomy":"post_tag","embeddable":true,"href":"https:\/\/www.europesays.com\/fr\/wp-json\/wp\/v2\/tags?post=335571"}],"curies":[{"name":"wp","href":"https:\/\/api.w.org\/{rel}","templated":true}]}}