{"id":335575,"date":"2025-08-22T06:32:12","date_gmt":"2025-08-22T06:32:12","guid":{"rendered":"https:\/\/www.europesays.com\/fr\/335575\/"},"modified":"2025-08-22T06:32:12","modified_gmt":"2025-08-22T06:32:12","slug":"il-a-disparu-soudainement-il-y-a-deux-mois-qui-est-il-arrive-a-camilo-castro-ce-toulousain-parti-en-colombie-pour-y-habiter","status":"publish","type":"post","link":"https:\/\/www.europesays.com\/fr\/335575\/","title":{"rendered":"Il a disparu soudainement il y a deux mois\u00a0: qui est-il arriv\u00e9 \u00e0 Camilo Castro, ce Toulousain parti en Colombie pour y habiter\u00a0?"},"content":{"rendered":"<p>\n                                                                Camilo Castro, un Fran\u00e7ais de 41 ans qui a grandi \u00e0 Toulouse, dans la Haute-Garonne, est d\u00e9tenu depuis pr\u00e8s de deux mois au Venezuela, sans explication officielle ni respect de ses droits consulaires. R\u00e9sidant en Colombie, il a disparu fin juin apr\u00e8s avoir franchi la fronti\u00e8re v\u00e9n\u00e9zu\u00e9lienne.\n                            <\/p>\n<p>Un ressortissant fran\u00e7ais, Camilo Castro, est d\u00e9tenu depuis pr\u00e8s de deux mois au Venezuela \u00ab\u00a0sans motif et sans que ses droits consulaires soient respect\u00e9s\u00a0\u00bb, a alert\u00e9 mercredi sa famille.<\/p>\n<p>N\u00e9 en ao\u00fbt\u00a01984, Camilo Castro r\u00e9side en Colombie o\u00f9 il souhaite s\u2019installer durablement. Fran\u00e7ais par sa m\u00e8re et Chilien par son p\u00e8re il a grandi \u00e0 Toulouse (Haute-Garonne). Il partageait des enseignements de m\u00e9ditation et de respect de la nature, selon <a href=\"https:\/\/enterateenlinea.co\/aparecio-el-frances-lo-tiene-retenido-la-guardia-venezolana\/?fbclid=IwY2xjawMTwTtleHRuA2FlbQIxMABicmlkETFzUnZXV2tmRnlmeWRpcmJaAR4SgHYRzYEv8jesiIF82y6ByYjwYnI6DMqjRP-jUrPG3btH37fhHuHK6u5xhw_aem_DPY9cR_NOC8KC_HOUtx_fQ\" target=\"_blank\" rel=\"nofollow noopener\">Ent\u00e9rate en Linea.<\/a><\/p>\n<blockquote data-instgrm-captioned=\"\" data-instgrm-permalink=\"https:\/\/www.instagram.com\/p\/DNlx-NPsTiP\/?utm_source=ig_embed&amp;utm_campaign=loading\" data-instgrm-version=\"14\" style=\" background:#FFF; border:0; border-radius:3px; box-shadow:0 0 1px 0 rgba(0,0,0,0.5),0 1px 10px 0 rgba(0,0,0,0.15); margin: 1px; max-width:540px; min-width:326px; padding:0; width:99.375%; width:-webkit-calc(100% - 2px); width:calc(100% - 2px);\" data-class=\"instagram-media\"\/>\n<p><a href=\"https:\/\/www.midilibre.fr\/2024\/08\/17\/venezuela-libre-les-opposants-de-maduro-se-rassemblent-a-montpellier-pour-exiger-un-changement-de-gouvernement-12146416.php\" target=\"_blank\" rel=\"nofollow noopener\">\u00ab\u00a0Les recherches que nous avons r\u00e9alis\u00e9es montrent que Camilo<\/a> est d\u00e9tenu par les autorit\u00e9s v\u00e9n\u00e9zu\u00e9liennes, sans motif et sans que ses droits consulaires soient respect\u00e9s, comme des dizaines d\u2019autres \u00e9trangers actuellement d\u00e9tenus dans le pays\u00a0\u00bb, s\u2019inqui\u00e8te sa famille dans une d\u00e9claration obtenue par l\u2019AFP, confirmant une information du journal Lib\u00e9ration.<\/p>\n<p>\u00ab\u00a0Les services du minist\u00e8re de l\u2019Europe et des Affaires \u00e9trang\u00e8res suivent avec attention la situation de M. Camilo Castro, en lien avec ses proches. Nous ne commentons pas les situations individuelles qui concernent nos compatriotes\u00a0\u00bb, a r\u00e9agi aupr\u00e8s de l\u2019AFP le service de presse de la diplomatie fran\u00e7aise.<\/p>\n<p>Toujours pas localis\u00e9<\/p>\n<p>Camilo Castro, professeur de yoga qui aura 41 ans le 27\u00a0ao\u00fbt, a disparu le 26\u00a0juin au poste-fronti\u00e8re de Paraguachon, s\u00e9parant le Venezuela de la Colombie o\u00f9 il r\u00e9side. Il s\u2019y \u00e9tait rendu pour renouveler son visa de s\u00e9jour colombien arriv\u00e9 \u00e0 \u00e9ch\u00e9ance, explique la famille.<\/p>\n<p>\u00ab\u00a0Peu au fait de la situation politique du Venezuela depuis les \u00e9lections de l\u2019\u00e9t\u00e9 2024, il se dirige vers le poste-fronti\u00e8re v\u00e9n\u00e9zu\u00e9lien. De l\u00e0, il envoie plusieurs messages \u00e0 ses proches, dont un sugg\u00e9rant qu\u2019il pourrait \u00eatre renvoy\u00e9 vers la Colombie. Depuis ce message, il n\u2019a plus donn\u00e9 aucune nouvelle \u00e0 personne\u00a0\u00bb, ajoute-t-elle.<\/p>\n<p>\u00ab\u00a0Apr\u00e8s la lib\u00e9ration de d\u00e9tenu par Caracas dans un \u00e9change de prisonniers avec les USA le 19\u00a0juillet dernier, les recherches men\u00e9es par la famille et les proches confirment que Camilo est d\u00e9tenu par les autorit\u00e9s v\u00e9n\u00e9zu\u00e9liennes\u00a0\u00bb, affirmant ses proches qui rappellent que \u00ab\u00a0Camilo Castro n\u2019est toujours pas localis\u00e9 correctement dans les prisons du Venezuela\u00a0\u00bb.<\/p>\n<p>Une politique de \u00ab\u00a0disparitions forc\u00e9es\u00a0\u00bb<\/p>\n<p>Parmi les d\u00e9tenus lib\u00e9r\u00e9s le 19\u00a0juillet dans le cadre de l\u2019accord de lib\u00e9rations crois\u00e9es de prisonniers entre Caracas et <a href=\"https:\/\/www.midilibre.fr\/2025\/07\/19\/il-etait-detenu-au-venezuela-depuis-janvier-le-franco-americain-lucas-hunter-37-ans-vient-detre-libere-12834268.php\" target=\"_blank\" rel=\"nofollow noopener\">Washington, figurait le Franco-Am\u00e9ricain Lucas Hunter, d\u00e9tenu d\u00e9but janvier<\/a> apr\u00e8s avoir \u00e9t\u00e9 lui aussi arr\u00eat\u00e9 \u00e0 la fronti\u00e8re entre la Colombie et le Venezuela par des agents v\u00e9n\u00e9zu\u00e9liens.<\/p>\n<p>Dans un rapport publi\u00e9 mi-juillet, Amnesty International d\u00e9nonce la politique de \u00ab\u00a0disparitions forc\u00e9es\u00a0\u00bb provoqu\u00e9e depuis la r\u00e9\u00e9lection du pr\u00e9sident Nicolas Maduro contre des opposants et des ressortissants \u00e9trangers.<\/p>\n<p>\u00ab\u00a0Les autorit\u00e9s v\u00e9n\u00e9zu\u00e9liennes semblent utiliser cette pratique pour justifier leurs r\u00e9cits sur les &lsquo;conspirations \u00e9trang\u00e8res&rsquo;\u00a0et comme monnaie d\u2019\u00e9change dans les n\u00e9gociations avec d\u2019autres pays\u00a0\u00bb, d\u00e9nonce l\u2019ONG.<\/p>\n<p>                                                                                                                                                                                                        <script async src=\"\/\/www.instagram.com\/embed.js\"><\/script><\/p>\n","protected":false},"excerpt":{"rendered":"Camilo Castro, un Fran\u00e7ais de 41 ans qui a grandi \u00e0 Toulouse, dans la Haute-Garonne, est d\u00e9tenu depuis&hellip;\n","protected":false},"author":2,"featured_media":335576,"comment_status":"","ping_status":"","sticky":false,"template":"","format":"standard","meta":{"footnotes":""},"categories":[2816],"tags":[1111,11,1777,674,1011,27,12,2680,25,2312],"class_list":{"0":"post-335575","1":"post","2":"type-post","3":"status-publish","4":"format-standard","5":"has-post-thumbnail","7":"category-toulouse","8":"tag-actu","9":"tag-actualites","10":"tag-eu","11":"tag-europe","12":"tag-fr","13":"tag-france","14":"tag-news","15":"tag-occitanie","16":"tag-republique-francaise","17":"tag-toulouse"},"share_on_mastodon":{"url":"https:\/\/pubeurope.com\/@fr\/115071021519151669","error":""},"_links":{"self":[{"href":"https:\/\/www.europesays.com\/fr\/wp-json\/wp\/v2\/posts\/335575","targetHints":{"allow":["GET"]}}],"collection":[{"href":"https:\/\/www.europesays.com\/fr\/wp-json\/wp\/v2\/posts"}],"about":[{"href":"https:\/\/www.europesays.com\/fr\/wp-json\/wp\/v2\/types\/post"}],"author":[{"embeddable":true,"href":"https:\/\/www.europesays.com\/fr\/wp-json\/wp\/v2\/users\/2"}],"replies":[{"embeddable":true,"href":"https:\/\/www.europesays.com\/fr\/wp-json\/wp\/v2\/comments?post=335575"}],"version-history":[{"count":0,"href":"https:\/\/www.europesays.com\/fr\/wp-json\/wp\/v2\/posts\/335575\/revisions"}],"wp:featuredmedia":[{"embeddable":true,"href":"https:\/\/www.europesays.com\/fr\/wp-json\/wp\/v2\/media\/335576"}],"wp:attachment":[{"href":"https:\/\/www.europesays.com\/fr\/wp-json\/wp\/v2\/media?parent=335575"}],"wp:term":[{"taxonomy":"category","embeddable":true,"href":"https:\/\/www.europesays.com\/fr\/wp-json\/wp\/v2\/categories?post=335575"},{"taxonomy":"post_tag","embeddable":true,"href":"https:\/\/www.europesays.com\/fr\/wp-json\/wp\/v2\/tags?post=335575"}],"curies":[{"name":"wp","href":"https:\/\/api.w.org\/{rel}","templated":true}]}}