{"id":335581,"date":"2025-08-22T06:35:17","date_gmt":"2025-08-22T06:35:17","guid":{"rendered":"https:\/\/www.europesays.com\/fr\/335581\/"},"modified":"2025-08-22T06:35:17","modified_gmt":"2025-08-22T06:35:17","slug":"apres-igamane-letang-tient-une-autre-piste-en-or-pour-lille","status":"publish","type":"post","link":"https:\/\/www.europesays.com\/fr\/335581\/","title":{"rendered":"apr\u00e8s Igamane, L\u00e9tang tient une autre piste en or pour Lille !"},"content":{"rendered":"<p>\t\t\t\t\t Si le LOSC ne l\u00e2che pas Hamza Igamane, m\u00eame si les Glasgow Rangers restent gourmands financi\u00e8rement sur ce dossier, Olivier L\u00e9tang continuerait d&rsquo;explorer d&rsquo;autres pistes offensives int\u00e9ressantes du c\u00f4t\u00e9 de Lille en cette fin de mercato estival. <\/p>\n<p>D\u00e9j\u00e0 tr\u00e8s satisfait d&rsquo;avoir su attirer le champion du monde 2018 Olivier Giroud chez les Dogues, Olivier L\u00e9tang chercherait \u00e0 recruter un autre num\u00e9ro neuf sur cette p\u00e9riode de march\u00e9 des transferts suite aux d\u00e9parts de Jonathan David et Chuba Akpom. <\/p>\n<p>En plus de Hamza Igamane (Glasgow Rangers), le LOSC aurait ainsi pris la temp\u00e9rature aupr\u00e8s de l&rsquo;Ajax Amsterdam pour Brian Brobbey pour ce mercato, selon le Telegraaf. Outre Lille, le Stade Rennais serait aussi sur le coup pour l&rsquo;attaquant international n\u00e9erlandais de 23 ans. <\/p>\n<p>S&rsquo;il ambitionne de disputer la prochaine Coupe du Monde avec les Pays-Bas, Brian Brobbey pourrait se laisser s\u00e9duire par le projet men\u00e9 par Olivier L\u00e9tang au LOSC. De son c\u00f4t\u00e9, Rennes discuterait en parall\u00e8le avec Esteban Lepaul (Angers SCO) et Conrad Harder (Sporting Portugal). Affaire \u00e0 suivre pour Lille par au jeune attaquant de l&rsquo;Ajax qui compte huit s\u00e9lections avec les Oranje.\n\t\t\t\t <\/p>\n","protected":false},"excerpt":{"rendered":"Si le LOSC ne l\u00e2che pas Hamza Igamane, m\u00eame si les Glasgow Rangers restent gourmands financi\u00e8rement sur ce&hellip;\n","protected":false},"author":2,"featured_media":335582,"comment_status":"","ping_status":"","sticky":false,"template":"","format":"standard","meta":{"footnotes":""},"categories":[2815],"tags":[1111,11,1777,674,1011,27,811,1307,12,25],"class_list":{"0":"post-335581","1":"post","2":"type-post","3":"status-publish","4":"format-standard","5":"has-post-thumbnail","7":"category-lille","8":"tag-actu","9":"tag-actualites","10":"tag-eu","11":"tag-europe","12":"tag-fr","13":"tag-france","14":"tag-hauts-de-france","15":"tag-lille","16":"tag-news","17":"tag-republique-francaise"},"share_on_mastodon":{"url":"https:\/\/pubeurope.com\/@fr\/115071033239672280","error":""},"_links":{"self":[{"href":"https:\/\/www.europesays.com\/fr\/wp-json\/wp\/v2\/posts\/335581","targetHints":{"allow":["GET"]}}],"collection":[{"href":"https:\/\/www.europesays.com\/fr\/wp-json\/wp\/v2\/posts"}],"about":[{"href":"https:\/\/www.europesays.com\/fr\/wp-json\/wp\/v2\/types\/post"}],"author":[{"embeddable":true,"href":"https:\/\/www.europesays.com\/fr\/wp-json\/wp\/v2\/users\/2"}],"replies":[{"embeddable":true,"href":"https:\/\/www.europesays.com\/fr\/wp-json\/wp\/v2\/comments?post=335581"}],"version-history":[{"count":0,"href":"https:\/\/www.europesays.com\/fr\/wp-json\/wp\/v2\/posts\/335581\/revisions"}],"wp:featuredmedia":[{"embeddable":true,"href":"https:\/\/www.europesays.com\/fr\/wp-json\/wp\/v2\/media\/335582"}],"wp:attachment":[{"href":"https:\/\/www.europesays.com\/fr\/wp-json\/wp\/v2\/media?parent=335581"}],"wp:term":[{"taxonomy":"category","embeddable":true,"href":"https:\/\/www.europesays.com\/fr\/wp-json\/wp\/v2\/categories?post=335581"},{"taxonomy":"post_tag","embeddable":true,"href":"https:\/\/www.europesays.com\/fr\/wp-json\/wp\/v2\/tags?post=335581"}],"curies":[{"name":"wp","href":"https:\/\/api.w.org\/{rel}","templated":true}]}}