{"id":335590,"date":"2025-08-22T06:41:16","date_gmt":"2025-08-22T06:41:16","guid":{"rendered":"https:\/\/www.europesays.com\/fr\/335590\/"},"modified":"2025-08-22T06:41:16","modified_gmt":"2025-08-22T06:41:16","slug":"vacances-dete-samedi-noir-dans-le-sud-est-pour-les-retours-nos-conseils-pour-eviter-les-bouchons","status":"publish","type":"post","link":"https:\/\/www.europesays.com\/fr\/335590\/","title":{"rendered":"Vacances d&rsquo;\u00e9t\u00e9\u00a0: samedi noir dans le Sud-Est pour les retours, nos conseils pour \u00e9viter les bouchons"},"content":{"rendered":"<p>Les routes seront charg\u00e9es dans le sens des retours vendredi et samedi. La journ\u00e9e de vendredi est class\u00e9e rouge sur une grande moiti\u00e9 sud du pays par Bison Fut\u00e9. La journ\u00e9e de samedi sera noire dans le Sud-Est. D&rsquo;importantes difficult\u00e9s sont attendues. <\/p>\n<p>Alors que les vacances scolaires s\u2019ach\u00e8vent dans une semaine, le trafic sera dense ce week-end entre les r\u00e9gions c\u00f4ti\u00e8res et les grandes m\u00e9tropoles, alerte\u00a0<a target=\"_blank\" rel=\"nofollow noopener noreferrer\" class=\"IciLink ici-link IciArticleLink g-ici-body-regular-1 underline brand svelte-lu7k6w\" href=\"https:\/\/www.bison-fute.gouv.fr\/du-22-08-au-25-08.html\">Bison Fut\u00e9<\/a>. Les journ\u00e9es de vendredi et samedi seront particuli\u00e8rement compliqu\u00e9es pour les vacanciers de retour de cong\u00e9s.<\/p>\n<p>Si la journ\u00e9e de <strong>vendredi<\/strong> est class\u00e9e verte dans le sens des d\u00e9parts, elle sera rouge de la Nouvelle-Aquitaine \u00e0 la r\u00e9gion Auvergne-Rh\u00f4ne-Alpes en passant par une partie de l&rsquo;Occitanie. Le drapeau orange sera hiss\u00e9 pour le reste du pays. C&rsquo;est la journ\u00e9e de <strong>samedi<\/strong> qui s&rsquo;annonce particuli\u00e8rement difficile. Bison Fut\u00e9 voit d&rsquo;abord orange dans le sens des d\u00e9parts sur le quart sud-est. Pour les retours, l&rsquo;organisme a class\u00e9 la journ\u00e9e noire dans les d\u00e9partements proches de la M\u00e9diterran\u00e9e, tandis que le reste du pays sera en rouge. La journ\u00e9e de <strong>dimanche<\/strong> est class\u00e9e orange dans le sens des retours. Voici nos conseils pour \u00e9viter de rester bloqu\u00e9 dans les embouteillages.<\/p>\n<p>Comment \u00e9viter les bouchons\u00a0?<\/p>\n<ul>\n<li><strong>Nos conseils pour le vendredi 22 ao\u00fbt<\/strong><\/li>\n<\/ul>\n<p>La circulation devrait \u00eatre dense sur l\u2019ensemble du territoire. En particulier, des difficult\u00e9s tr\u00e8s importantes sont attendues au d\u00e9part du quart Sud-Ouest (A63, A10) et de la r\u00e9gion Auvergne-Rh\u00f4ne-Alpes (A7 et acc\u00e8s au Tunnel du Mont-Blanc depuis l\u2019Italie). Elles pourraient s\u2019\u00e9tendre du milieu de la matin\u00e9e jusqu\u2019en soir\u00e9e selon les secteurs.<\/p>\n<p><strong>Dans le sens des retours<\/strong><\/p>\n<ul>\n<li>rejoignez ou traversez l\u2019\u00cele-de-France avant 12h ou apr\u00e8s 23h,<\/li>\n<li>\u00e9vitez l\u2019autoroute A11, entre Nantes et Angers, de 10h \u00e0 19h,<\/li>\n<li>\u00e9vitez l\u2019autoroute A63, entre Bayonne et Bordeaux, de 9h \u00e0 12h,<\/li>\n<li>\u00e9vitez l\u2019autoroute A10, entre Bordeaux et Tours, de 13h \u00e0 19h, entre Tours et Orl\u00e9ans, de 16h \u00e0 20h et entre Orl\u00e9ans et Paris, de 12h \u00e0 23h,<\/li>\n<li>\u00e9vitez l\u2019autoroute A7, entre Marseille et Orange, de 11h \u00e0 17h et entre Orange et Lyon, de 12h \u00e0 22h,<\/li>\n<li>\u00e9vitez l\u2019autoroute A75, entre B\u00e9ziers et Clermont-Ferrand, de 10h \u00e0 20h,<\/li>\n<li>\u00e9vitez l\u2019autoroute A71, entre Bourges et Orl\u00e9ans, de 13h \u00e0 19h,<\/li>\n<li>\u00e9vitez le tunnel du Mont-Blanc (N205), entre l\u2019Italie et la France, de 13h \u00e0 22h.<\/li>\n<\/ul>\n<p><img loading=\"lazy\" decoding=\"async\" class=\"VisualPreview svelte-1rldrkz\" src=\"data:image\/jpeg;base64,\/9j\/2wBDACgcHiMeGSgjISMtKygwPGRBPDc3PHtYXUlkkYCZlo+AjIqgtObDoKrarYqMyP\/L2u71\/\/\/\/m8H\/\/\/\/6\/+b9\/\/j\/2wBDASstLTw1PHZBQXb4pYyl+Pj4+Pj4+Pj4+Pj4+Pj4+Pj4+Pj4+Pj4+Pj4+Pj4+Pj4+Pj4+Pj4+Pj4+Pj4+Pj4+Pj\/wAARCAAXACoDASIAAhEBAxEB\/8QAFwABAQEBAAAAAAAAAAAAAAAAAAECBf\/EABYQAQEBAAAAAAAAAAAAAAAAAAABEf\/EABcBAQEBAQAAAAAAAAAAAAAAAAECAAP\/xAAVEQEBAAAAAAAAAAAAAAAAAAAAAf\/aAAwDAQACEQMRAD8A69S0rNTQaalRK43KusRolqs2AXNLEwAuLI1gFn\/\/2Q==\" alt=\"Les pr\u00e9visions de circulation pour vendredi\" width=\"408\" height=\"226\"\/>  Les pr\u00e9visions de circulation pour vendredi  &#8211; Bison Fut\u00e9<\/p>\n<ul>\n<li><strong>Nos conseils pour le samedi 23 ao\u00fbt<\/strong><\/li>\n<\/ul>\n<p>Une circulation tr\u00e8s dense est donc attendue sur les grands axes du pays. Les routes en partance de la c\u00f4te atlantique (A63, A10, A87, A11) et de la c\u00f4te m\u00e9diterran\u00e9enne (A7, A8, A9, A61), devraient connaitre une tr\u00e8s forte fr\u00e9quentation, tout comme celles traversant le centre de l\u2019hexagone (A75, A71, A20). Les encombrements devraient d\u00e9buter en tout d\u00e9but de matin\u00e9e pour s\u2019achever en d\u00e9but, voire fin de soir\u00e9e selon les secteurs.<\/p>\n<p><strong>Dans le sens des d\u00e9parts<\/strong><\/p>\n<ul>\n<li>\u00e9vitez l\u2019autoroute A7, entre Lyon et Orange, de 7h \u00e0 16h et entre Orange et Marseille, de 11h \u00e0 17h,<\/li>\n<li>\u00e9vitez l\u2019autoroute A8, entre Le Luc et l\u2019Italie de 13h \u00e0 16h,<\/li>\n<li>\u00e9vitez l\u2019autoroute A9, entre Montpellier et Narbonne, de 9h \u00e0 19h,<\/li>\n<li>\u00e9vitez l\u2019autoroute A54 et la route nationale N113, entre N\u00eemes et Salon-de-Provence, de 15h \u00e0 19h,<\/li>\n<li>\u00e9vitez le tunnel du Mont-Blanc (N205), entre la France et l\u2019Italie, de 11h \u00e0 15h.<\/li>\n<\/ul>\n<p><strong>Dans le sens des retours<\/strong><\/p>\n<ul>\n<li>rejoignez ou traversez l\u2019\u00cele-de-France avant 10h ou apr\u00e8s minuit,<\/li>\n<li>\u00e9vitez l\u2019autoroute A11, entre Angers et Le Mans, de 10h \u00e0 19 h et entre Le Mans et Paris, de 11h \u00e0 17h,<\/li>\n<li>\u00e9vitez l\u2019autoroute A63, entre Bayonne et Bordeaux, de 9h \u00e0 12h,<\/li>\n<li>\u00e9vitez l\u2019autoroute A10, entre Bordeaux et Poitiers, de 14h \u00e0 17h,<\/li>\n<li>\u00e9vitez l\u2019autoroute A9, entre l\u2019Espagne et Narbonne, de 11h \u00e0 16h, entre Narbonne et N\u00eemes, de 12h \u00e0 16h et entre N\u00eemes et Orange, de 15h \u00e0 18h,<\/li>\n<li>\u00e9vitez l\u2019autoroute A7, entre Orange et Lyon, de 11h \u00e0 22h,<\/li>\n<li>\u00e9vitez l\u2019autoroute A75, entre B\u00e9ziers et Clermont-Ferrand, de 11h \u00e0 19h,<\/li>\n<li>\u00e9vitez l\u2019autoroute A61, entre Narbonne et Toulouse, de 10h \u00e0 17h,<\/li>\n<li>\u00e9vitez le tunnel du Mont-Blanc (N205), entre l\u2019Italie et la France, de 13h \u00e0 18h,<\/li>\n<li>\u00e9vitez l\u2019autoroute A43, entre Chamb\u00e9ry et Lyon, de 11h \u00e0 14h.<\/li>\n<\/ul>\n<p><img loading=\"lazy\" decoding=\"async\" class=\"VisualPreview svelte-1rldrkz\" src=\"data:image\/jpeg;base64,\/9j\/2wBDACgcHiMeGSgjISMtKygwPGRBPDc3PHtYXUlkkYCZlo+AjIqgtObDoKrarYqMyP\/L2u71\/\/\/\/m8H\/\/\/\/6\/+b9\/\/j\/2wBDASstLTw1PHZBQXb4pYyl+Pj4+Pj4+Pj4+Pj4+Pj4+Pj4+Pj4+Pj4+Pj4+Pj4+Pj4+Pj4+Pj4+Pj4+Pj4+Pj4+Pj\/wAARCAAXACoDASIAAhEBAxEB\/8QAGAABAQEBAQAAAAAAAAAAAAAAAgABAwX\/xAAYEAEBAQEBAAAAAAAAAAAAAAAAARECEv\/EABYBAQEBAAAAAAAAAAAAAAAAAAIBAP\/EABYRAQEBAAAAAAAAAAAAAAAAAAABEf\/aAAwDAQACEQMRAD8A9e0bW0aGsy9D6VBTkdJ0WucJWrrRsSGgFg4ksONkPElZ\/9k=\" alt=\"Les pr\u00e9visions pour la journ\u00e9e de samedi\" width=\"414\" height=\"231\"\/>  Les pr\u00e9visions pour la journ\u00e9e de samedi  &#8211; Bison Fut\u00e9<\/p>\n<ul>\n<li><strong>Nos conseils pour le dimanche 24 ao\u00fbt<\/strong><\/li>\n<\/ul>\n<p>La circulation sera encore difficile sur les grands axes routiers. Les axes venant de la fa\u00e7ade m\u00e9diterran\u00e9enne seront particuli\u00e8rement concern\u00e9s \u00e0 l\u2019instar des autoroutes A9, A75, A8, A7, ainsi que les routes en direction de l\u2019\u00cele-de-France comme l\u2019A10, l\u2019A11 et l\u2019A71.<\/p>\n<p><strong>Dans le sens des retours<\/strong><\/p>\n<ul>\n<li>rejoignez ou traversez l\u2019\u00cele-de-France avant 10h ou apr\u00e8s 23h,<\/li>\n<li>\u00e9vitez l\u2019autoroute A85, entre Theillay et Tours, de 12h \u00e0 15h,<\/li>\n<li>\u00e9vitez l\u2019autoroute A10, entre Poitiers et Orl\u00e9ans, de 12h \u00e0 18h et entre Orl\u00e9ans et Paris, de 10h \u00e0 21h,<\/li>\n<li>\u00e9vitez l\u2019autoroute A9, entre l\u2019Espagne et Narbonne, de 12h \u00e0 18h,<\/li>\n<li>\u00e9vitez l\u2019autoroute A7, entre Marseille et Orange, de 11h \u00e0 18h, entre Orange et Lyon, de 14h \u00e0 19h,<\/li>\n<li>\u00e9vitez l\u2019autoroute A75, entre B\u00e9ziers et Clermont-Ferrand, de 11h \u00e0 19h,<\/li>\n<li>\u00e9vitez l\u2019autoroute A71, entre Bourges et Orl\u00e9ans, de 16h \u00e0 20h,<\/li>\n<li>\u00e9vitez le tunnel du Mont-Blanc (N205), entre l\u2019Italie et la France, de 10h \u00e0 21h.<\/li>\n<\/ul>\n<p><img loading=\"lazy\" decoding=\"async\" class=\"VisualPreview svelte-1rldrkz\" src=\"data:image\/jpeg;base64,\/9j\/2wBDACgcHiMeGSgjISMtKygwPGRBPDc3PHtYXUlkkYCZlo+AjIqgtObDoKrarYqMyP\/L2u71\/\/\/\/m8H\/\/\/\/6\/+b9\/\/j\/2wBDASstLTw1PHZBQXb4pYyl+Pj4+Pj4+Pj4+Pj4+Pj4+Pj4+Pj4+Pj4+Pj4+Pj4+Pj4+Pj4+Pj4+Pj4+Pj4+Pj4+Pj\/wAARCAAXACoDASIAAhEBAxEB\/8QAFwABAQEBAAAAAAAAAAAAAAAAAQACBf\/EABYQAQEBAAAAAAAAAAAAAAAAAAARAf\/EABYBAQEBAAAAAAAAAAAAAAAAAAECAP\/EABYRAQEBAAAAAAAAAAAAAAAAAAABEf\/aAAwDAQACEQMRAD8A6+6KtCbQaqyUaqNUs4TKRoSNQoYkFQlIxn\/\/2Q==\" alt=\"Les pr\u00e9visions pour la journ\u00e9e de dimanche\" width=\"416\" height=\"228\"\/>  Les pr\u00e9visions pour la journ\u00e9e de dimanche  &#8211; Bison Fut\u00e9<\/p>\n<ul>\n<li><strong>Nos conseils pour le lundi 25 ao\u00fbt<\/strong><\/li>\n<\/ul>\n<p>Rejoignez ou traversez l\u2019\u00cele-de-France avant 11h ou apr\u00e8s 20h.<\/p>\n","protected":false},"excerpt":{"rendered":"Les routes seront charg\u00e9es dans le sens des retours vendredi et samedi. La journ\u00e9e de vendredi est class\u00e9e&hellip;\n","protected":false},"author":2,"featured_media":335591,"comment_status":"","ping_status":"","sticky":false,"template":"","format":"standard","meta":{"footnotes":""},"categories":[1592],"tags":[1111,11,1777,674,1011,27,662,12,626,25],"class_list":{"0":"post-335590","1":"post","2":"type-post","3":"status-publish","4":"format-standard","5":"has-post-thumbnail","7":"category-ile-de-france","8":"tag-actu","9":"tag-actualites","10":"tag-eu","11":"tag-europe","12":"tag-fr","13":"tag-france","14":"tag-ile-de-france","15":"tag-news","16":"tag-paris","17":"tag-republique-francaise"},"share_on_mastodon":{"url":"https:\/\/pubeurope.com\/@fr\/115071056951095566","error":""},"_links":{"self":[{"href":"https:\/\/www.europesays.com\/fr\/wp-json\/wp\/v2\/posts\/335590","targetHints":{"allow":["GET"]}}],"collection":[{"href":"https:\/\/www.europesays.com\/fr\/wp-json\/wp\/v2\/posts"}],"about":[{"href":"https:\/\/www.europesays.com\/fr\/wp-json\/wp\/v2\/types\/post"}],"author":[{"embeddable":true,"href":"https:\/\/www.europesays.com\/fr\/wp-json\/wp\/v2\/users\/2"}],"replies":[{"embeddable":true,"href":"https:\/\/www.europesays.com\/fr\/wp-json\/wp\/v2\/comments?post=335590"}],"version-history":[{"count":0,"href":"https:\/\/www.europesays.com\/fr\/wp-json\/wp\/v2\/posts\/335590\/revisions"}],"wp:featuredmedia":[{"embeddable":true,"href":"https:\/\/www.europesays.com\/fr\/wp-json\/wp\/v2\/media\/335591"}],"wp:attachment":[{"href":"https:\/\/www.europesays.com\/fr\/wp-json\/wp\/v2\/media?parent=335590"}],"wp:term":[{"taxonomy":"category","embeddable":true,"href":"https:\/\/www.europesays.com\/fr\/wp-json\/wp\/v2\/categories?post=335590"},{"taxonomy":"post_tag","embeddable":true,"href":"https:\/\/www.europesays.com\/fr\/wp-json\/wp\/v2\/tags?post=335590"}],"curies":[{"name":"wp","href":"https:\/\/api.w.org\/{rel}","templated":true}]}}