{"id":335592,"date":"2025-08-22T06:42:12","date_gmt":"2025-08-22T06:42:12","guid":{"rendered":"https:\/\/www.europesays.com\/fr\/335592\/"},"modified":"2025-08-22T06:42:12","modified_gmt":"2025-08-22T06:42:12","slug":"une-decouverte-exceptionnelle-datant-du-premier-siecle-se-revele","status":"publish","type":"post","link":"https:\/\/www.europesays.com\/fr\/335592\/","title":{"rendered":"une d\u00e9couverte exceptionnelle datant du premier si\u00e8cle se r\u00e9v\u00e8le"},"content":{"rendered":"<p class=\"article__intro\">Un mausol\u00e9e datant du premier si\u00e8cle de notre \u00e8re a \u00e9t\u00e9 mis au jour au c\u0153ur de la cit\u00e9 gallo-romaine de Vienne, dans le Rh\u00f4ne. Cette d\u00e9couverte exceptionnelle est le fruit de fouilles arch\u00e9ologiques suspendues depuis dix ans.<\/p>\n<p>\n      L\u2019actu des r\u00e9gions\n    <\/p>\n<p>\n      Chaque jour, un tour d\u2019horizon des principales infos de toutes les r\u00e9gions.\n    <\/p>\n<p>    France T\u00e9l\u00e9visions utilise votre adresse e-mail afin de vous envoyer la newsletter \u00ab\u00a0L\u2019actu des r\u00e9gions\u00a0\u00bb. Vous pouvez vous d\u00e9sinscrire \u00e0 tout moment via le lien en bas de cette newsletter. <a target=\"_blank\" href=\"https:\/\/www.francetelevisions.fr\/groupe\/confidentialite\/politique-de-confidentialite\/politique-de-confidentialite-de-france-televisions-6503\" rel=\"nofollow noopener\">Notre politique de confidentialit\u00e9<\/a><\/p>\n<p>Sur le site de Saint-Romain-en-Gal, dans le Rh\u00f4ne, une d\u00e9couverte arch\u00e9ologique majeure vient d&rsquo;avoir lieu. Alors qu&rsquo;elles \u00e9taient suspendues depuis dix ans, des fouilles ont permis de mettre au jour un mausol\u00e9e vieux d&rsquo;environ deux mill\u00e9naires.<\/p>\n<p>Cette d\u00e9couverte majeure, par son envergure et son \u00e9tat de conservation, repr\u00e9sente une structure circulaire de 15 m\u00e8tres de diam\u00e8tre avec une hauteur suppos\u00e9e de 6 m\u00e8tres.<\/p>\n<p><a data-article-figure=\"\" href=\"https:\/\/france3-regions.franceinfo.fr\/image\/j6-4y26_uljOSvzq_Fd1OWh8j5o\/520x402\/regions\/2025\/08\/21\/thumbnail-mausoleee-auguste-1-68a7413b65f95214294256.jpg\" data-pswp-width=\"520\" data-pswp-height=\"402\" target=\"_blank\" rel=\"nofollow noopener\"><\/p>\n<p>          <img width=\"600\" height=\"400\" class=\"article-image lazy\" data-src=\"https:\/\/www.europesays.com\/fr\/wp-content\/uploads\/2025\/08\/thumbnail-mausoleee-auguste-1-68a7413b65f95214294256.jpg\" alt=\"Le mausol\u00e9e est inspir\u00e9 des tombeaux \u00e0 tumulus d'Italie.\" fetchpriority=\"high\" as=\"image\"\/><\/p>\n<p>\n            Le mausol\u00e9e est inspir\u00e9 des tombeaux \u00e0 tumulus d&rsquo;Italie.<br \/>\n                           \u2022<br \/>\n                                      \u00a9 Mus\u00e9e arch\u00e9ologique de Saint-Romain-en-Gal\n                      <\/p>\n<p><\/a><\/p>\n<p>Les diff\u00e9rentes strates mises au jour, font appara\u00eetre les fondations d&rsquo;une maison du XIXe si\u00e8cle. Les fondations rectangulaires visibles sur la photo a\u00e9rienne d\u00e9montrent comment elles \u00e9taient pos\u00e9es sur les alv\u00e9oles en demi-lune qui entouraient la chambre fun\u00e9raire.<\/p>\n<p><a data-article-figure=\"\" href=\"https:\/\/france3-regions.franceinfo.fr\/image\/_UMvVXSs4TsqVbwf9ZMQxkEH8mk\/1600x900\/regions\/2025\/08\/21\/1000047160-68a7393b97733562595372.jpg\" data-pswp-width=\"1600\" data-pswp-height=\"900\" target=\"_blank\" rel=\"nofollow noopener\"><\/p>\n<p>          <img width=\"600\" height=\"400\" class=\"article-image lazy\" data-src=\"https:\/\/www.europesays.com\/fr\/wp-content\/uploads\/2025\/08\/1000047160-68a7393b97733562595372.jpg\" alt=\"Une maison du XIXe si\u00e8cle, dont les fondations rectangulaires sont visibles, a \u00e9t\u00e9 construite au dessus du mausol\u00e9e, vieux d'environ deux mill\u00e9naires.\" fetchpriority=\"high\" as=\"image\"\/><\/p>\n<p>\n            Une maison du XIXe si\u00e8cle, dont les fondations rectangulaires sont visibles, a \u00e9t\u00e9 construite au dessus du mausol\u00e9e, vieux d&rsquo;environ deux mill\u00e9naires.<br \/>\n                           \u2022<br \/>\n                                      \u00a9 Mus\u00e9e arch\u00e9ologique de Saint-Romain-en-Gal\n                      <\/p>\n<p><\/a><\/p>\n<p>Ce fut une \u00ab\u00a0tr\u00e8s grande surprise, tr\u00e8s \u00e9mouvante\u00a0\u00bb, s&rsquo;est enthousiasm\u00e9e Giulia Ciucci, docteure en arch\u00e9ologie et responsable du site. \u00ab\u00a0C\u2019est l\u2019\u00e9difice fun\u00e9raire de quelqu\u2019un de tr\u00e8s important. Une personnalit\u00e9 aristocratique qui appartient s\u00fbrement \u00e0 l\u2019\u00e9lite viennoise, mais plus encore, quelqu&rsquo;un qui a une relation privil\u00e9gi\u00e9e avec le pouvoir central, donc Rome,\u00a0\u00bb explique-t-elle.<\/p>\n<p>L\u2019\u00e9difice est\u00a0inspir\u00e9\u00a0des tombeaux \u00e0 tumulus\u00a0d\u2019Italie, comme celui de l\u2019empereur Auguste.\u00a0Un monument destin\u00e9 \u00e0 \u00eatre vu de loin.\u00a0\u00ab\u00a0Avec cette \u00ab\u00a0monumentalisation\u00a0\u00bb de l\u2019architecture, il (NDLR l&rsquo;aristocrate) souligne qui il \u00e9tait de son vivant, quel lien il entretenait avec le pouvoir central. Il fait en sorte que sa m\u00e9moire puisse perdurer \u00e0 travers le temps. Car effectivement avec un monument aussi important, vous marquez le paysage \u00e0 l\u2019instant de votre mort, mais aussi dans le temps \u00e0 venir, parce que c\u2019est quelque chose qui reste\u00a0\u00bb, relate en souriant Giulia Ciucci.<\/p>\n<p><a data-article-figure=\"\" href=\"https:\/\/france3-regions.franceinfo.fr\/image\/yVfKaEIQc8OLkYi8gP8WERbmQ20\/1920x1080\/regions\/2025\/08\/21\/saint-romain-en-gal-69-d-couverte-fouille-arch-ologique-au-mus-e-00-00-49-09-68a750558951b224918406.jpg\" data-pswp-width=\"1920\" data-pswp-height=\"1080\" target=\"_blank\" rel=\"nofollow noopener\"><\/p>\n<p>          <img width=\"600\" height=\"400\" class=\"article-image lazy\" data-src=\"https:\/\/www.europesays.com\/fr\/wp-content\/uploads\/2025\/08\/saint-romain-en-gal-69-d-couverte-fouille-arch-ologique-au-mus-e-00-00-49-09-68a750558951b224918406..webp\" alt=\"Le mausol\u00e9e \u00e9tait destin\u00e9 \u00e0 \u00eatre vu de loin.\" fetchpriority=\"high\" as=\"image\"\/><\/p>\n<p>\n            Le mausol\u00e9e \u00e9tait destin\u00e9 \u00e0 \u00eatre vu de loin.<br \/>\n                           \u2022<br \/>\n                                      \u00a9 Mus\u00e9e arch\u00e9ologique de Saint-Romain-en-Gal\n                      <\/p>\n<p><\/a><\/p>\n<p>Apr\u00e8s plus de 10 ans de suspension des fouilles, des \u00e9tudiants en arch\u00e9ologie et leurs enseignants ont rouvert un chantier \u00e9cole en 2024. Ils \u00e9taient \u00e0 la recherche d&rsquo;une grande mosa\u00efque quand ils ont d\u00e9couvert les pr\u00e9mices de cette d\u00e9couverte majeure : le haut du mausol\u00e9e.<\/p>\n<p>Le travail des arch\u00e9ologues, permet de\u00a0repenser les hypoth\u00e8ses\u00a0sur l\u2019occupation de\u00a0la rive droite du\u00a0Rh\u00f4ne,\u00a0dans\u00a0la Vienna antique,\u00a0il y a 2000 ans. \u00ab\u00a0On est vraiment sur un moment charni\u00e8re de l\u2019histoire de notre site\u00a0\u00bb, explique avec enthousiasme Emilie Alonso, la directrice du mus\u00e9e arch\u00e9ologique de Saint-Romain-en-Gal. \u00ab\u00a0On r\u00e9interpr\u00e8te les archives en m\u00eame temps que l\u2019on d\u00e9marre de nouvelles op\u00e9rations arch\u00e9ologiques. L\u00e0, c\u2019est vraiment tout l\u2019int\u00e9r\u00eat d\u2019un mus\u00e9e de site de la recherche en mouvement.\u00a0\u00bb<\/p>\n<blockquote class=\"ftvi_content_quote\">\n<p class=\"ftvi_citation_quote\">Ce type de mausol\u00e9e, on en a recens\u00e9 18 en France jusqu&rsquo;\u00e0 maintenant. Tr\u00e8s peu sont apparents car ils sont recouverts par des constructions plus r\u00e9centes ou moins bien conserv\u00e9s.<\/p>\n<p>Giulia Ciucci, docteure en arch\u00e9ologie et responsable du site<\/p>\n<\/blockquote>\n<p>Le chantier livre ses secrets avec parcimonie. Il faudra continuer \u00e0 creuser, casser les\u00a0murs de la maison pour d\u00e9couvrir l\u2019int\u00e9gralit\u00e9 du\u00a0mausol\u00e9e. Les fouilles doivent s&rsquo;arr\u00eater fin ao\u00fbt et reprendront \u00e0 l&rsquo;\u00e9t\u00e9 2026. Leur but : excaver la chambre fun\u00e9raire et conna\u00eetre l&rsquo;identit\u00e9 de celui ou celle qui y g\u00eet peut-\u00eatre. Deux ans de fouilles\u00a0pour percer le myst\u00e8re\u00a0:\u00a0qui\u00a0\u00e9tait\u00a0l\u2019aristocrate\u00a0? Peut-\u00eatre\u00a0Asiaticus,\u00a0originaire de Vienna, premier gaulois, s\u00e9nateur romain, puis consul sous Caligula.<\/p>\n<p>Article r\u00e9dig\u00e9 d&rsquo;apr\u00e8s AFP et reportage de Sylvie Adam et B\u00e9n\u00e9dicte Millaud.<\/p>\n","protected":false},"excerpt":{"rendered":"Un mausol\u00e9e datant du premier si\u00e8cle de notre \u00e8re a \u00e9t\u00e9 mis au jour au c\u0153ur de la&hellip;\n","protected":false},"author":2,"featured_media":335593,"comment_status":"","ping_status":"","sticky":false,"template":"","format":"standard","meta":{"footnotes":""},"categories":[1888],"tags":[1111,1928,11,1927,1777,674,1011,27,12,1926,626,1925,25],"class_list":{"0":"post-335592","1":"post","2":"type-post","3":"status-publish","4":"format-standard","5":"has-post-thumbnail","7":"category-paris","8":"tag-actu","9":"tag-actu-paris","10":"tag-actualites","11":"tag-actualites-paris","12":"tag-eu","13":"tag-europe","14":"tag-fr","15":"tag-france","16":"tag-news","17":"tag-news-paris","18":"tag-paris","19":"tag-paris-news","20":"tag-republique-francaise"},"share_on_mastodon":{"url":"https:\/\/pubeurope.com\/@fr\/115071060794462115","error":""},"_links":{"self":[{"href":"https:\/\/www.europesays.com\/fr\/wp-json\/wp\/v2\/posts\/335592","targetHints":{"allow":["GET"]}}],"collection":[{"href":"https:\/\/www.europesays.com\/fr\/wp-json\/wp\/v2\/posts"}],"about":[{"href":"https:\/\/www.europesays.com\/fr\/wp-json\/wp\/v2\/types\/post"}],"author":[{"embeddable":true,"href":"https:\/\/www.europesays.com\/fr\/wp-json\/wp\/v2\/users\/2"}],"replies":[{"embeddable":true,"href":"https:\/\/www.europesays.com\/fr\/wp-json\/wp\/v2\/comments?post=335592"}],"version-history":[{"count":0,"href":"https:\/\/www.europesays.com\/fr\/wp-json\/wp\/v2\/posts\/335592\/revisions"}],"wp:featuredmedia":[{"embeddable":true,"href":"https:\/\/www.europesays.com\/fr\/wp-json\/wp\/v2\/media\/335593"}],"wp:attachment":[{"href":"https:\/\/www.europesays.com\/fr\/wp-json\/wp\/v2\/media?parent=335592"}],"wp:term":[{"taxonomy":"category","embeddable":true,"href":"https:\/\/www.europesays.com\/fr\/wp-json\/wp\/v2\/categories?post=335592"},{"taxonomy":"post_tag","embeddable":true,"href":"https:\/\/www.europesays.com\/fr\/wp-json\/wp\/v2\/tags?post=335592"}],"curies":[{"name":"wp","href":"https:\/\/api.w.org\/{rel}","templated":true}]}}