{"id":335598,"date":"2025-08-22T06:45:14","date_gmt":"2025-08-22T06:45:14","guid":{"rendered":"https:\/\/www.europesays.com\/fr\/335598\/"},"modified":"2025-08-22T06:45:14","modified_gmt":"2025-08-22T06:45:14","slug":"les-valeurs-a-suivre-a-paris-et-en-europe-22-08-2025-a-0827","status":"publish","type":"post","link":"https:\/\/www.europesays.com\/fr\/335598\/","title":{"rendered":"Les valeurs \u00e0 suivre \u00e0 Paris et en Europe &#8211; 22\/08\/2025 \u00e0 08:27"},"content":{"rendered":"<p>\n * AIR LIQUIDE<br \/>\n <a href=\"https:\/\/www.boursorama.com\/cours\/1rPAI\/\" rel=\"nofollow noopener\" target=\"_blank\"><br \/>\n  AIRP.PA<br \/>\n <\/a><br \/>\n a annonc\u00e9 vendredi la signature d&rsquo;un accord en vue d&rsquo;acqu\u00e9rir DIG Airgas, un acteur majeur du secteur gazier int\u00e9gr\u00e9 en Cor\u00e9e du Sud. La transaction propos\u00e9e, qui devrait \u00eatre finalis\u00e9e au cours du premier semestre 2026, attribue \u00e0 DIG Airgas une valeur d&rsquo;entreprise de 2,85 milliards d&rsquo;euros.\n<\/p>\n<p>\n * AKZO NOBEL<br \/>\n <a href=\"https:\/\/www.boursorama.com\/cours\/1rAAKZA\/\" rel=\"nofollow noopener\" target=\"_blank\"><br \/>\n  AKZO.AS<br \/>\n <\/a><br \/>\n &#8211; Le fonds activiste Cevian a pris une participation de plus de 3% dans le groupe n\u00e9erlandais de chimie, rapporte vendredi le Financial Times.\n<\/p>\n<p>\n * GLENCORE<br \/>\n <a href=\"https:\/\/www.boursorama.com\/cours\/1uGLEN.L\/\" rel=\"nofollow noopener\" target=\"_blank\"><br \/>\n  GLEN.L<br \/>\n <\/a><br \/>\n pr\u00e9voit de produire un million de tonnes de cuivre gr\u00e2ce \u00e0 ses projets en Argentine au cours des 10 \u00e0 15 prochaines ann\u00e9es, a d\u00e9clar\u00e9 jeudi le PDG de la soci\u00e9t\u00e9 dans ce pays d&rsquo;Am\u00e9rique latine.\n<\/p>\n<p>\n * BP<br \/>\n <a href=\"https:\/\/www.boursorama.com\/cours\/1uBP..L\/\" rel=\"nofollow noopener\" target=\"_blank\"><br \/>\n  BP.L<br \/>\n <\/a><br \/>\n &#8211; La raffinerie du groupe de 440.000 barils par jour situ\u00e9e \u00e0 Whiting, en Indiana, a continu\u00e9 \u00e0 br\u00fbler des mat\u00e9riaux dans ses torch\u00e8res apr\u00e8s que des inondations ont perturb\u00e9 ses activit\u00e9s plus t\u00f4t cette semaine, a d\u00e9clar\u00e9 la soci\u00e9t\u00e9.\n<\/p>\n<p>\n * IBERDROLA<br \/>\n <a href=\"https:\/\/www.boursorama.com\/cours\/FF55-IBE\/\" rel=\"nofollow noopener\" target=\"_blank\"><br \/>\n  IBE.MC<br \/>\n <\/a><br \/>\n pr\u00e9voit d&rsquo;investir 1,5 milliard d&rsquo;euros \u00e0 Ourense, en Galice, pour construire la plus grande centrale hydro\u00e9lectrique de pompage-turbinage d&rsquo;Europe, rapporte vendredi le journal espagnol El Economista.\n<\/p>\n<p>\n * RENK<br \/>\n <a href=\"https:\/\/www.boursorama.com\/cours\/1zR3NK\/\" rel=\"nofollow noopener\" target=\"_blank\"><br \/>\n  R3NK.DE<br \/>\n <\/a><br \/>\n et HENSOLDT<br \/>\n <a href=\"https:\/\/www.boursorama.com\/cours\/1zHAG\/\" rel=\"nofollow noopener\" target=\"_blank\"><br \/>\n  HAGG.DE<br \/>\n <\/a><br \/>\n &#8211; Citigroup a relev\u00e9 sa recommandation \u00e0 \u00ab\u00a0neutre\u00a0\u00bb contre \u00ab\u00a0vendre\u00a0\u00bb.\n<\/p>\n<p>\n (R\u00e9dig\u00e9 par Mara V\u00eelcu et Blandine H\u00e9nault)<\/p>\n","protected":false},"excerpt":{"rendered":"* AIR LIQUIDE AIRP.PA a annonc\u00e9 vendredi la signature d&rsquo;un accord en vue d&rsquo;acqu\u00e9rir DIG Airgas, un acteur&hellip;\n","protected":false},"author":2,"featured_media":64038,"comment_status":"","ping_status":"","sticky":false,"template":"","format":"standard","meta":{"footnotes":""},"categories":[1888],"tags":[400,11,398,408,405,1777,674,1011,27,403,402,399,404,12,626,25,401,406,407],"class_list":{"0":"post-335598","1":"post","2":"type-post","3":"status-publish","4":"format-standard","5":"has-post-thumbnail","7":"category-paris","8":"tag-action-cac-40","9":"tag-actualites","10":"tag-bourse-de-paris","11":"tag-boursorama","12":"tag-cotations","13":"tag-eu","14":"tag-europe","15":"tag-fr","16":"tag-france","17":"tag-indices-devises","18":"tag-investir","19":"tag-investissement","20":"tag-marche-boursier","21":"tag-news","22":"tag-paris","23":"tag-republique-francaise","24":"tag-sicav","25":"tag-trackers","26":"tag-warrants"},"share_on_mastodon":{"url":"https:\/\/pubeurope.com\/@fr\/115071072591228140","error":""},"_links":{"self":[{"href":"https:\/\/www.europesays.com\/fr\/wp-json\/wp\/v2\/posts\/335598","targetHints":{"allow":["GET"]}}],"collection":[{"href":"https:\/\/www.europesays.com\/fr\/wp-json\/wp\/v2\/posts"}],"about":[{"href":"https:\/\/www.europesays.com\/fr\/wp-json\/wp\/v2\/types\/post"}],"author":[{"embeddable":true,"href":"https:\/\/www.europesays.com\/fr\/wp-json\/wp\/v2\/users\/2"}],"replies":[{"embeddable":true,"href":"https:\/\/www.europesays.com\/fr\/wp-json\/wp\/v2\/comments?post=335598"}],"version-history":[{"count":0,"href":"https:\/\/www.europesays.com\/fr\/wp-json\/wp\/v2\/posts\/335598\/revisions"}],"wp:featuredmedia":[{"embeddable":true,"href":"https:\/\/www.europesays.com\/fr\/wp-json\/wp\/v2\/media\/64038"}],"wp:attachment":[{"href":"https:\/\/www.europesays.com\/fr\/wp-json\/wp\/v2\/media?parent=335598"}],"wp:term":[{"taxonomy":"category","embeddable":true,"href":"https:\/\/www.europesays.com\/fr\/wp-json\/wp\/v2\/categories?post=335598"},{"taxonomy":"post_tag","embeddable":true,"href":"https:\/\/www.europesays.com\/fr\/wp-json\/wp\/v2\/tags?post=335598"}],"curies":[{"name":"wp","href":"https:\/\/api.w.org\/{rel}","templated":true}]}}