{"id":335603,"date":"2025-08-22T06:48:10","date_gmt":"2025-08-22T06:48:10","guid":{"rendered":"https:\/\/www.europesays.com\/fr\/335603\/"},"modified":"2025-08-22T06:48:10","modified_gmt":"2025-08-22T06:48:10","slug":"trump-sest-rendu-aupres-des-policiers-et-soldats-de-la-garde-nationale-deployes-a-washington","status":"publish","type":"post","link":"https:\/\/www.europesays.com\/fr\/335603\/","title":{"rendered":"Trump s\u2019est rendu aupr\u00e8s des policiers et soldats de la Garde nationale d\u00e9ploy\u00e9s \u00e0 Washington"},"content":{"rendered":"<p>Donald Trump avait annonc\u00e9 le 11 ao\u00fbt que son gouvernement prenait le contr\u00f4le du maintien de l\u2019ordre dans la capitale f\u00e9d\u00e9rale alors m\u00eame que les statistiques officielles montrent une baisse de la criminalit\u00e9 violente.<\/p>\n<p class=\"fig-paragraph\"><a href=\"http:\/\/www.lefigaro.fr\/flash-actu\/trump-somme-les-sans-abri-de-partir-loin-de-washington-20250810\" target=\"_blank\" data-fig-type=\"NewsFlash\" rel=\"noopener\" data-gtm-custom-categorie=\"navigation\" data-gtm-custom-action=\"crossclick\" data-gtm-custom-label=\"Contextuel\" data-gtm-event=\"customEventSPE\" data-fig-domain=\"LEFIGARO\">Donald Trump<\/a>\u00a0s&rsquo;est rendu ce jeudi aupr\u00e8s de militaires d\u00e9ploy\u00e9s \u00e0 Washington, auxquels il a assur\u00e9 que son op\u00e9ration de r\u00e9tablissement de l&rsquo;ordre dans la capitale f\u00e9d\u00e9rale, tr\u00e8s critiqu\u00e9e par l&rsquo;opposition, allait durer \u00abun certain temps\u00bb. \u00abNous allons rendre (la ville) s\u00fbre, et ensuite nous irons \u00e0 d&rsquo;autres endroits, mais nous allons rester ici un certain temps. Nous voulons que ce soit absolument parfait\u00bb, a dit le pr\u00e9sident am\u00e9ricain devant un centre de la police des parcs nationaux situ\u00e9 dans le quartier d&rsquo;Anacostia, \u00e0 Washington.<\/p>\n<p class=\"fig-paragraph\">Il \u00e9tait entour\u00e9 de membres de forces de l&rsquo;ordre appartenant \u00e0 diverses agences f\u00e9d\u00e9rales, \u00e0 la police locale et \u00e0 la police f\u00e9d\u00e9rale, ainsi que de militaires de la\u00a0<a href=\"http:\/\/www.lefigaro.fr\/international\/les-800-gardes-nationaux-mobilises-pour-nettoyer-washington-sont-sur-place-confirme-le-pentagone-20250814\" target=\"_blank\" data-fig-type=\"NewsFlash\" rel=\"noopener\" data-gtm-custom-categorie=\"navigation\" data-gtm-custom-action=\"crossclick\" data-gtm-custom-label=\"Contextuel\" data-gtm-event=\"customEventSPE\" data-fig-domain=\"LEFIGARO\">Garde nationale<\/a>, un corps de r\u00e9serve dont il a r\u00e9cemment ordonn\u00e9 le d\u00e9ploiement pour enrayer une criminalit\u00e9 selon lui hors de contr\u00f4le, ce que contestent les autorit\u00e9s locales.<\/p>\n<p>                                    <a class=\"fig-a11y-skip a11y-hidden\" href=\"#fig-a11y-skip-main-inarticle\"><br \/>\n        Passer la publicit\u00e9<br \/>\n    <\/a><\/p>\n<p>\u00abNettoyer la capitale f\u00e9d\u00e9rale\u00bb<\/p>\n<p class=\"fig-paragraph\">Le r\u00e9publicain de 79 ans n&rsquo;a pas, comme pouvaient le laisser entendre de pr\u00e9c\u00e9dentes d\u00e9clarations, particip\u00e9 \u00e0 une patrouille. Il a regagn\u00e9 la Maison Blanche apr\u00e8s avoir prononc\u00e9 un court discours puis distribu\u00e9 des pizzas et des hamburgers.<\/p>\n<p class=\"fig-paragraph\">\u00c0 sa mani\u00e8re toujours pleine d&#8217;emphase, il a assur\u00e9 n&rsquo;avoir \u00abjamais re\u00e7u autant de coups de t\u00e9l\u00e9phone\u00bb que pour le remercier de cette initiative s\u00e9curitaire, assurant avoir parl\u00e9 avec des habitants qui n&rsquo;osaient plus sortir au restaurant \u00abdepuis quatre ans.\u00bb \u00abCe que nous allons \u00e9galement faire, c&rsquo;est r\u00e9nover vos parcs. Je suis tr\u00e8s bon pour tout ce qui concerne l&rsquo;herbe, parce que je poss\u00e8de des complexes de golf un peu partout. J&rsquo;en sais plus sur l&rsquo;herbe que n&rsquo;importe qui\u00bb, a-t-il encore dit. \u00abSaviez-vous que l&rsquo;herbe a une vie? L&rsquo;herbe a une vie et nous avons une vie\u00bb, a-t-il poursuivi, dans une des \u00e9tranges digressions dont il est coutumier.<\/p>\n<p class=\"fig-paragraph\">Donald Trump avait annonc\u00e9 le 11 ao\u00fbt que son gouvernement prenait le contr\u00f4le du maintien de l&rsquo;ordre dans la\u00a0<a href=\"http:\/\/www.lefigaro.fr\/international\/c-est-plus-violent-qu-a-bagdad-trump-deploie-l-armee-dans-les-rues-de-washington-20250811\" target=\"_blank\" data-fig-type=\"Article\" rel=\"noopener\" data-gtm-custom-categorie=\"navigation\" data-gtm-custom-action=\"crossclick\" data-gtm-custom-label=\"Contextuel\" data-gtm-event=\"customEventSPE\" data-fig-domain=\"LEFIGARO\">capitale f\u00e9d\u00e9rale<\/a>\u00a0afin de la \u00abnettoyer\u00bb alors m\u00eame que les statistiques officielles montrent une baisse de la criminalit\u00e9 violente. Sa d\u00e9cision de d\u00e9ployer des militaires a aliment\u00e9 les reproches de d\u00e9rive autoritaire formul\u00e9s par l&rsquo;opposition d\u00e9mocrate.<\/p>\n","protected":false},"excerpt":{"rendered":"Donald Trump avait annonc\u00e9 le 11 ao\u00fbt que son gouvernement prenait le contr\u00f4le du maintien de l\u2019ordre dans&hellip;\n","protected":false},"author":2,"featured_media":335604,"comment_status":"","ping_status":"","sticky":false,"template":"","format":"standard","meta":{"footnotes":""},"categories":[1589],"tags":[11,75,73,1866,42826,12,1864,1865,1863,308,2744],"class_list":{"0":"post-335603","1":"post","2":"type-post","3":"status-publish","4":"format-standard","5":"has-post-thumbnail","7":"category-etats-unis","8":"tag-actualites","9":"tag-donald-trump","10":"tag-etats-unis","11":"tag-etats-unis-damerique","12":"tag-garde-nationale","13":"tag-news","14":"tag-united-states","15":"tag-united-states-of-america","16":"tag-us","17":"tag-usa","18":"tag-washington"},"share_on_mastodon":{"url":"https:\/\/pubeurope.com\/@fr\/115071084326825626","error":""},"_links":{"self":[{"href":"https:\/\/www.europesays.com\/fr\/wp-json\/wp\/v2\/posts\/335603","targetHints":{"allow":["GET"]}}],"collection":[{"href":"https:\/\/www.europesays.com\/fr\/wp-json\/wp\/v2\/posts"}],"about":[{"href":"https:\/\/www.europesays.com\/fr\/wp-json\/wp\/v2\/types\/post"}],"author":[{"embeddable":true,"href":"https:\/\/www.europesays.com\/fr\/wp-json\/wp\/v2\/users\/2"}],"replies":[{"embeddable":true,"href":"https:\/\/www.europesays.com\/fr\/wp-json\/wp\/v2\/comments?post=335603"}],"version-history":[{"count":0,"href":"https:\/\/www.europesays.com\/fr\/wp-json\/wp\/v2\/posts\/335603\/revisions"}],"wp:featuredmedia":[{"embeddable":true,"href":"https:\/\/www.europesays.com\/fr\/wp-json\/wp\/v2\/media\/335604"}],"wp:attachment":[{"href":"https:\/\/www.europesays.com\/fr\/wp-json\/wp\/v2\/media?parent=335603"}],"wp:term":[{"taxonomy":"category","embeddable":true,"href":"https:\/\/www.europesays.com\/fr\/wp-json\/wp\/v2\/categories?post=335603"},{"taxonomy":"post_tag","embeddable":true,"href":"https:\/\/www.europesays.com\/fr\/wp-json\/wp\/v2\/tags?post=335603"}],"curies":[{"name":"wp","href":"https:\/\/api.w.org\/{rel}","templated":true}]}}