{"id":335605,"date":"2025-08-22T06:49:12","date_gmt":"2025-08-22T06:49:12","guid":{"rendered":"https:\/\/www.europesays.com\/fr\/335605\/"},"modified":"2025-08-22T06:49:12","modified_gmt":"2025-08-22T06:49:12","slug":"royaume-uni-acceleration-surprise-de-lactivite-du-secteur-prive-en-aout","status":"publish","type":"post","link":"https:\/\/www.europesays.com\/fr\/335605\/","title":{"rendered":"Royaume-Uni: acc\u00e9l\u00e9ration surprise de l\u2019activit\u00e9 du secteur priv\u00e9 en ao\u00fbt"},"content":{"rendered":"<p>\n    Le PMI Flash publi\u00e9 par S&amp;P Global grimpe \u00e0 53, son rythme le plus \u00e9lev\u00e9 depuis un an. L\u2019\u00e9conomie britannique vient pourtant d\u2019enregistrer une croissance fragile de 0,3% au deuxi\u00e8me trimestre.\n  <\/p>\n<p>L\u2019activit\u00e9 du secteur priv\u00e9 a progress\u00e9 en ao\u00fbt au Royaume-Uni \u00e0 son rythme le plus \u00e9lev\u00e9 depuis un an, une dynamique inattendue port\u00e9e par les services, selon l\u2019indice PMI Flash publi\u00e9 jeudi par S&amp;P Global, qui insiste cependant sur la fragilit\u00e9 de l\u2019environnement \u00e9conomique.<\/p>\n<p>Cet indicateur de croissance de r\u00e9f\u00e9rence s\u2019est port\u00e9 \u00e0 53 en ao\u00fbt, un chiffre sup\u00e9rieur aux anticipations des analystes compil\u00e9es par Bloomberg, apr\u00e8s avoir atteint 51,5 en juillet ; un indice sup\u00e9rieur \u00e0 50 signifie une expansion \u00e9conomique.<\/p>\n<p>\u00abLe secteur des services a \u00e9t\u00e9 le moteur de cette expansion, mais l\u2019industrie manufacturi\u00e8re a \u00e9galement montr\u00e9 de nouveaux signes de stabilisation\u00bb, souligne Chris Williamson \u00e9conomiste de S&amp;P Global.<\/p>\n<p>Une telle vigueur constitue une surprise pour les analystes, le Royaume-Uni venant d\u2019enregistrer une croissance fragile de 0,3% au deuxi\u00e8me trimestre.<\/p>\n<p>Pour Matt Swannell, analyste chez EY Item Club, les r\u00e9sultats de cette enqu\u00eate doivent ainsi \u00eatre pris \u00abavec beaucoup de prudence\u00bb car \u00ables conditions \u00e9conomiques indiquent toujours une croissance faible\u00bb.<\/p>\n<p>\u00abL\u2019inflation augmente (+3,8% en juillet, ndlr) alors que la progression des salaires ralentit, la politique budg\u00e9taire se durcit (&#8230;) et l\u2019incertitude persiste\u00bb, rel\u00e8ve-t-il.<\/p>\n<p>\u00abNous restons tr\u00e8s sceptiques quant \u00e0 la durabilit\u00e9 de cette performance\u00bb, rench\u00e9rit Matthew Ryan, analyste chez Ebury.<\/p>\n<p>\u00abUn \u00e9t\u00e9 plus chaud que d\u2019ordinaire profite probablement au secteur des services, soutenant notamment le commerce de d\u00e9tail, le tourisme et l\u2019h\u00f4tellerie. Cependant, cela ne constituera probablement qu\u2019un sursaut temporaire\u00bb, d\u00e9veloppe-t-il, disant s\u2019attendre \u00ab\u00e0 un ralentissement de la croissance\u00bb d\u2019ici la fin de l\u2019ann\u00e9e.<\/p>\n<p>L\u2019enqu\u00eate de S&amp;P Global montre que les entreprises restent pr\u00e9occup\u00e9es par l\u2019incertitude g\u00e9opolitique, entre guerre commerciale et conflits en Ukraine et au Moyen-Orient, ainsi que par l\u2019impact des r\u00e9centes mesures gouvernementales, notamment la hausse des cotisations patronales entr\u00e9e en vigueur en avril.<\/p>\n<p>Ces inqui\u00e9tudes pourraient s\u2019accentuer avec la perspective de nouvelles hausses d\u2019imp\u00f4ts \u00e0 l\u2019automne, lors de la pr\u00e9sentation du budget par la ministre des Finances, Rachel Reeves.<\/p>\n<p>Malgr\u00e9 des emprunts inf\u00e9rieurs aux pr\u00e9visions en juillet, les analystes jugent ces hausses in\u00e9vitables pour assurer l\u2019\u00e9quilibre du budget britannique.<\/p>\n","protected":false},"excerpt":{"rendered":"Le PMI Flash publi\u00e9 par S&amp;P Global grimpe \u00e0 53, son rythme le plus \u00e9lev\u00e9 depuis un an.&hellip;\n","protected":false},"author":2,"featured_media":335606,"comment_status":"","ping_status":"","sticky":false,"template":"","format":"standard","meta":{"footnotes":""},"categories":[1588],"tags":[11,1777,674,12,473,1853,1851,1850,1852],"class_list":{"0":"post-335605","1":"post","2":"type-post","3":"status-publish","4":"format-standard","5":"has-post-thumbnail","7":"category-royaume-uni","8":"tag-actualites","9":"tag-eu","10":"tag-europe","11":"tag-news","12":"tag-royaume-uni","13":"tag-royaume-uni-de-grande-bretagne-et-dirlande-du-nord","14":"tag-uk","15":"tag-united-kingdom","16":"tag-united-kingdom-of-great-britain-and-northern-ireland"},"share_on_mastodon":{"url":"https:\/\/pubeurope.com\/@fr\/115071088350209474","error":""},"_links":{"self":[{"href":"https:\/\/www.europesays.com\/fr\/wp-json\/wp\/v2\/posts\/335605","targetHints":{"allow":["GET"]}}],"collection":[{"href":"https:\/\/www.europesays.com\/fr\/wp-json\/wp\/v2\/posts"}],"about":[{"href":"https:\/\/www.europesays.com\/fr\/wp-json\/wp\/v2\/types\/post"}],"author":[{"embeddable":true,"href":"https:\/\/www.europesays.com\/fr\/wp-json\/wp\/v2\/users\/2"}],"replies":[{"embeddable":true,"href":"https:\/\/www.europesays.com\/fr\/wp-json\/wp\/v2\/comments?post=335605"}],"version-history":[{"count":0,"href":"https:\/\/www.europesays.com\/fr\/wp-json\/wp\/v2\/posts\/335605\/revisions"}],"wp:featuredmedia":[{"embeddable":true,"href":"https:\/\/www.europesays.com\/fr\/wp-json\/wp\/v2\/media\/335606"}],"wp:attachment":[{"href":"https:\/\/www.europesays.com\/fr\/wp-json\/wp\/v2\/media?parent=335605"}],"wp:term":[{"taxonomy":"category","embeddable":true,"href":"https:\/\/www.europesays.com\/fr\/wp-json\/wp\/v2\/categories?post=335605"},{"taxonomy":"post_tag","embeddable":true,"href":"https:\/\/www.europesays.com\/fr\/wp-json\/wp\/v2\/tags?post=335605"}],"curies":[{"name":"wp","href":"https:\/\/api.w.org\/{rel}","templated":true}]}}